{"id":141776,"date":"2026-05-02T08:54:17","date_gmt":"2026-05-02T08:54:17","guid":{"rendered":"https:\/\/rdnews.al\/?p=141776"},"modified":"2026-05-02T08:54:17","modified_gmt":"2026-05-02T08:54:17","slug":"berisha-shqiperia-ne-epiqender-te-samitit-te-idu-rezolute-per-gjendjen-alarmante-nen-regjimin-e-rames","status":"publish","type":"post","link":"https:\/\/rdnews.al\/index.php\/2026\/05\/02\/berisha-shqiperia-ne-epiqender-te-samitit-te-idu-rezolute-per-gjendjen-alarmante-nen-regjimin-e-rames\/","title":{"rendered":"Berisha: Shqip\u00ebria n\u00eb epiqend\u00ebr t\u00eb samitit t\u00eb IDU, rezolut\u00eb p\u00ebr gjendjen alarmante n\u00ebn regjimin e Ram\u00ebs"},"content":{"rendered":"<p><em>Kryetari i Partis\u00eb Demokratike, Sali Berisha gjat\u00eb nj\u00eb intervist\u00eb dh\u00ebn\u00eb p\u00ebr gazetarin Klajdi Bodlli, nga Zagrebi ku mori pjes\u00eb n\u00eb samitin e IDU-s\u00eb, Bashkimit Demokratik Nd\u00ebrkomb\u00ebtar, u shpreh se K\u00ebshilli Ekzekutiv i k\u00ebtij institucioni mbajti mbledhjen e tij, ku Shqip\u00ebria zuri vendin qendror t\u00eb diskutimeve.<\/em><\/p>\n<p><em>Berisha, b\u00ebri me dije se mbledhja u hap me nj\u00eb rezolut\u00eb t\u00eb posa\u00e7me p\u00ebr gjendjen n\u00eb Shqip\u00ebri, rezoluta, e cila ka marr\u00eb mb\u00ebshtetjen unanime t\u00eb t\u00eb gjitha partive an\u00ebtare t\u00eb IDU-s\u00eb dhe q\u00eb trajton nj\u00eb s\u00ebr\u00eb \u00e7\u00ebshtjes q\u00eb shqet\u00ebsojn\u00eb vendin ton\u00eb.<\/em><\/p>\n<p><em>Kryetari i PD-s\u00eb Sali Berisha theksoi se tronditje t\u00eb ve\u00e7ant\u00eb shkaktoi denoncimi i prezantimit n\u00eb gjyq n\u00eb kafaz qelqi t\u00eb ish-kryeministrit dhe ish-presidentit Ilir Meta, duke e krahasuar gjendjen n\u00eb Shqip\u00ebri me at\u00eb t\u00eb vendeve m\u00eb diktatoriale t\u00eb Afrik\u00ebs.<\/em><\/p>\n<p><em>Gjat\u00eb intervist\u00ebs, kryetari i PD-s\u00eb Sali Berisha shprehu mir\u00ebnjohje t\u00eb ve\u00e7ant\u00eb ndaj presidentit Harper dhe kryeministrit Penkovi\u00e7 p\u00ebr mb\u00ebshtetjen dhe pritjen e treguar, duke njoftuar gjithashtu zgjerim t\u00eb bashk\u00ebpunimit bilateral me partit\u00eb mike nd\u00ebrkomb\u00ebtare.<\/em><\/p>\n<p><strong>Prononcimi i kryetarit t\u00eb PD-s\u00eb, Sali Berisha:<\/strong><\/p>\n<p><strong>Klajdi Bodlli: Zoti Berisha dit\u00ebn e sotme (djeshme), u mblodh K\u00ebshilli ekzekutiv i IDU-s\u00eb. \u00c7far\u00eb u diskutua dhe \u00e7far\u00eb vendimesh u mor\u00ebn n\u00eb dit\u00ebn e sotme (djeshme)<\/strong>?<\/p>\n<p><strong>Sali Berisha:<\/strong>\u00a0P\u00ebrs\u00ebri sot (dje), Shqip\u00ebria ishte n\u00eb epiqend\u00ebr t\u00eb v\u00ebmendjes, mund ta themi, t\u00eb ekzekutivit t\u00eb IDU-s\u00eb, q\u00eb p\u00ebrb\u00ebhet nga kryesia dhe p\u00ebrfaq\u00ebsuesit, kryetar\u00ebt e t\u00eb gjitha partive an\u00ebtare.<\/p>\n<p>Mund t\u00eb them se mbledhja u \u00e7el, nisi me nj\u00eb rezolut\u00eb p\u00ebr gjendjen alarmante n\u00eb Shqip\u00ebri nga regjimi autokratik i Edi Ram\u00ebs. Kjo rezolut\u00eb, e cila mori mb\u00ebshtetjen e plot\u00eb t\u00eb t\u00eb gjitha forcave politike an\u00ebtare t\u00eb EDU-s\u00eb, trajton probleme madhore t\u00eb Shqip\u00ebris\u00eb, trajton gjer\u00ebsisht fars\u00ebn elektorale, kapjen totale t\u00eb shtetit nga krimi, banda dhe kartelet e drog\u00ebs, p\u00ebrqendrimin e t\u00eb gjitha pushteteve n\u00eb duart e nj\u00eb njeriu, bllokimin e luft\u00ebs kund\u00ebr korrupsionit, ngadal\u00ebsimin e proceseve t\u00eb integrimit, p\u00ebr k\u00ebto shkaqe, mburoj\u00ebn e ngritur ndaj prokuroris\u00eb speciale dhe sistemit t\u00eb drejt\u00ebsis\u00eb p\u00ebr vjedhjet dhe shp\u00ebrdorimet e minist\u00ebr, Edi Ram\u00ebs dhe ministrave t\u00eb tij, lidhjet e niveleve m\u00eb t\u00eb larta t\u00eb karteleve t\u00eb drog\u00ebs dhe krimit me qeveritar\u00ebt, shnd\u00ebrrimin e Shqip\u00ebris\u00eb n\u00eb nj\u00eb parajs\u00eb p\u00ebr kartelet e drog\u00ebs, organizatat kriminale dhe bandat, nd\u00ebrkoh\u00eb n\u00eb nj\u00eb vend t\u00eb pajetuesh\u00ebm, q\u00eb braktiset masivisht nga shqiptar\u00ebt.<\/p>\n<p>Edhe nj\u00ebher\u00eb, shpreh mir\u00ebnjohjen m\u00eb t\u00eb madhe, t\u00eb pakufishme, ndaj presidentit Harper, ndaj t\u00eb gjith\u00eb miqve dhe kryetar\u00ebve t\u00eb partive t\u00eb EDU-s\u00eb p\u00ebr k\u00ebt\u00eb mb\u00ebshtetje t\u00eb plot\u00eb q\u00eb i dhan\u00eb dhe mund t\u00eb themi edhe nj\u00ebher\u00eb q\u00eb mbledhja kryesore, q\u00eb \u00ebsht\u00eb samiti i k\u00ebtij samiti, u \u00e7el me rezolut\u00ebn p\u00ebr Shqip\u00ebrin\u00eb.<\/p>\n<p>Pati, sigurisht, rezoluta t\u00eb tjera p\u00ebr Tanzanin\u00eb, p\u00ebr Iranin, por ajo q\u00eb ishte specifike, sepse Shqip\u00ebria, nj\u00eblloj si Tanzania, nj\u00eblloj si vendet m\u00eb t\u00eb diktatoriale t\u00eb Afrik\u00ebs, \u00ebsht\u00eb vend i t\u00eb burgosurve politik\u00eb, i t\u00eb p\u00ebrndjekurve politik\u00eb, tronditje krijoi, krijoi denoncimi q\u00eb ne b\u00ebm\u00eb i paraqitjes n\u00eb sall\u00ebn e gjyqit n\u00eb kafaz t\u00eb qelqt\u00eb i ish-kryeministrit, ish-presidentit dhe ish-kryetarit t\u00eb parlamentit t\u00eb vendit, Ilir Meta.<\/p>\n<p>Pra, ishte nj\u00eb samit jasht\u00ebzakonisht i r\u00ebnd\u00ebsish\u00ebm p\u00ebr Shqip\u00ebrin\u00eb, p\u00ebr opozit\u00ebn shqiptare dhe p\u00ebr shqiptar\u00ebt. Nd\u00ebrkoh\u00eb, mund t\u00eb them se punimet dy, tre ditore, tre ditore t\u00eb k\u00ebtij samiti t\u00eb, \u00ebh, IDU-s\u00eb, ishin p\u00ebrs\u00ebri shum\u00eb t\u00eb dobishme.<\/p>\n<p>Un\u00eb isha n\u00eb nj\u00eb panel kushtuar zgjerimit dhe n\u00eb k\u00ebt\u00eb panel kushtuar zgjerimit, un\u00eb pata mund\u00ebsi t\u00eb ekspozoj plot\u00ebsisht problemet madhore me t\u00eb cilat haset procesi i zgjerimit n\u00eb Shqip\u00ebri dhe n\u00eb rajon.<\/p>\n<p>Theksova se farsa elektorale, p\u00ebrqendrimi i t\u00eb gjitha pushteteve n\u00eb nj\u00eb dor\u00eb, p\u00ebrcaktimi i rezultateve t\u00eb zgjedhjeve nga kartelet e drog\u00ebs dhe organizatat kriminale, bllokimi i sistemit t\u00eb drejt\u00ebsis\u00eb, mbrojtja e Ballukut, AKSHI-t dhe afera t\u00eb tjera, por edhe nismat aberative, Tiran\u00eb-Beograd, duke filluar q\u00eb nga ndryshimi i kufijve dhe ndarja e Kosov\u00ebs, duke vazhduar me Ballkanin e Hapur dhe tani s\u00eb fundi me letr\u00ebn e publikuar nga binomi, Vu\u00e7i\u00e7-Rama p\u00ebr t\u00eb k\u00ebrkuar jo an\u00ebtar\u00ebsim t\u00eb plot\u00eb dhe dinjitoz, por t\u00eb dor\u00ebs s\u00eb dyt\u00eb, pra vet\u00ebm tregti t\u00eb lir\u00eb dhe l\u00ebvizje t\u00eb lir\u00eb, jan\u00eb faktor\u00eb jasht\u00ebzakonisht negativ\u00eb n\u00eb procesin e zgjerimit t\u00eb Bashkimit Evropian n\u00eb rajonin ton\u00eb.<\/p>\n<p>Sikund\u00ebr garantova se Partia Demokratike ka qen\u00eb dhe mbetet nj\u00eb promotor i fuqish\u00ebm i proceseve t\u00eb integrimit evropian. Jam njoftuar dhe kam patur, kemi patur takime t\u00eb vazhdueshme, edhe nj\u00ebher\u00eb mir\u00ebnjohjen m\u00eb t\u00eb thell\u00eb kryeministrit Plenkovi\u00e7 p\u00ebr pritjen e p\u00ebrzem\u00ebrt.<\/p>\n<p>N\u00eb takimin e p\u00ebrzem\u00ebrt q\u00eb organizoi, pritjen e p\u00ebrzem\u00ebrt q\u00eb shtroi mbr\u00ebm\u00eb p\u00ebr t\u00eb gjith\u00eb delegacionet, presidentit Harper, p\u00ebr kujdesin e ve\u00e7ant\u00eb q\u00eb tregoi dhe interesin e ve\u00e7ant\u00eb q\u00eb tregoi p\u00ebr Shqip\u00ebrin\u00eb, takime t\u00eb tjera me kryetar\u00ebt e partive, me ministra t\u00eb jasht\u00ebm, takime n\u00eb t\u00eb cilat ne ram\u00eb dakord q\u00eb t\u00eb t\u00eb zgjerojm\u00eb bashk\u00ebpunimin bilateral dhe n\u00eb kuadrin e k\u00ebsaj organizate multi, multilaterale n\u00eb interesin m\u00eb t\u00eb mir\u00eb t\u00eb opozit\u00ebs shqiptare.<\/p>\n<p>Faleminderit!<\/p>\n","protected":false},"excerpt":{"rendered":"<p>Kryetari i Partis\u00eb Demokratike, Sali Berisha gjat\u00eb nj\u00eb intervist\u00eb dh\u00ebn\u00eb p\u00ebr gazetarin Klajdi Bodlli, nga Zagrebi ku mori pjes\u00eb n\u00eb samitin e IDU-s\u00eb, Bashkimit Demokratik Nd\u00ebrkomb\u00ebtar, u shpreh se K\u00ebshilli Ekzekutiv i k\u00ebtij institucioni mbajti mbledhjen e tij, ku Shqip\u00ebria zuri vendin qendror t\u00eb diskutimeve. Berisha, b\u00ebri me dije se mbledhja u hap me nj\u00eb &hellip;<\/p>\n","protected":false},"author":4,"featured_media":141777,"comment_status":"closed","ping_status":"closed","sticky":false,"template":"","format":"standard","meta":{"footnotes":""},"categories":[37],"tags":[],"class_list":["post-141776","post","type-post","status-publish","format-standard","has-post-thumbnail","","category-politike"],"_links":{"self":[{"href":"https:\/\/rdnews.al\/index.php\/wp-json\/wp\/v2\/posts\/141776","targetHints":{"allow":["GET"]}}],"collection":[{"href":"https:\/\/rdnews.al\/index.php\/wp-json\/wp\/v2\/posts"}],"about":[{"href":"https:\/\/rdnews.al\/index.php\/wp-json\/wp\/v2\/types\/post"}],"author":[{"embeddable":true,"href":"https:\/\/rdnews.al\/index.php\/wp-json\/wp\/v2\/users\/4"}],"replies":[{"embeddable":true,"href":"https:\/\/rdnews.al\/index.php\/wp-json\/wp\/v2\/comments?post=141776"}],"version-history":[{"count":2,"href":"https:\/\/rdnews.al\/index.php\/wp-json\/wp\/v2\/posts\/141776\/revisions"}],"predecessor-version":[{"id":141779,"href":"https:\/\/rdnews.al\/index.php\/wp-json\/wp\/v2\/posts\/141776\/revisions\/141779"}],"wp:featuredmedia":[{"embeddable":true,"href":"https:\/\/rdnews.al\/index.php\/wp-json\/wp\/v2\/media\/141777"}],"wp:attachment":[{"href":"https:\/\/rdnews.al\/index.php\/wp-json\/wp\/v2\/media?parent=141776"}],"wp:term":[{"taxonomy":"category","embeddable":true,"href":"https:\/\/rdnews.al\/index.php\/wp-json\/wp\/v2\/categories?post=141776"},{"taxonomy":"post_tag","embeddable":true,"href":"https:\/\/rdnews.al\/index.php\/wp-json\/wp\/v2\/tags?post=141776"}],"curies":[{"name":"wp","href":"https:\/\/api.w.org\/{rel}","templated":true}]}}