{"id":141798,"date":"2026-05-02T10:52:20","date_gmt":"2026-05-02T10:52:20","guid":{"rendered":"https:\/\/rdnews.al\/?p=141798"},"modified":"2026-05-02T10:52:20","modified_gmt":"2026-05-02T10:52:20","slug":"berisha-pd-eshte-parti-e-hapur-nuk-mund-ta-marre-edi-rama-salianji-e-shiti-veten-ne-burg","status":"publish","type":"post","link":"https:\/\/rdnews.al\/index.php\/2026\/05\/02\/berisha-pd-eshte-parti-e-hapur-nuk-mund-ta-marre-edi-rama-salianji-e-shiti-veten-ne-burg\/","title":{"rendered":"Berisha: PD \u00ebsht\u00eb parti e hapur, nuk mund ta marr\u00eb Edi Rama! Salianji e shiti veten n\u00eb burg&#8230;"},"content":{"rendered":"<p><strong>Politiko.al: A po e \u00e7on PD-n\u00eb drejt gjykatave mungesa e gar\u00ebs brenda partis\u00eb duke u nisur nga fakti se kandidat\u00eb si Evi Kokalari kan\u00eb paralajm\u00ebruar padi, nd\u00ebrsa Ervin Salianji dhe Mereme Sela kan\u00eb kund\u00ebrshtuar publikisht skualifikimin e tyre dhe a rrezikon kjo t\u00eb minoj\u00eb besimin tek procesi p\u00ebr kreun e partis\u00eb?<\/strong><\/p>\n<p><strong>Sali Berisha:<\/strong> PD \u00ebsht\u00eb parti e hapur, nuk mund ta marr\u00eb kush. U p\u00ebrpoq\u00ebn p\u00ebr ta marr\u00eb.<br \/>\nUn\u00eb i them portalit se k\u00ebt\u00eb parti, Edi Rama nuk mund ta marr\u00eb kush me kandidatura t\u00eb shtira.<br \/>\nSe Ervin Salianji, e kam shpjeguar dhe e shpjegoj p\u00ebrs\u00ebri, u shpall i burgosur politik sepse ishte p\u00ebr koh\u00ebn q\u00eb q\u00ebndroi n\u00eb burg, por n\u00eb burg e shiti veten.<br \/>\nTani nuk do p\u00ebrs\u00ebris problemet e tij se i kam th\u00ebn\u00eb.<br \/>\nN\u00eb burg, ai u bir\u00ebsua nga P\u00ebllumb Gjoka dhe Oltion Bistri. Sapo doli, ai ishte n\u00eb shoq\u00ebrin\u00eb e vazhdueshme t\u00eb Ergys Agasit.<br \/>\nDhe, p\u00ebr portalin q\u00eb pyet, i them, pik\u00ebrisht momentin kur plasi skandali Balluku, ky filloi xhiron p\u00ebr t\u00eb sfumuar zhurm\u00ebn, p\u00ebr t\u00eb krijuar nj\u00eb vat\u00ebr tjet\u00ebr debati.<br \/>\nDhe nj\u00ebher\u00eb, ata q\u00eb kan\u00eb mbajtur q\u00ebndrim, ata q\u00eb p\u00ebrfaq\u00ebsojn\u00eb pushtetin, lidhjet me pushtetin, ata t\u00eb cil\u00ebt kan\u00eb qen\u00eb kund\u00ebr PD n\u00eb fushat\u00eb elektorale, ata nuk kan\u00eb dhe nuk do ken\u00eb vend ndonj\u00ebher\u00eb n\u00eb PD.<br \/>\nNuk e kam k\u00ebtu p\u00ebr zonj\u00ebn Sela, nuk e di se nuk e njoh, \u00ebsht\u00eb hera e par\u00eb q\u00eb ia kisha d\u00ebgjuar emrin, dhe natyrisht gara ka disa kritere. Gara p\u00ebr kryetar t\u00eb PD, kudo n\u00eb bot\u00eb, ka kritere dhe n\u00eb Shqip\u00ebri ka kritere.<\/p>\n","protected":false},"excerpt":{"rendered":"<p>Politiko.al: A po e \u00e7on PD-n\u00eb drejt gjykatave mungesa e gar\u00ebs brenda partis\u00eb duke u nisur nga fakti se kandidat\u00eb si Evi Kokalari kan\u00eb paralajm\u00ebruar padi, nd\u00ebrsa Ervin Salianji dhe Mereme Sela kan\u00eb kund\u00ebrshtuar publikisht skualifikimin e tyre dhe a rrezikon kjo t\u00eb minoj\u00eb besimin tek procesi p\u00ebr kreun e partis\u00eb? Sali Berisha: PD \u00ebsht\u00eb &hellip;<\/p>\n","protected":false},"author":4,"featured_media":141799,"comment_status":"closed","ping_status":"closed","sticky":false,"template":"","format":"standard","meta":{"footnotes":""},"categories":[37],"tags":[],"class_list":["post-141798","post","type-post","status-publish","format-standard","has-post-thumbnail","","category-politike"],"_links":{"self":[{"href":"https:\/\/rdnews.al\/index.php\/wp-json\/wp\/v2\/posts\/141798","targetHints":{"allow":["GET"]}}],"collection":[{"href":"https:\/\/rdnews.al\/index.php\/wp-json\/wp\/v2\/posts"}],"about":[{"href":"https:\/\/rdnews.al\/index.php\/wp-json\/wp\/v2\/types\/post"}],"author":[{"embeddable":true,"href":"https:\/\/rdnews.al\/index.php\/wp-json\/wp\/v2\/users\/4"}],"replies":[{"embeddable":true,"href":"https:\/\/rdnews.al\/index.php\/wp-json\/wp\/v2\/comments?post=141798"}],"version-history":[{"count":2,"href":"https:\/\/rdnews.al\/index.php\/wp-json\/wp\/v2\/posts\/141798\/revisions"}],"predecessor-version":[{"id":141801,"href":"https:\/\/rdnews.al\/index.php\/wp-json\/wp\/v2\/posts\/141798\/revisions\/141801"}],"wp:featuredmedia":[{"embeddable":true,"href":"https:\/\/rdnews.al\/index.php\/wp-json\/wp\/v2\/media\/141799"}],"wp:attachment":[{"href":"https:\/\/rdnews.al\/index.php\/wp-json\/wp\/v2\/media?parent=141798"}],"wp:term":[{"taxonomy":"category","embeddable":true,"href":"https:\/\/rdnews.al\/index.php\/wp-json\/wp\/v2\/categories?post=141798"},{"taxonomy":"post_tag","embeddable":true,"href":"https:\/\/rdnews.al\/index.php\/wp-json\/wp\/v2\/tags?post=141798"}],"curies":[{"name":"wp","href":"https:\/\/api.w.org\/{rel}","templated":true}]}}