{"id":14207,"date":"2022-06-03T16:07:30","date_gmt":"2022-06-03T16:07:30","guid":{"rendered":"https:\/\/rdnews.al\/?p=14207"},"modified":"2022-06-03T16:08:30","modified_gmt":"2022-06-03T16:08:30","slug":"berisha-te-mblidhen-me-urgjence-kryesite-dhe-grupseksionet-e-pd","status":"publish","type":"post","link":"https:\/\/rdnews.al\/index.php\/2022\/06\/03\/berisha-te-mblidhen-me-urgjence-kryesite-dhe-grupseksionet-e-pd\/","title":{"rendered":"Berisha: T\u00eb mblidhen me urgjenc\u00eb kryesit\u00eb dhe grupseksionet e PD!"},"content":{"rendered":"<p>Kryetari i Partis\u00eb Demokratike, Sali Berisha k\u00ebrkoi n\u00eb fjal\u00ebn e tij gjat\u00eb mbledhjes s\u00eb K\u00ebshillit Komb\u00ebtar, t\u00eb nisin mbledhjet e kryesive t\u00eb deg\u00ebve lokale dhe grupseksionet, p\u00ebr t\u00eb diskutuar situat\u00ebn n\u00eb t\u00eb cil\u00ebn ndodhet vendi.<\/p>\n<p>Gjithashtu, Berisha foli edhe p\u00ebr zgjedhjen e presidentit t\u00eb ri, institucion i cili nga dita e shtun\u00eb do t\u00eb jet\u00eb n\u00ebn kontrollin e Edi Ram\u00ebs.<\/p>\n<p>P\u00ebrpara an\u00ebtar\u00ebve t\u00eb K\u00ebshillit Komb\u00ebtar t\u00eb PD, Berisha tha se Rama do t\u00eb zgjedh\u00eb nes\u00ebr kukull\u00ebn e tij, duke shtuar se kryeministri ka sht\u00ebn\u00eb n\u00eb dor\u00eb 100% t\u00eb pushtetit.<\/p>\n<p>&#8220;U b\u00ebj thirrje kryetar\u00ebve t\u00eb deg\u00ebve t\u00eb PD t\u00eb mbledhin me urgjenc\u00eb kryesit\u00eb, grupseksionet dhe t\u00eb zhvillojn\u00eb nj\u00eb debat t\u00eb hapur politik me to.<\/p>\n<p>Ne kemi sot nj\u00eb an\u00ebtar\u00ebsi me ideale t\u00eb larta, me pjekuri t\u00eb madhe politike, me p\u00ebrgjegj\u00ebsi t\u00eb madhe politike, t\u00eb gatshme p\u00ebr t&#8217;iu p\u00ebrgjigjur \u00e7do sfide.<\/p>\n<p>Nes\u00ebr Edi Rama firmos me votat e vjedhura pushtetin e tij 100% n\u00eb Shqip\u00ebri. Zgjedh kukull\u00ebn e tij. Pra, zhvillimet jan\u00eb dramatike. Por q\u00ebndrimi yn\u00eb duhet t\u00eb jet\u00eb gjithashtu m\u00eb i vendosuri, m\u00eb i fuqishmi q\u00eb kemi treguar ndonj\u00ebher\u00eb ndaj nj\u00eb regjimi armiq\u00ebsor, autokratik, t\u00eb inkriminuar nga i pari tek i fundit n\u00eb k\u00ebt\u00eb vend, si\u00e7 \u00ebsht\u00eb regjimi i Edi Ram\u00ebs.<\/p>\n<p>Un\u00eb kam besim t\u00eb madh tek an\u00ebtar\u00ebt dhe simpatizant\u00ebt tan\u00eb se s&#8217;do pranojn\u00eb kurr\u00eb k\u00ebt\u00eb pla\u00e7kitje t\u00eb paskrupullt, t\u00eb pangopshme t\u00eb qytetar\u00ebve shqiptar\u00eb, s&#8217;do pranojn\u00eb kurr\u00eb k\u00ebt\u00eb shkelmim para bot\u00ebs s\u00eb qytet\u00ebruar t\u00eb interesave jetike komb\u00ebtare t\u00eb shqiptar\u00ebve. Ata q\u00eb mohojn\u00eb gjenocidet jan\u00eb kriminel\u00eb, ata shkelin ligje komb\u00ebtare dhe nd\u00ebkromb\u00ebtare, ndaj dhe ne duhet t\u00eb ngrihemi sa m\u00eb shpejt, dhemb p\u00ebr dh\u00ebmb deri n\u00eb triumfin e interesit ton\u00eb komb\u00ebtare, t\u00eb vlerave demokratike.<\/p>\n<p>N\u00eb\u00a0k\u00ebto rrethana do t&#8217;i p\u00ebrgjigjemi me vendosm\u00ebrin\u00eb\u00a0m\u00eb\u00a0t\u00eb\u00a0madhe kushtrimit q\u00eb\u00a0buron sot nga shpirti, zemra e \u00e7do shqiptari atdhetar q\u00eb\u00a0e do k\u00ebt\u00eb\u00a0vend&#8221;,\u00a0u shpreh Berisha.<\/p>\n","protected":false},"excerpt":{"rendered":"<p>Kryetari i Partis\u00eb Demokratike, Sali Berisha k\u00ebrkoi n\u00eb fjal\u00ebn e tij gjat\u00eb mbledhjes s\u00eb K\u00ebshillit Komb\u00ebtar, t\u00eb nisin mbledhjet e kryesive t\u00eb deg\u00ebve lokale dhe grupseksionet, p\u00ebr t\u00eb diskutuar situat\u00ebn n\u00eb t\u00eb cil\u00ebn ndodhet vendi. Gjithashtu, Berisha foli edhe p\u00ebr zgjedhjen e presidentit t\u00eb ri, institucion i cili nga dita e shtun\u00eb do t\u00eb jet\u00eb &hellip;<\/p>\n","protected":false},"author":4,"featured_media":0,"comment_status":"open","ping_status":"open","sticky":false,"template":"","format":"standard","meta":{"footnotes":""},"categories":[37],"tags":[],"class_list":["post-14207","post","type-post","status-publish","format-standard","","category-politike"],"_links":{"self":[{"href":"https:\/\/rdnews.al\/index.php\/wp-json\/wp\/v2\/posts\/14207","targetHints":{"allow":["GET"]}}],"collection":[{"href":"https:\/\/rdnews.al\/index.php\/wp-json\/wp\/v2\/posts"}],"about":[{"href":"https:\/\/rdnews.al\/index.php\/wp-json\/wp\/v2\/types\/post"}],"author":[{"embeddable":true,"href":"https:\/\/rdnews.al\/index.php\/wp-json\/wp\/v2\/users\/4"}],"replies":[{"embeddable":true,"href":"https:\/\/rdnews.al\/index.php\/wp-json\/wp\/v2\/comments?post=14207"}],"version-history":[{"count":0,"href":"https:\/\/rdnews.al\/index.php\/wp-json\/wp\/v2\/posts\/14207\/revisions"}],"wp:attachment":[{"href":"https:\/\/rdnews.al\/index.php\/wp-json\/wp\/v2\/media?parent=14207"}],"wp:term":[{"taxonomy":"category","embeddable":true,"href":"https:\/\/rdnews.al\/index.php\/wp-json\/wp\/v2\/categories?post=14207"},{"taxonomy":"post_tag","embeddable":true,"href":"https:\/\/rdnews.al\/index.php\/wp-json\/wp\/v2\/tags?post=14207"}],"curies":[{"name":"wp","href":"https:\/\/api.w.org\/{rel}","templated":true}]}}