{"id":14596,"date":"2022-06-09T11:39:44","date_gmt":"2022-06-09T11:39:44","guid":{"rendered":"https:\/\/rdnews.al\/?p=14596"},"modified":"2022-06-09T11:39:44","modified_gmt":"2022-06-09T11:39:44","slug":"faleminderit-lavrovit-per-dy-te-vertetat-mbi-ballkanin-e-hapur","status":"publish","type":"post","link":"https:\/\/rdnews.al\/index.php\/2022\/06\/09\/faleminderit-lavrovit-per-dy-te-vertetat-mbi-ballkanin-e-hapur\/","title":{"rendered":"Faleminderit Lavrovit p\u00ebr dy t\u00eb v\u00ebrtetat mbi \u201cBallkanin e Hapur\u201d"},"content":{"rendered":"<p>Nga Shaban Murati <\/p>\n<p>Kortezia profesionale m\u00eb detyron t\u00eb falenderoj ministrin e jasht\u00ebm t\u00eb Rusis\u00eb, Sergej Lavrov p\u00ebr dy t\u00eb v\u00ebrteta mbi nism\u00ebn e \u201cBallkanit t\u00eb hapur\u201d, t\u00eb cilat i pohoi publikisht n\u00eb konferenc\u00ebn e tij t\u00eb shtypit n\u00eb 6 qershor 2020, dy t\u00eb v\u00ebrteta q\u00eb Tirana, Beogradi dhe Shkupi ia fshehin publikut.<\/p>\n<p>E v\u00ebrteta e par\u00eb \u00ebsht\u00eb se nisma \u201cBallkan i hapur\u201d \u00ebsht\u00eb projekt i presidentit serb Vu\u00e7i\u00e7. \u201cInisiator i projektit ekonomik rajonal \u201cBallkan i hapur\u201d \u00ebsht\u00eb presidenti i Serbis\u00eb Aleksand\u00ebr Vu\u00e7i\u00e7\u201d-deklaroi Lavrovi n\u00eb konferenc\u00ebn e shtypit.<\/p>\n<p>E v\u00ebrteta e dyt\u00eb \u00ebsht\u00eb se Rusia e ka mb\u00ebshtetur dhe e mb\u00ebshtet nism\u00ebn e presidentit serb \u201cBallkan i hapur\u201d.  \u201cNe shprehim p\u00ebrkrahje p\u00ebr inisiativ\u00ebn e Beogradit \u201cBallkan i hapur\u201d-deklaroi Lavrovi n\u00eb konferenc\u00ebn e shtypit.<\/p>\n<p>Jan\u00eb dy t\u00eb v\u00ebrteta t\u00eb thjeshta, q\u00eb marrin r\u00ebnd\u00ebsin\u00eb pse ai q\u00eb i pohon \u00ebsht\u00eb ministri i jasht\u00ebm i Rusis\u00eb, protektorja kryesore e Serbis\u00eb dhe aleati i saj i vet\u00ebm strategjik.<\/p>\n<p>Jan\u00eb dy t\u00eb v\u00ebrteta, q\u00eb marrin r\u00ebnd\u00ebsi se i pohoi Lavrovi dhe sepse krer\u00ebt e tre shteteve t\u00eb Ballkanit Per\u00ebndimor, q\u00eb i jan\u00eb bashkuar projektit serb, ia fshehin opinionit t\u00eb tyre.<\/p>\n<p>As presidenti i Serbis\u00eb, as kryeministri i Shqip\u00ebris\u00eb dhe as kryeministri i Maqedonis\u00eb s\u00eb Veriut, t\u00eb cil\u00ebt mblidhen n\u00eb dasm\u00ebn serbe t\u00eb 7 qershorit n\u00eb Oh\u00ebr, nuk guxuan t\u00eb p\u00ebrg\u00ebnjeshtrojn\u00eb dy t\u00eb v\u00ebrtetat, q\u00eb pohoi ministri i jasht\u00ebm rus.<\/p>\n<p>Ndjehem i detyruar ta falenderoj Lavrovin, sepse kam tre vjet q\u00eb u shpjegoj zyrave diplomatike dhe qeveritare n\u00eb Tiran\u00eb dhe opinionit publik t\u00eb vendit tim se \u201cBallkani i hapur\u201d \u00ebsht\u00eb projekt i presidentit Vu\u00e7i\u00e7 p\u00ebr integrimin serb t\u00eb Ballkanit Per\u00ebndimor.<\/p>\n<p>Kam tre vjet q\u00eb u shpjegoj se prapa nism\u00ebs serbe qendron fuqimisht Rusia, e cila e planifikon \u201cBallkanin e hapur\u201d si kund\u00ebrv\u00ebnie ndaj integrimit europian dhe atlantik.<\/p>\n<p>\u201cNATO dhe BE duan ta kthejn\u00eb Ballkanin n\u00eb projektin e tyre t\u00eb Ballkanit t\u00eb mbyllur\u201d,- deklaroi Lavrovi.<\/p>\n<p>N\u00eb interpretimin gjeopolitik rus integrimi euroatlantik quhet \u201cBallkan i mbyllur\u201d. Tani Serbia shpiku \u201cBallkanin e hapur\u201d p\u00ebr t\u2019ia hapur Ballkanin Rusis\u00eb.<\/p>\n<p>Pak dit\u00eb pas samitit themelues t\u00eb nism\u00ebs s\u00eb \u201cBallkanit t\u00eb hapur\u201d kam botuar n\u00eb 25.12 2019 n\u00eb gazet\u00ebn \u201cDita\u201d analiz\u00ebn me titull \u201cProjekti serb-nj\u00eb avantazh i ri gjeopolitik i Rusis\u00eb n\u00eb Ballkan\u201d. (Shih \u201cVet\u00ebvrasja diplomatike e Kosov\u00ebs dhe e Shqip\u00ebris\u00eb\u201d, fq. 185).<\/p>\n<p>P\u00ebr vet\u00eb projektin e presidentit serb kam t\u00ebrhequr v\u00ebmendjen qysh kur ai ishte n\u00eb embrion, me analiz\u00ebn \u201cJugosllavia ante portas\u201d, botuar n\u00eb 10.4.2017. (Shif \u201cKalvari diplomatik i shtetit t\u00eb Kosov\u00ebs\u201d, fq.214).<\/p>\n<p>Lavrovi ishte tep\u00ebr i pezmatuar q\u00eb nuk e lan\u00eb t\u00eb jet\u00eb n\u00eb 7 qershor n\u00eb Beograd dhe t\u2019i jepte udh\u00ebzimet e duhura presidentit serb p\u00ebr samitin e \u201cBallkanit t\u00eb hapur\u201d.<\/p>\n<p>Por nuk duhet t\u00eb m\u00ebrzitet aq shum\u00eb, sepse hija e tij do t\u00eb jet\u00eb e pranishme n\u00eb samit dhe do t\u00eb p\u00ebrfaq\u00ebsohet nga tre myteber\u00ebt e tre shteteve t\u00eb Ballkanit Per\u00ebndimor, t\u00eb cil\u00ebve iu duket sikur kulmi i kozmopolitizmit n\u00eb koh\u00ebn e sotme \u00ebsht\u00eb integrimi serb.<\/p>\n","protected":false},"excerpt":{"rendered":"<p>Nga Shaban Murati Kortezia profesionale m\u00eb detyron t\u00eb falenderoj ministrin e jasht\u00ebm t\u00eb Rusis\u00eb, Sergej Lavrov p\u00ebr dy t\u00eb v\u00ebrteta mbi nism\u00ebn e \u201cBallkanit t\u00eb hapur\u201d, t\u00eb cilat i pohoi publikisht n\u00eb konferenc\u00ebn e tij t\u00eb shtypit n\u00eb 6 qershor 2020, dy t\u00eb v\u00ebrteta q\u00eb Tirana, Beogradi dhe Shkupi ia fshehin publikut. E v\u00ebrteta e &hellip;<\/p>\n","protected":false},"author":5,"featured_media":14597,"comment_status":"open","ping_status":"open","sticky":false,"template":"","format":"standard","meta":{"footnotes":""},"categories":[44],"tags":[],"class_list":["post-14596","post","type-post","status-publish","format-standard","has-post-thumbnail","","category-editorial"],"_links":{"self":[{"href":"https:\/\/rdnews.al\/index.php\/wp-json\/wp\/v2\/posts\/14596","targetHints":{"allow":["GET"]}}],"collection":[{"href":"https:\/\/rdnews.al\/index.php\/wp-json\/wp\/v2\/posts"}],"about":[{"href":"https:\/\/rdnews.al\/index.php\/wp-json\/wp\/v2\/types\/post"}],"author":[{"embeddable":true,"href":"https:\/\/rdnews.al\/index.php\/wp-json\/wp\/v2\/users\/5"}],"replies":[{"embeddable":true,"href":"https:\/\/rdnews.al\/index.php\/wp-json\/wp\/v2\/comments?post=14596"}],"version-history":[{"count":0,"href":"https:\/\/rdnews.al\/index.php\/wp-json\/wp\/v2\/posts\/14596\/revisions"}],"wp:featuredmedia":[{"embeddable":true,"href":"https:\/\/rdnews.al\/index.php\/wp-json\/wp\/v2\/media\/14597"}],"wp:attachment":[{"href":"https:\/\/rdnews.al\/index.php\/wp-json\/wp\/v2\/media?parent=14596"}],"wp:term":[{"taxonomy":"category","embeddable":true,"href":"https:\/\/rdnews.al\/index.php\/wp-json\/wp\/v2\/categories?post=14596"},{"taxonomy":"post_tag","embeddable":true,"href":"https:\/\/rdnews.al\/index.php\/wp-json\/wp\/v2\/tags?post=14596"}],"curies":[{"name":"wp","href":"https:\/\/api.w.org\/{rel}","templated":true}]}}