{"id":14600,"date":"2022-06-09T11:45:19","date_gmt":"2022-06-09T11:45:19","guid":{"rendered":"https:\/\/rdnews.al\/?p=14600"},"modified":"2022-06-09T11:45:19","modified_gmt":"2022-06-09T11:45:19","slug":"rama-do-te-mbahet-mend-si-nje-brumbull-i-zi-as-qe-i-plas-fare-per-shqiperine","status":"publish","type":"post","link":"https:\/\/rdnews.al\/index.php\/2022\/06\/09\/rama-do-te-mbahet-mend-si-nje-brumbull-i-zi-as-qe-i-plas-fare-per-shqiperine\/","title":{"rendered":"Rama do t\u00eb mbahet mend si nj\u00eb brumbull i zi, as q\u00eb i plas fare p\u00ebr Shqip\u00ebrin\u00eb!"},"content":{"rendered":"<p><strong>Nga Balil GJINI<\/strong><\/p>\n<p>Sjelljet e Ram\u00ebs po b\u00ebhen gjithnj\u00eb e m\u00eb shum\u00eb patologjike, narciziste. As q\u00eb i plas fare p\u00ebr Shqip\u00ebrin\u00eb, Evrop\u00ebn, etj, sepse ai do ve\u00e7 egon e vet. Dje n\u00eb Oh\u00ebr, p\u00ebrmes nj\u00eb rr\u00ebkez\u00eb ligj\u00ebrimi gjith\u00eb llum e shkum\u00eb epileptike, duke nakatosur s\u00eb bashku t\u00eb folur\u00ebn popullore (dasm\u00eb, nuse, dh\u00ebnd\u00ebrr etj), dhe t\u00eb folur\u00ebn krenos\u00ebse t\u00eb nj\u00eb gangsteri provincial (n\u00eb fillim i admiroja njer\u00ebzit e Brukselit, tani duhet t\u00eb m\u00eb admirojn\u00eb ata mua), tregoi fare qasht\u00ebr se lokomotiva e fantazis\u00eb s\u00eb tij ka dal\u00eb nga shinat.<\/p>\n<p>Rama i ka marr\u00eb votat p\u00ebr t\u00eb vepruar dhe jo p\u00ebr t\u00eb ligj\u00ebruar. Vendi yn\u00eb \u00ebsht\u00eb mbytur nga krimi, korrupsioni, hajnia. Ne e dim\u00eb se brumbujt, me kthetrat e tyre, e gdhendin mjaft artistikisht materialin me t\u00eb cilin punojn\u00eb. E p\u00ebrsosin, e l\u00ebmojn\u00eb, gjersa t\u00eb rrumbullakoset n\u00eb m\u00ebnyr\u00eb perfekte. Por, ajme, se ky material quhet bajg\u00eb. Rama do t\u00eb mbahet mend si nj\u00eb brumbull i zi q\u00eb k\u00ebrkoi t&#8217;iu jepte form\u00eb artistike bajgave t\u00eb qeverisjes s\u00eb tij.<\/p>\n","protected":false},"excerpt":{"rendered":"<p>Nga Balil GJINI Sjelljet e Ram\u00ebs po b\u00ebhen gjithnj\u00eb e m\u00eb shum\u00eb patologjike, narciziste. As q\u00eb i plas fare p\u00ebr Shqip\u00ebrin\u00eb, Evrop\u00ebn, etj, sepse ai do ve\u00e7 egon e vet. Dje n\u00eb Oh\u00ebr, p\u00ebrmes nj\u00eb rr\u00ebkez\u00eb ligj\u00ebrimi gjith\u00eb llum e shkum\u00eb epileptike, duke nakatosur s\u00eb bashku t\u00eb folur\u00ebn popullore (dasm\u00eb, nuse, dh\u00ebnd\u00ebrr etj), dhe t\u00eb &hellip;<\/p>\n","protected":false},"author":4,"featured_media":0,"comment_status":"open","ping_status":"open","sticky":false,"template":"","format":"standard","meta":{"footnotes":""},"categories":[44],"tags":[],"class_list":["post-14600","post","type-post","status-publish","format-standard","","category-editorial"],"_links":{"self":[{"href":"https:\/\/rdnews.al\/index.php\/wp-json\/wp\/v2\/posts\/14600","targetHints":{"allow":["GET"]}}],"collection":[{"href":"https:\/\/rdnews.al\/index.php\/wp-json\/wp\/v2\/posts"}],"about":[{"href":"https:\/\/rdnews.al\/index.php\/wp-json\/wp\/v2\/types\/post"}],"author":[{"embeddable":true,"href":"https:\/\/rdnews.al\/index.php\/wp-json\/wp\/v2\/users\/4"}],"replies":[{"embeddable":true,"href":"https:\/\/rdnews.al\/index.php\/wp-json\/wp\/v2\/comments?post=14600"}],"version-history":[{"count":0,"href":"https:\/\/rdnews.al\/index.php\/wp-json\/wp\/v2\/posts\/14600\/revisions"}],"wp:attachment":[{"href":"https:\/\/rdnews.al\/index.php\/wp-json\/wp\/v2\/media?parent=14600"}],"wp:term":[{"taxonomy":"category","embeddable":true,"href":"https:\/\/rdnews.al\/index.php\/wp-json\/wp\/v2\/categories?post=14600"},{"taxonomy":"post_tag","embeddable":true,"href":"https:\/\/rdnews.al\/index.php\/wp-json\/wp\/v2\/tags?post=14600"}],"curies":[{"name":"wp","href":"https:\/\/api.w.org\/{rel}","templated":true}]}}