{"id":14624,"date":"2022-06-09T16:48:57","date_gmt":"2022-06-09T16:48:57","guid":{"rendered":"https:\/\/rdnews.al\/?p=14624"},"modified":"2022-06-09T16:48:57","modified_gmt":"2022-06-09T16:48:57","slug":"ky-parlament-funksionon-si-dyqani-personal-i-lindes-rama-shnderroi-tiranen-ne-beogradin-e-vogel","status":"publish","type":"post","link":"https:\/\/rdnews.al\/index.php\/2022\/06\/09\/ky-parlament-funksionon-si-dyqani-personal-i-lindes-rama-shnderroi-tiranen-ne-beogradin-e-vogel\/","title":{"rendered":"Ky Parlament funksionon si dyqani personal i Lind\u00ebs, Rama shnd\u00ebrroi Tiran\u00ebn n\u00eb Beogradin e vog\u00ebl"},"content":{"rendered":"<p><strong>\u2022 Ky Parlament si kurr\u00eb ndonj\u00ebher\u00eb n\u00eb historin\u00eb 31-vje\u00e7are ka drejtimin m\u00eb banal, m\u00eb antiligjor, shkurt me nj\u00eb fjal\u00eb, funksionon si dyqani personal i Lind\u00ebs<\/strong><\/p>\n<p><strong>\u2022 Rama shnd\u00ebrroi Tiran\u00ebn n\u00eb Beogradin e vog\u00ebl, ka rrethuar Kosov\u00ebn me projektin ruso-serb t\u00eb \u2018Ballkanit t\u00eb Hapur\u2019<\/strong><\/p>\n<p><strong>\u2022 Ministrja k\u00ebtu mbrapa qesh, pavar\u00ebsisht se vendi ka regjistruar 20 mij\u00eb viktima nga pandemia. E ka vendin te Duman\u00ebt, ka b\u00ebr\u00eb tendera sekret\u00eb.<\/strong><\/p>\n<p><strong>\u2022 Thirrja p\u00ebr qytetar\u00ebt, k\u00ebta nuk kan\u00eb asnj\u00eb dhembshuri p\u00ebr ju, t\u00eb ngrihemi n\u00eb protesta t\u00eb fuqishme<\/strong><\/p>\n<p>FJALA E POT\u00cb E KRYETARIT T\u00cb PD, SALI BERISHA N\u00cb KUVEND<\/p>\n<p>Zonja dhe zot\u00ebrinj deputet\u00eb,<\/p>\n<p>T\u00eb dashur qytetare dhe qytetar\u00eb q\u00eb ndiqni k\u00ebt\u00eb seanc\u00eb,<\/p>\n<p>Ky Parlament n\u00eb 31 vite \u00ebsht\u00eb parlamenti m\u00eb i neveritsh\u00ebm n\u00eb p\u00ebrb\u00ebrjen e tij.<\/p>\n<p>Ky Parlament si kurr\u00eb ndonj\u00ebher\u00eb n\u00eb historin\u00eb 31-vje\u00e7are ka drejtimin m\u00eb banal, m\u00eb antiligjor, shkurt me nj\u00eb fjal\u00eb, funksionon si dyqani personal i Lind\u00ebs, tek i cili po t\u00eb ishte p\u00ebr probleme personale, p\u00ebr veshje personale, do t\u00eb preferoja i zhveshur t\u00eb rrija dhe t\u00eb mos blija kurr\u00eb.<\/p>\n<p>Nuk ka ligj, nuk ka Kushtetut\u00eb, nuk ka rregullore q\u00eb nuk shkel zonja p\u00ebr t\u00eb mbrojtur Edi Ram\u00ebn.<\/p>\n<p>Ky Parlament do t\u00eb mbetet fam\u00ebzi n\u00eb historin\u00eb e Shqip\u00ebris\u00eb sepse me vot\u00ebn e pseudomazhoranc\u00ebs s\u00eb tij, p\u00ebr presidentin e Partis\u00eb Socialiste vulosi n\u00eb m\u00ebnyr\u00ebn m\u00eb t\u00eb pap\u00ebrgjegjshme, m\u00eb antidemokratike dor\u00ebzimin p\u00ebr her\u00eb t\u00eb par\u00eb pas 31 viteve t\u00eb t\u00eb gjitha pushteteve, ekzekutiv, legjislativ gjyq\u00ebsor, institucioneve t\u00eb pavarura, pushtet ekonomik nj\u00eb partie t\u00eb vetme, nj\u00eblloj si n\u00eb Bjellorusin\u00eb e Lukashenkos.<\/p>\n<p>Por mbi t\u00eb gjitha pyes vetes si mund t\u00eb rri n\u00eb nj\u00eb sall\u00eb me nj\u00eb njeri q\u00eb ka shnd\u00ebrruar Tiran\u00ebn n\u00eb Beogradin e vog\u00ebl, n\u00eb kryeqend\u00ebr t\u00eb luft\u00ebs s\u00eb ftoht\u00eb ndaj Prishtin\u00ebs. Ka rrethuar Kosov\u00ebn me projektin ruso-serb t\u00eb \u2018Ballkanit t\u00eb Hapur\u2019 n\u00eb nj\u00eb gar\u00eb jo miq\u00ebsore. Nj\u00eb njeri q\u00eb refuzon nj\u00eblloj si nj\u00eb ultranacionalist serb e vasal i Vu\u00e7i\u00e7, t\u00eb njoh\u00eb gjenocidin ne Srebrenic\u00eb. Nj\u00eb njeri q\u00eb nuk stepet para pafaj\u00ebsis\u00eb hyjnore t\u00eb 1400 f\u00ebmij\u00ebve t\u00eb Kosov\u00ebs q\u00eb u vran\u00eb, u ther\u00ebn, u masakruan, u dogj\u00ebn t\u00eb gjall\u00eb nga barbar\u00ebt e Vu\u00e7i\u00e7 q\u00eb th\u00ebrriste dhe b\u00ebrtiste, p\u00ebr nj\u00eb serb t\u00eb vriten 100 mysliman\u00eb.<\/p>\n<p>\u00c7do dit\u00eb un\u00eb e pyes veten si mund t\u00eb rri un\u00eb n\u00eb nj\u00eb sall\u00eb me nj\u00eb njeri q\u00eb ka si interesa t\u00eb veta interesat serbe dhe antishqiptare. Secili nga ju q\u00eb d\u00ebgjoni k\u00ebto vler\u00ebsime me shum\u00eb t\u00eb drejt\u00eb shtoni pyetjen: \u00c7far\u00eb do ti Sali n\u00eb Parlament? P\u00ebrgjigjja ime \u00ebsht\u00eb nj\u00eb dhe vet\u00ebm nj\u00eb, un\u00eb vij k\u00ebtu dhe do t\u00eb vij e nuk mungoj sepse k\u00ebta qeveritar\u00eb n\u00eb \u00e7do fjal\u00eb q\u00eb thon\u00eb vet\u00ebm ju mashtrojn\u00eb. Dhe s\u00eb dyti, k\u00ebta ministra me kreun e tyre n\u00eb \u00e7do firm\u00eb q\u00eb hedhin vet\u00ebm ju vjedhin ju t\u00eb dashur f\u00ebmij\u00eb, t\u00eb rinj, t\u00eb moshuar, nx\u00ebn\u00ebs, student\u00eb, fermer\u00eb, biznesmen\u00eb, t\u00eb s\u00ebmur\u00eb, rrog\u00ebtar\u00eb t\u00eb k\u00ebtij shteti. At\u00ebher\u00eb, nuk mund t\u00eb mos jem un\u00eb k\u00ebtu.<\/p>\n<p>Cilido q\u00eb mendon se un\u00eb po e teproj me k\u00ebt\u00eb q\u00eb po them e ftoj t\u00eb shtroj\u00eb pyetjen vetes, n\u00eb rast se rrog\u00ebtar\u00eb, familjar\u00eb, pensionist\u00eb a ka ndjer\u00eb ai ndonj\u00eb p\u00ebrpjekje t\u00eb v\u00ebrtet\u00eb p\u00ebr t\u00eb leht\u00ebsuar dhimbjet e m\u00ebdha q\u00eb shkaktoi pandemia, dhimbjet e m\u00ebdha me rritjen stratosferike t\u00eb \u00e7mimeve. P\u00ebrkundrazi, pandemia mori n\u00eb k\u00ebt\u00eb vend m\u00eb shum\u00eb jet\u00eb n\u00eb \u00e7do vend tjet\u00ebr t\u00eb Europ\u00ebs dhe k\u00ebta q\u00eb jan\u00eb pas shpin\u00ebs time k\u00ebndojn\u00eb sukses mbi vdekje. P\u00ebrkundrazi \u00e7mimet jan\u00eb rritur k\u00ebtu m\u00eb shum\u00eb se n\u00eb \u00e7do vend tjet\u00ebr t\u00eb Europ\u00ebs dhe zgjidhja e vetme \u00ebsht\u00eb zgjidhja komuniste e bordeve t\u00eb cil\u00ebt iu pin\u00eb gjakun konsumator\u00ebve shqiptar\u00eb. N\u00eb nj\u00eb koh\u00eb kur n\u00eb \u00e7do vend tjet\u00ebr t\u00eb lir\u00eb ka vet\u00ebm nj\u00eb zgjidhje, rriten \u00e7mimet, kompensohen qytetar\u00ebt p\u00ebr rritjen e p\u00ebrmuajshme, indeksimi i \u00e7mimeve.<\/p>\n<p>Si mund t\u00eb pretendohet t\u00eb z\u00ebvend\u00ebsohen autoritetet ligjore, i konkurrenc\u00ebs, bordet rregullator\u00eb q\u00eb funksionojn\u00eb me ligj, me bordet vampir\u00eb q\u00eb jan\u00eb ngritur me vendim qeverie vet\u00ebm e vet\u00ebm p\u00ebr t\u00eb pir\u00eb gjakun e shqiptar\u00ebve me \u00e7mime t\u00eb larta. Si ka mund\u00ebsi? A p\u00ebrfaq\u00ebsoni ju qytetar\u00ebt shqiptar\u00eb? Si ka mund\u00ebsi t\u00eb ngrihet ish-ministri i Bujq\u00ebsis\u00eb dhe t\u00eb thot\u00eb se fermer\u00ebt po eksportojn\u00eb. E dini \u00e7far\u00eb \u00ebsht\u00eb eksportuar n\u00eb Serbi? Plehrat kimike dhe helmet q\u00eb s\u2019i blejn\u00eb dot m\u00eb fermer\u00ebt shqiptar\u00eb, jan\u00eb rieksportuar atje. (P\u00ebrgjigje ndaj Taulant Ball\u00ebs p\u00ebr nd\u00ebrhyrjen: Duman mos m\u00eb nd\u00ebrpre fjal\u00ebn, kaq t\u00eb them, se i kam k\u00ebtu un\u00eb ato). E dini ju q\u00eb \u00ebsht\u00eb rritur me 48% eksporti i prodhimeve bujq\u00ebsore serbe k\u00ebto 4 muaj? Ti q\u00eb p\u00ebrfaq\u00ebson Kor\u00e7\u00ebn shko n\u00eb Dvoran dhe shih sa kuaintal, tonelata moll\u00eb jan\u00eb hedhur se vijn\u00eb moll\u00ebt serbe k\u00ebtu. Ju q\u00eb flisni se jan\u00eb rritur eksportet, shkoni n\u00eb Myzeqe dhe pyesni sa fermer\u00eb kan\u00eb therur lop\u00ebt e rac\u00ebs dhe \u00e7far\u00eb drame \u00ebsht\u00eb p\u00ebr nj\u00eb familje fermeri n\u00ebse ther lop\u00ebt e rac\u00ebs. Pyesni pak serat, pronar\u00ebt e serave q\u00eb i kan\u00eb ngritur me djers\u00ebn m\u00eb t\u00eb madhe, q\u00eb po falimentojn\u00eb, por p\u00ebr ju ata nuk ekzistojn\u00eb, ata jan\u00eb qenie vet\u00ebm p\u00ebr t\u2019i vjedhur dhe p\u00ebr t\u00eb ikur nga Shqip\u00ebria.<\/p>\n<p>Prandaj jam k\u00ebtu p\u00ebr t\u2019i b\u00ebr\u00eb thirrje shqiptar\u00ebve, t\u00eb ngrihemi se si\u00e7 kan\u00eb k\u00ebta munges\u00eb totale ndjeshm\u00ebrie ndaj dhimbjeve, vuajtjeve, sakrificave tuaja, nuk mund t\u00eb kemi ne munges\u00eb ndjeshm\u00ebrie ndaj k\u00ebtyre akteve q\u00eb kryejn\u00eb ndaj f\u00ebmij\u00ebve, grave, burrave, biznesmen\u00ebve, fermer\u00ebve, t\u00eb s\u00ebmur\u00ebve, t\u00eb sh\u00ebndosh\u00ebve, student\u00ebve dhe ndaj t\u00eb gjith\u00eb shqiptar\u00ebve.<\/p>\n<p>Tani keni nxjerr\u00eb nj\u00eb ligj tjet\u00ebr dhe do e sillni n\u00eb Parlament. Qesh kjo mbrapa, pavar\u00ebsisht se vendi ka regjistruar 20 mij\u00eb viktima. Nuk qeshet zonj\u00eb, ti duhet t\u00eb kishe dh\u00ebn\u00eb dor\u00ebheqjen po t\u00eb kishe integritetin m\u00eb minimal njer\u00ebzor, 5 her\u00eb duhet t\u00eb kishe dor\u00ebheqjen dhe duhet t\u00eb kishe shkuar te Duman\u00ebt, atje ku e ke vendin, sepse ke b\u00ebr\u00eb tendera sekret\u00eb n\u00eb kulmin e pandemis\u00eb. Mos m\u00eb nd\u00ebrpre se mund t\u00eb t\u2019i kthej nj\u00eb m\u00eb nj\u00eb.<\/p>\n<p>\u00c7far\u00eb do t\u00eb b\u00ebni ju me bizneset? Do sillni k\u00ebtu nj\u00eb ligj n\u00eb t\u00eb cilin t\u00eb vet\u00ebpun\u00ebsuarit, t\u00eb pun\u00ebsuarit t\u2019i shfryt\u00ebzoni, t\u2019i rrjepni si t\u00eb doni. Keni vendosur policin\u00eb m\u00eb t\u00eb eg\u00ebr. Duhet q\u00eb t\u00eb miratohet fatura q\u00eb do t\u00eb l\u00ebshoj\u00eb ai n\u00eb qend\u00ebr pastaj ai t\u00eb l\u00ebshoj\u00eb fatur\u00ebn. Ku i gjeni k\u00ebto rregulla ju? I gjeni vet\u00ebm n\u00eb labirintet psiqike t\u00eb nj\u00eb njeriu q\u00eb ka kaluar \u00e7do faz\u00eb normaliteti. Si ka mund\u00ebsi q\u00eb sillni n\u00eb k\u00ebt\u00eb m\u00ebnyr\u00eb? \u00c7far\u00eb ju duken ju zgjedh\u00ebsit tuaj? Pse nuk flisni nj\u00ebher\u00eb p\u00ebr ta, por flisni vet\u00ebm p\u00ebr sukseset tuaja. Un\u00eb kam respekt p\u00ebr njeriun por nuk mund t\u00eb respektoj un\u00eb kur shoh ministren me \u00e7anta t\u00eb q\u00ebndisura me safir dhe s\u00ebarovski e diamante q\u00eb t\u00eb gjitha djers\u00eb dhe mund i qytetar\u00ebve, i f\u00ebmij\u00ebve, i grave dhe burrave. Jo, nuk kam nevoj\u00eb. Un\u00eb respektoj ministret t\u00eb cilat jan\u00eb sh\u00ebrb\u00ebtore t\u00eb p\u00ebrulura t\u00eb qytetar\u00ebve shqiptar\u00eb. Jan\u00eb n\u00ebna, gra, motra t\u00eb cilat p\u00ebrulen para tyre por jo t\u00eb kapardisen n\u00eb luksin sikur je n\u00eb sallat e Hollywood-it apo n\u00eb sallonet e mod\u00ebs. Nuk ka vend p\u00ebr k\u00ebto gj\u00ebra. Ndaj dhe nj\u00ebher\u00eb, thirrja ime \u00ebsht\u00eb kjo, n\u00ebse k\u00ebta nuk kan\u00eb asnj\u00eb dhembshuri, t\u00eb ngrihemi n\u00eb protesta t\u00eb fuqishme.<\/p>\n","protected":false},"excerpt":{"rendered":"<p>\u2022 Ky Parlament si kurr\u00eb ndonj\u00ebher\u00eb n\u00eb historin\u00eb 31-vje\u00e7are ka drejtimin m\u00eb banal, m\u00eb antiligjor, shkurt me nj\u00eb fjal\u00eb, funksionon si dyqani personal i Lind\u00ebs \u2022 Rama shnd\u00ebrroi Tiran\u00ebn n\u00eb Beogradin e vog\u00ebl, ka rrethuar Kosov\u00ebn me projektin ruso-serb t\u00eb \u2018Ballkanit t\u00eb Hapur\u2019 \u2022 Ministrja k\u00ebtu mbrapa qesh, pavar\u00ebsisht se vendi ka regjistruar 20 mij\u00eb &hellip;<\/p>\n","protected":false},"author":4,"featured_media":14625,"comment_status":"open","ping_status":"open","sticky":false,"template":"","format":"standard","meta":{"footnotes":""},"categories":[37],"tags":[],"class_list":["post-14624","post","type-post","status-publish","format-standard","has-post-thumbnail","","category-politike"],"_links":{"self":[{"href":"https:\/\/rdnews.al\/index.php\/wp-json\/wp\/v2\/posts\/14624","targetHints":{"allow":["GET"]}}],"collection":[{"href":"https:\/\/rdnews.al\/index.php\/wp-json\/wp\/v2\/posts"}],"about":[{"href":"https:\/\/rdnews.al\/index.php\/wp-json\/wp\/v2\/types\/post"}],"author":[{"embeddable":true,"href":"https:\/\/rdnews.al\/index.php\/wp-json\/wp\/v2\/users\/4"}],"replies":[{"embeddable":true,"href":"https:\/\/rdnews.al\/index.php\/wp-json\/wp\/v2\/comments?post=14624"}],"version-history":[{"count":0,"href":"https:\/\/rdnews.al\/index.php\/wp-json\/wp\/v2\/posts\/14624\/revisions"}],"wp:featuredmedia":[{"embeddable":true,"href":"https:\/\/rdnews.al\/index.php\/wp-json\/wp\/v2\/media\/14625"}],"wp:attachment":[{"href":"https:\/\/rdnews.al\/index.php\/wp-json\/wp\/v2\/media?parent=14624"}],"wp:term":[{"taxonomy":"category","embeddable":true,"href":"https:\/\/rdnews.al\/index.php\/wp-json\/wp\/v2\/categories?post=14624"},{"taxonomy":"post_tag","embeddable":true,"href":"https:\/\/rdnews.al\/index.php\/wp-json\/wp\/v2\/tags?post=14624"}],"curies":[{"name":"wp","href":"https:\/\/api.w.org\/{rel}","templated":true}]}}