{"id":14779,"date":"2022-06-11T07:49:27","date_gmt":"2022-06-11T07:49:27","guid":{"rendered":"https:\/\/rdnews.al\/?p=14779"},"modified":"2022-06-11T07:49:27","modified_gmt":"2022-06-11T07:49:27","slug":"berisha-perkujton-144-vjetorin-e-lidhjes-se-prizrenit","status":"publish","type":"post","link":"https:\/\/rdnews.al\/index.php\/2022\/06\/11\/berisha-perkujton-144-vjetorin-e-lidhjes-se-prizrenit\/","title":{"rendered":"Berisha p\u00ebrkujton 144 vjetorin e Lidhjes s\u00eb Prizrenit\u00a0"},"content":{"rendered":"<p>Kryetari i Partis\u00eb Demokratike, Sali Berisha, ka p\u00ebrkujtuar 144 vjetorin e Lidhjes s\u00eb Prizrenit.\u00a0 Berisha shkruan n\u00eb Facebook se, Lidhja Shqiptare e Prizrenit, ku u mblodh elita politike e kat\u00ebr vilajeteve t\u00eb trojeve shqiptare, hodhi themelet e shtetit t\u00eb ardhsh\u00ebm shqiptar.<\/p>\n<p><strong>Postimi<\/strong><\/p>\n<p>144 vjetori i Lidhjes se Prizrenit<\/p>\n<p>Te dashur miq, 144 vite me pare, me 10 qershor te vitit 1878, elita politike e kater vilajeteve te trojeve shqiptare, ne nje moment kritik per egzistencen e kombit, u mblodh dhe themeloi Lidhjen Shqiptare te Prizrenit.<\/p>\n<p>Lidhja u themelua per te mbrojtur trojet shqiptare te cilat me Traktatin e Kongresit te Berlinit copetoheshin dhe u jepeshin si shperblim disa shteteve nderkohe qe shqiptaret nuk pranoheshin si nje komb i ve\u00e7ante.<\/p>\n<p>Lidhja zgjodhi Komitetin e saj Qendror te kryesuar nga Iliaz Pashe Dibra, dhe krijoj ushtrine e Lidhjes per te mbrojtur trojet shqiptare.\u00a0Me vone Lidhja krijoi edhe qeverine e pare shqiptare te drejtuar ne nga Ymer Pashe Prizreni.<\/p>\n<p>Promotor i organizimit te Lidhjes dhe veprimtarive te saj kombetare dhe nderkombetare, si dhe nje nder udheheqesit kryesore te saj ishte Abdyl Bej Frasheri.<\/p>\n<p>Lidhja e Prizrenit me organet dhe veprimtarine e saj hodhi themelet e shtetit te ardhshem shqiptar. Ajo u provoi fuqive te kohes se kombi shqiptar jo vetem egzistonte, por ishte i vendosur te mos pranonte copetimin e trojeve shqiptare e ti mbronte ato me arme ne dore.<\/p>\n<p>Nderim dhe mirenjohje te perjetshme themeluesve dhe udheheqesve te Lidhjes se Prizrenit dhe luftetareve te saj qe luftuan dhe rane per mbrojtjen e trojeve shqiptare. sb<\/p>\n","protected":false},"excerpt":{"rendered":"<p>Kryetari i Partis\u00eb Demokratike, Sali Berisha, ka p\u00ebrkujtuar 144 vjetorin e Lidhjes s\u00eb Prizrenit.\u00a0 Berisha shkruan n\u00eb Facebook se, Lidhja Shqiptare e Prizrenit, ku u mblodh elita politike e kat\u00ebr vilajeteve t\u00eb trojeve shqiptare, hodhi themelet e shtetit t\u00eb ardhsh\u00ebm shqiptar. Postimi 144 vjetori i Lidhjes se Prizrenit Te dashur miq, 144 vite me pare, &hellip;<\/p>\n","protected":false},"author":4,"featured_media":13902,"comment_status":"open","ping_status":"open","sticky":false,"template":"","format":"standard","meta":{"footnotes":""},"categories":[37],"tags":[],"class_list":["post-14779","post","type-post","status-publish","format-standard","has-post-thumbnail","","category-politike"],"_links":{"self":[{"href":"https:\/\/rdnews.al\/index.php\/wp-json\/wp\/v2\/posts\/14779","targetHints":{"allow":["GET"]}}],"collection":[{"href":"https:\/\/rdnews.al\/index.php\/wp-json\/wp\/v2\/posts"}],"about":[{"href":"https:\/\/rdnews.al\/index.php\/wp-json\/wp\/v2\/types\/post"}],"author":[{"embeddable":true,"href":"https:\/\/rdnews.al\/index.php\/wp-json\/wp\/v2\/users\/4"}],"replies":[{"embeddable":true,"href":"https:\/\/rdnews.al\/index.php\/wp-json\/wp\/v2\/comments?post=14779"}],"version-history":[{"count":0,"href":"https:\/\/rdnews.al\/index.php\/wp-json\/wp\/v2\/posts\/14779\/revisions"}],"wp:featuredmedia":[{"embeddable":true,"href":"https:\/\/rdnews.al\/index.php\/wp-json\/wp\/v2\/media\/13902"}],"wp:attachment":[{"href":"https:\/\/rdnews.al\/index.php\/wp-json\/wp\/v2\/media?parent=14779"}],"wp:term":[{"taxonomy":"category","embeddable":true,"href":"https:\/\/rdnews.al\/index.php\/wp-json\/wp\/v2\/categories?post=14779"},{"taxonomy":"post_tag","embeddable":true,"href":"https:\/\/rdnews.al\/index.php\/wp-json\/wp\/v2\/tags?post=14779"}],"curies":[{"name":"wp","href":"https:\/\/api.w.org\/{rel}","templated":true}]}}