{"id":14836,"date":"2022-06-11T17:22:30","date_gmt":"2022-06-11T17:22:30","guid":{"rendered":"https:\/\/rdnews.al\/?p=14836"},"modified":"2022-06-11T17:22:30","modified_gmt":"2022-06-11T17:22:30","slug":"nje-vizite-per-tu-pershendetur-ajo-e-kancelarit-scholz","status":"publish","type":"post","link":"https:\/\/rdnews.al\/index.php\/2022\/06\/11\/nje-vizite-per-tu-pershendetur-ajo-e-kancelarit-scholz\/","title":{"rendered":"Nj\u00eb vizit\u00eb p\u00ebr t\u2019u p\u00ebrsh\u00ebndetur ajo e Kancelarit Scholz"},"content":{"rendered":"<p><strong>Nga Tritan SHEHU<\/strong><\/p>\n<p>Gjermania po konsolidon rolin e saj thelb\u00ebsor n\u00eb rajonin ton\u00eb.<\/p>\n<p>Nj\u00eb vizit\u00eb p\u00ebr t\u2019u p\u00ebrsh\u00ebndetur ajo e kancelarit Scholz.<\/p>\n<p>Nj\u00eb goditje e fort\u00eb p\u00ebr aventurizmat politike n\u00eb rajon:<\/p>\n<p>Deklaratat e kancelarit gjerman ishin k\u00ebt\u00eb her\u00eb t\u00eb qarta, n\u00eb p\u00ebrputhje me realitetet e perspektivat.<\/p>\n<p>1-K\u00ebrkesa e tij q\u00eb marr\u00ebveshja Kosov\u00eb &#8211; Serbi duhet t\u00eb p\u00ebrfundoj\u00eb me \u201cnjohje reciproke\u201d \u00ebsht\u00eb e nj\u00eb r\u00ebnd\u00ebsie t\u00eb ve\u00e7ant\u00eb e krejt n\u00eb p\u00ebrputhje me realitetet e nevojat e rajonit e Europ\u00ebs.<\/p>\n<p>Pa nj\u00eb gj\u00eb t\u00eb till\u00eb \u00e7do skem\u00eb e plot\u00eb e bashk\u00ebpunimit rajonal do t\u00eb ishte e handikapuar.<\/p>\n<p>2-Konfirmimi i tij p\u00ebr rrug\u00ebn e vetme t\u00eb rajonit ton\u00eb, at\u00eb t\u00eb integrimit europian t\u00eb tij merr nj\u00eb r\u00ebnd\u00ebsi t\u00eb ve\u00e7ant\u00eb, ve\u00e7an\u00ebrisht n\u00eb k\u00ebt\u00eb periudh\u00eb turbulencash, q\u00eb shpesh nxjerrin n\u00eb sip\u00ebrfaqe edhe \u201cPlane B\u201d, krejt n\u00eb kund\u00ebrshtim k\u00ebto me interesat tona jetike.<\/p>\n<p>3-Dhe n\u00eb k\u00ebt\u00eb kontekst mb\u00ebshtetja e tij vet\u00ebm ndaj \u201cProcesit t\u00eb Berlinit\u201d e \u201cTregut t\u00eb P\u00ebrbashk\u00ebt Rajonal\u201d t\u00eb tij, e plot\u00ebson dhe konsolidon at\u00eb konfirmim, duke k\u00ebrkuar t\u00eb na largoj\u00eb nga \u00e7do nism\u00eb tjet\u00ebr pa Brukselin brenda, si\u00e7 \u00ebsht\u00eb \u201cBallkani i hapur\u201d, t\u00eb cil\u00ebn ai as e mori n\u00eb konsiderat\u00eb.<\/p>\n<p>Deklarata prej tij p\u00ebr \u201crigjall\u00ebrimin\u201d e Procesit t\u00eb Berlinit \u00ebsht\u00eb jo vet\u00ebm nj\u00eb impenjim konkret, por dhe nj\u00eb \u201ct\u00ebrheqje v\u00ebmendje\u201d p\u00ebr ata q\u00eb duan ta \u201csfumojn\u00eb\u201d n\u00ebp\u00ebrmjet \u201cBallkani t\u00eb Hapur\u201d serb.<\/p>\n<p>4- Konfirmimi i tij p\u00ebr mbrojtjen e \u201csovraniteteve\u201d n\u00eb kufijt\u00eb ekzistues na kujton nj\u00eb tentativ\u00eb tashm\u00eb t\u00eb d\u00ebshtuar, por akoma t\u00eb rrezikshme, at\u00eb t\u00eb shk\u00ebmbimit t\u00eb territoreve.<\/p>\n<p>Pa asnj\u00eb dyshim q\u00eb duhet b\u00ebr\u00eb nj\u00eb falenderim i qart\u00eb p\u00ebr z.Scholz e pozicionimin e Gjermanis\u00eb!<\/p>\n","protected":false},"excerpt":{"rendered":"<p>Nga Tritan SHEHU Gjermania po konsolidon rolin e saj thelb\u00ebsor n\u00eb rajonin ton\u00eb. Nj\u00eb vizit\u00eb p\u00ebr t\u2019u p\u00ebrsh\u00ebndetur ajo e kancelarit Scholz. Nj\u00eb goditje e fort\u00eb p\u00ebr aventurizmat politike n\u00eb rajon: Deklaratat e kancelarit gjerman ishin k\u00ebt\u00eb her\u00eb t\u00eb qarta, n\u00eb p\u00ebrputhje me realitetet e perspektivat. 1-K\u00ebrkesa e tij q\u00eb marr\u00ebveshja Kosov\u00eb &#8211; Serbi duhet &hellip;<\/p>\n","protected":false},"author":4,"featured_media":14837,"comment_status":"open","ping_status":"open","sticky":false,"template":"","format":"standard","meta":{"footnotes":""},"categories":[44],"tags":[],"class_list":["post-14836","post","type-post","status-publish","format-standard","has-post-thumbnail","","category-editorial"],"_links":{"self":[{"href":"https:\/\/rdnews.al\/index.php\/wp-json\/wp\/v2\/posts\/14836","targetHints":{"allow":["GET"]}}],"collection":[{"href":"https:\/\/rdnews.al\/index.php\/wp-json\/wp\/v2\/posts"}],"about":[{"href":"https:\/\/rdnews.al\/index.php\/wp-json\/wp\/v2\/types\/post"}],"author":[{"embeddable":true,"href":"https:\/\/rdnews.al\/index.php\/wp-json\/wp\/v2\/users\/4"}],"replies":[{"embeddable":true,"href":"https:\/\/rdnews.al\/index.php\/wp-json\/wp\/v2\/comments?post=14836"}],"version-history":[{"count":0,"href":"https:\/\/rdnews.al\/index.php\/wp-json\/wp\/v2\/posts\/14836\/revisions"}],"wp:featuredmedia":[{"embeddable":true,"href":"https:\/\/rdnews.al\/index.php\/wp-json\/wp\/v2\/media\/14837"}],"wp:attachment":[{"href":"https:\/\/rdnews.al\/index.php\/wp-json\/wp\/v2\/media?parent=14836"}],"wp:term":[{"taxonomy":"category","embeddable":true,"href":"https:\/\/rdnews.al\/index.php\/wp-json\/wp\/v2\/categories?post=14836"},{"taxonomy":"post_tag","embeddable":true,"href":"https:\/\/rdnews.al\/index.php\/wp-json\/wp\/v2\/tags?post=14836"}],"curies":[{"name":"wp","href":"https:\/\/api.w.org\/{rel}","templated":true}]}}