{"id":15049,"date":"2022-06-14T20:08:44","date_gmt":"2022-06-14T20:08:44","guid":{"rendered":"https:\/\/rdnews.al\/?p=15049"},"modified":"2022-06-14T20:08:44","modified_gmt":"2022-06-14T20:08:44","slug":"berisha-baton-stanishiqi-dhe-arben-malativa-shoqerojne-ramen-ne-ukraine","status":"publish","type":"post","link":"https:\/\/rdnews.al\/index.php\/2022\/06\/14\/berisha-baton-stanishiqi-dhe-arben-malativa-shoqerojne-ramen-ne-ukraine\/","title":{"rendered":"Berisha: Baton Stanishiqi dhe Arben Malativa shoq\u00ebrojn\u00eb Ram\u00ebn n\u00eb Ukrain\u00eb"},"content":{"rendered":"<p>Kryetari i PD, Sali Berisha shkruan n\u00eb Facebook se Baton Haxhiu dhe Ben Blushi po shoq\u00ebrojn\u00eb Edi Ram\u00ebn n\u00eb Ukrain\u00eb.\u00a0Rama dhe kryeministri i Malit t\u00eb Zi, Dritan Abazovi\u00e7 u nis\u00ebn pasditen e sotme nga aeoporti i Rinasit me avionin shtet\u00ebror, drejt Ukrain\u00ebs.<\/p>\n<p><strong>Postimi<\/strong><\/p>\n<p>Me avion personal per Ukraine! Me Baton Stanishiqin dhe Arben Malaviten! Uroj te mos kthehet nga Beogradi per ta mbushur avionin me turiste rus! sb<\/p>\n<p><img loading=\"lazy\" decoding=\"async\" class=\"\" src=\"https:\/\/www.syri.net\/uploads\/syri.net\/images\/2022\/June\/14\/auto_berisha_ne_fb1655237033.jpg\" alt=\"Image\" width=\"487\" height=\"399\" \/><\/p>\n","protected":false},"excerpt":{"rendered":"<p>Kryetari i PD, Sali Berisha shkruan n\u00eb Facebook se Baton Haxhiu dhe Ben Blushi po shoq\u00ebrojn\u00eb Edi Ram\u00ebn n\u00eb Ukrain\u00eb.\u00a0Rama dhe kryeministri i Malit t\u00eb Zi, Dritan Abazovi\u00e7 u nis\u00ebn pasditen e sotme nga aeoporti i Rinasit me avionin shtet\u00ebror, drejt Ukrain\u00ebs. Postimi Me avion personal per Ukraine! Me Baton Stanishiqin dhe Arben Malaviten! Uroj &hellip;<\/p>\n","protected":false},"author":4,"featured_media":15050,"comment_status":"open","ping_status":"open","sticky":false,"template":"","format":"standard","meta":{"footnotes":""},"categories":[40],"tags":[],"class_list":["post-15049","post","type-post","status-publish","format-standard","has-post-thumbnail","","category-aktualitet"],"_links":{"self":[{"href":"https:\/\/rdnews.al\/index.php\/wp-json\/wp\/v2\/posts\/15049","targetHints":{"allow":["GET"]}}],"collection":[{"href":"https:\/\/rdnews.al\/index.php\/wp-json\/wp\/v2\/posts"}],"about":[{"href":"https:\/\/rdnews.al\/index.php\/wp-json\/wp\/v2\/types\/post"}],"author":[{"embeddable":true,"href":"https:\/\/rdnews.al\/index.php\/wp-json\/wp\/v2\/users\/4"}],"replies":[{"embeddable":true,"href":"https:\/\/rdnews.al\/index.php\/wp-json\/wp\/v2\/comments?post=15049"}],"version-history":[{"count":0,"href":"https:\/\/rdnews.al\/index.php\/wp-json\/wp\/v2\/posts\/15049\/revisions"}],"wp:featuredmedia":[{"embeddable":true,"href":"https:\/\/rdnews.al\/index.php\/wp-json\/wp\/v2\/media\/15050"}],"wp:attachment":[{"href":"https:\/\/rdnews.al\/index.php\/wp-json\/wp\/v2\/media?parent=15049"}],"wp:term":[{"taxonomy":"category","embeddable":true,"href":"https:\/\/rdnews.al\/index.php\/wp-json\/wp\/v2\/categories?post=15049"},{"taxonomy":"post_tag","embeddable":true,"href":"https:\/\/rdnews.al\/index.php\/wp-json\/wp\/v2\/tags?post=15049"}],"curies":[{"name":"wp","href":"https:\/\/api.w.org\/{rel}","templated":true}]}}