{"id":150522,"date":"2026-08-06T16:37:29","date_gmt":"2026-08-06T16:37:29","guid":{"rendered":"https:\/\/rdnews.al\/?p=150522"},"modified":"2026-08-06T16:37:29","modified_gmt":"2026-08-06T16:37:29","slug":"perkujtohet-abaz-kupi-ne-kruje","status":"publish","type":"post","link":"https:\/\/rdnews.al\/index.php\/2026\/08\/06\/perkujtohet-abaz-kupi-ne-kruje\/","title":{"rendered":"P\u00ebrkujtohet Abaz Kupi n\u00eb Kruj\u00eb"},"content":{"rendered":"<div id=\"rekl-49\">Dega e PD n\u00eb Kruj\u00eb dhe Partia L\u00ebvizja e Legalitetit mbajt\u00ebn n\u00eb Kruj\u00eb nj\u00eb ceremoni p\u00ebrkujtimore p\u00ebr 134-vjetorin e lindjes s\u00eb personalitetit t\u00eb shquar shqiptar, Abaz Kupi. Gjat\u00eb fjal\u00ebs s\u00eb tij, kreu i PD n\u00eb Kruj\u00eb, Aulon Kalaja, tha se politika duhet t\u00eb b\u00ebj\u00eb m\u00eb shum\u00eb p\u00ebr t\u00eb vler\u00ebsuar figura t\u00eb tilla, duke theksuar se shtatorja e Abaz Kupit duhet t\u00eb vendoset n\u00eb Kruj\u00eb dhe n\u00eb shum\u00eb qytete t\u00eb tjera. T\u00eb pranish\u00ebm n\u00eb aktivitet ishin edhe familjar\u00eb t\u00eb Abaz Kupit, si dhe p\u00ebrfaq\u00ebsues t\u00eb partive opozitare, t\u00eb cil\u00ebt vler\u00ebsuan figur\u00ebn dhe kontributin e komandantit t\u00eb shquar.<\/div>\n<div class=\"readmore-text-here\">\n<p>Partia Demokratike, Dega Kruj\u00eb, dhe Partia L\u00ebvizja e Legalitetit organizuan nj\u00eb ceremoni p\u00ebrkujtimore me rastin e 134-vjetorit t\u00eb lindjes s\u00eb Abaz Kupit, nj\u00eb prej personaliteteve m\u00eb t\u00eb shquara t\u00eb historis\u00eb shqiptare. Gjat\u00eb fjal\u00ebs s\u00eb tij, kreu i PD-s\u00eb n\u00eb Kruj\u00eb, Aulon Kalaja, ngriti shqet\u00ebsimin se politika nuk e ka vler\u00ebsuar sa duhet figur\u00ebn e Abaz Kupit dhe kontributin e tij, duke theksuar se shtatorja e liderit proper\u00ebndimor duhet t\u00eb ishte n\u00eb Kruj\u00eb dhe n\u00eb shum\u00eb qytete t\u00eb tjera.<\/p>\n<p>I pranish\u00ebm n\u00eb aktivitet ishte edhe st\u00ebrnipi i Abaz Kupit, Ylli Lama, i cili solli n\u00eb v\u00ebmendje se si u tradhtuan vendimet e marra n\u00eb Konferenc\u00ebn e Pez\u00ebs dhe ngjarjet q\u00eb pasuan, t\u00eb cilat e detyruan Abaz Kupin t\u00eb largohej nga Shqip\u00ebria.<\/p>\n<p>Fjal\u00eb p\u00ebrkujtimore dhe vler\u00ebsime p\u00ebr komandantin e shquar Abaz Kupi mbajt\u00ebn edhe deputet\u00eb dhe p\u00ebrfaq\u00ebsues t\u00eb partive opozitare.<\/p>\n<p>Gjat\u00eb aktivitetit u transmetuan edhe materiale filmike me protagonist\u00eb familjar\u00eb t\u00eb Abaz Kupit, mes t\u00eb cil\u00ebve edhe djali i tij, Fatbardh Kupi.<\/p>\n<p><img decoding=\"async\" src=\"https:\/\/scontent.ftia5-1.fna.fbcdn.net\/v\/t39.30808-6\/766320981_28634880152780677_8334299504456035347_n.jpg?stp=dst-jpg_tt6&amp;cstp=mx1280x853&amp;ctp=s1280x853&amp;_nc_cat=111&amp;ccb=1-7&amp;_nc_sid=833d8c&amp;_nc_ohc=y33WlI106fYQ7kNvwH70WM2&amp;_nc_oc=Adr8wi_niqUrCZKjb_-sYhn1I8ld3OoIDzTIfTFnOeHIapAZN3T2XQEjZxZnUxDGbs0&amp;_nc_zt=23&amp;_nc_ht=scontent.ftia5-1.fna&amp;_nc_gid=VvHb9DvttSKlG7HfXL1ZNw&amp;_nc_ss=7b2a8&amp;oh=00_AQEccrOG5GmY6Y1_3bv_5L7ThrJoFKEaNnmnhdvS47Vrig&amp;oe=6A7A944C\" alt=\"P\u00ebrshkrimi i fotografis\u00eb nuk \u00ebsht\u00eb i disponuesh\u00ebm.\" \/><\/p>\n<p><img decoding=\"async\" src=\"https:\/\/scontent.ftia5-1.fna.fbcdn.net\/v\/t39.30808-6\/763925970_28634877012780991_2468402723660640396_n.jpg?stp=dst-jpg_tt6&amp;cstp=mx853x1280&amp;ctp=s853x1280&amp;_nc_cat=104&amp;ccb=1-7&amp;_nc_sid=833d8c&amp;_nc_ohc=91Ez1BX_wdcQ7kNvwEJVyY-&amp;_nc_oc=AdqUY5eDrfZQPO4Kx9bAktJXdCGhZ3IF8tHrrJXXk1KFr5H-ZTnCp_kRXvEcp4u5ZLg&amp;_nc_zt=23&amp;_nc_ht=scontent.ftia5-1.fna&amp;_nc_gid=i0LQvkoOQMP_9c3SYeDjtg&amp;_nc_ss=7b2a8&amp;oh=00_AQHGKpQQ-R6fsXb6La4TYU9qzbzNTV-BM3hkQu3HfNQ-hg&amp;oe=6A7A8A40\" alt=\"Mund t\u00eb jet\u00eb nj\u00eb imazh i teksti q\u00eb thot\u00eb &quot;Abaz Kupi 6gushr.1892-17janar1976 6 gusht 1892 17 janar 1976 Abaz AbazKupi Kupi pide -1a 1906&quot;\" \/><\/p>\n<p><img decoding=\"async\" src=\"https:\/\/scontent.ftia5-1.fna.fbcdn.net\/v\/t39.30808-6\/765818063_28634877762780916_1961911079654904959_n.jpg?stp=dst-jpg_tt6&amp;cstp=mx853x1280&amp;ctp=s853x1280&amp;_nc_cat=101&amp;ccb=1-7&amp;_nc_sid=833d8c&amp;_nc_ohc=bWnQihRK_HAQ7kNvwHN4EpR&amp;_nc_oc=AdqiwXg-NfC-IJLBJPfm7m5fJIngiE5KLXbPW-AHVjiquU4IrUTUc5CvcegKXZ2yC5w&amp;_nc_zt=23&amp;_nc_ht=scontent.ftia5-1.fna&amp;_nc_gid=ax__YjZVxVnvo2Oi7KZdpg&amp;_nc_ss=7b2a8&amp;oh=00_AQGsmB1wCgC6Ku7iaECmWyw8-_m-VVucj3UcluLH4HDTVA&amp;oe=6A7AA5D2\" alt=\"Mund t\u00eb jet\u00eb nj\u00eb imazh i teksti\" \/><\/p>\n<p><img decoding=\"async\" src=\"https:\/\/scontent.ftia5-1.fna.fbcdn.net\/v\/t39.30808-6\/768432894_28634876066114419_7888394777511193738_n.jpg?stp=dst-jpg_tt6&amp;cstp=mx853x1280&amp;ctp=s853x1280&amp;_nc_cat=105&amp;ccb=1-7&amp;_nc_sid=833d8c&amp;_nc_ohc=dSWuZTsQYfQQ7kNvwF27GJT&amp;_nc_oc=AdrGopyegBNbf852ts0d_ed0J6aSMTq6l6EoGNcVn_IPqBKwmNquhjs37hp1Psm13Es&amp;_nc_zt=23&amp;_nc_ht=scontent.ftia5-1.fna&amp;_nc_gid=3QWH0f8LDpFYIKeac0-0bA&amp;_nc_ss=7b2a8&amp;oh=00_AQE5hVWDHPzDGuO9waH23i7S7Gtxlx3D13HsMXY9Pf4AZg&amp;oe=6A7A7C75\" alt=\"Mund t\u00eb jet\u00eb nj\u00eb imazh i teksti q\u00eb thot\u00eb &quot;Abaz AbagKupi AbazKupi Kupi&quot;\" \/><\/p>\n<p><img decoding=\"async\" src=\"https:\/\/scontent.ftia5-1.fna.fbcdn.net\/v\/t39.30808-6\/764036546_28634875859447773_122255576570612870_n.jpg?stp=dst-jpg_tt6&amp;cstp=mx853x1280&amp;ctp=s853x1280&amp;_nc_cat=111&amp;ccb=1-7&amp;_nc_sid=833d8c&amp;_nc_ohc=C4UYe0_NQlcQ7kNvwFztXoc&amp;_nc_oc=AdocnrScTsQftX1JKBmhAncsNwSNprzFsH82rvngxAmKvpcHHu_myC-LQKTlhJu3yfo&amp;_nc_zt=23&amp;_nc_ht=scontent.ftia5-1.fna&amp;_nc_gid=qzDC5FbuLOV7dsJ9aOw6Yg&amp;_nc_ss=7b2a8&amp;oh=00_AQE8m6CpUqHuhfNRyAlDXJwEfT-Sb51ivCeB-1LlA5GKJA&amp;oe=6A7A8888\" alt=\"P\u00ebrshkrimi i fotografis\u00eb nuk \u00ebsht\u00eb i disponuesh\u00ebm.\" \/><\/p>\n<\/div>\n","protected":false},"excerpt":{"rendered":"<p>Dega e PD n\u00eb Kruj\u00eb dhe Partia L\u00ebvizja e Legalitetit mbajt\u00ebn n\u00eb Kruj\u00eb nj\u00eb ceremoni p\u00ebrkujtimore p\u00ebr 134-vjetorin e lindjes s\u00eb personalitetit t\u00eb shquar shqiptar, Abaz Kupi. Gjat\u00eb fjal\u00ebs s\u00eb tij, kreu i PD n\u00eb Kruj\u00eb, Aulon Kalaja, tha se politika duhet t\u00eb b\u00ebj\u00eb m\u00eb shum\u00eb p\u00ebr t\u00eb vler\u00ebsuar figura t\u00eb tilla, duke theksuar se &hellip;<\/p>\n","protected":false},"author":4,"featured_media":150523,"comment_status":"closed","ping_status":"closed","sticky":false,"template":"","format":"standard","meta":{"footnotes":""},"categories":[37],"tags":[],"class_list":["post-150522","post","type-post","status-publish","format-standard","has-post-thumbnail","","category-politike"],"_links":{"self":[{"href":"https:\/\/rdnews.al\/index.php\/wp-json\/wp\/v2\/posts\/150522","targetHints":{"allow":["GET"]}}],"collection":[{"href":"https:\/\/rdnews.al\/index.php\/wp-json\/wp\/v2\/posts"}],"about":[{"href":"https:\/\/rdnews.al\/index.php\/wp-json\/wp\/v2\/types\/post"}],"author":[{"embeddable":true,"href":"https:\/\/rdnews.al\/index.php\/wp-json\/wp\/v2\/users\/4"}],"replies":[{"embeddable":true,"href":"https:\/\/rdnews.al\/index.php\/wp-json\/wp\/v2\/comments?post=150522"}],"version-history":[{"count":2,"href":"https:\/\/rdnews.al\/index.php\/wp-json\/wp\/v2\/posts\/150522\/revisions"}],"predecessor-version":[{"id":150525,"href":"https:\/\/rdnews.al\/index.php\/wp-json\/wp\/v2\/posts\/150522\/revisions\/150525"}],"wp:featuredmedia":[{"embeddable":true,"href":"https:\/\/rdnews.al\/index.php\/wp-json\/wp\/v2\/media\/150523"}],"wp:attachment":[{"href":"https:\/\/rdnews.al\/index.php\/wp-json\/wp\/v2\/media?parent=150522"}],"wp:term":[{"taxonomy":"category","embeddable":true,"href":"https:\/\/rdnews.al\/index.php\/wp-json\/wp\/v2\/categories?post=150522"},{"taxonomy":"post_tag","embeddable":true,"href":"https:\/\/rdnews.al\/index.php\/wp-json\/wp\/v2\/tags?post=150522"}],"curies":[{"name":"wp","href":"https:\/\/api.w.org\/{rel}","templated":true}]}}