{"id":150532,"date":"2026-08-06T16:51:47","date_gmt":"2026-08-06T16:51:47","guid":{"rendered":"https:\/\/rdnews.al\/?p=150532"},"modified":"2026-08-06T16:51:47","modified_gmt":"2026-08-06T16:51:47","slug":"korrupsioni-tre-vite-pa-fondet-ipard-ne-bujqesi","status":"publish","type":"post","link":"https:\/\/rdnews.al\/index.php\/2026\/08\/06\/korrupsioni-tre-vite-pa-fondet-ipard-ne-bujqesi\/","title":{"rendered":"Korrupsioni\/ Tre vite pa fondet IPARD n\u00eb bujq\u00ebsi"},"content":{"rendered":"<p>N\u00eb fillim t\u00eb vitit, ministri i Bujq\u00ebsis\u00eb, Andis Salla, deklaroi se fondet e programit IPARD III do t\u00eb hapeshin brenda gjasht\u00ebmujorit t\u00eb par\u00eb t\u00eb vitit.<\/p>\n<p><em>\u201cUn\u00eb n\u00eb dat\u00ebn 9 jam dhe n\u00eb Bruksel bashk\u00eb me ekipin p\u00ebr t\u00eb vazhduar hapat e m\u00ebtejsh\u00ebm n\u00eb m\u00ebnyr\u00eb q\u00eb ne brenda gjasht\u00ebmujorit t\u00eb par\u00eb t\u00eb vazhdojm\u00eb me \u00e7eljen dhe hapjen e k\u00ebtij sektori kaq t\u00eb r\u00ebnd\u00ebsish\u00ebm\u2026\u201d \u2013\u00a0<\/em>premtoi\u00a0Salla.<em>\u00a0<\/em><\/p>\n<p>Megjithat\u00eb, fondet IPARD III nuk u \u00e7el\u00ebn dhe nuk ka pasur asnj\u00eb vendim t\u00eb Komisionit Evropian q\u00eb t\u00eb autorizoj\u00eb rifillimin e programit.<\/p>\n<p><strong>\u00c7far\u00eb tha Ministria pasi kaloi afati?<\/strong><\/p>\n<p>N\u00eb fillim t\u00eb muajit korrik, pas p\u00ebrfundimit t\u00eb afatit t\u00eb p\u00ebrmendur nga ministri, Faktoje iu drejtua Ministris\u00eb s\u00eb Bujq\u00ebsis\u00eb p\u00ebr t\u00eb kuptuar mbi \u00e7far\u00eb baze ishte b\u00ebr\u00eb deklarata dhe n\u00eb \u00e7far\u00eb faze ndodhej procesi p\u00ebr rikthimin e fondeve IPARD n\u00eb bujq\u00ebsi.<\/p>\n<div class=\"jnews_inline_related_post_wrapper left\">\n<div class=\"jnews_inline_related_post\">\n<div class=\"jeg_postblock_29 jeg_postblock jeg_module_hook jeg_pagination_disable jeg_col_2o3 jnews_module_1721082_0_6a74b9de5c9af   \" data-unique=\"jnews_module_1721082_0_6a74b9de5c9af\">\n<div class=\"jeg_block_heading jeg_block_heading_6 jeg_subcat_right\"><\/div>\n<div class=\"jeg_block_navigation\"><em>\u201cDeklarata e Ministrit mb\u00ebshtetet n\u00eb vler\u00ebsimin e ecuris\u00eb s\u00eb procesit t\u00eb riakreditimit t\u00eb masave t\u00eb IPARD III dhe gatishm\u00ebrin\u00eb e vazhdueshme t\u00eb strukturave p\u00ebrkat\u00ebse t\u00eb Bashkimit Evropian\u201d,<\/em>\u00a0thuhet n\u00eb p\u00ebrgjigjen zyrtare nga ministria e Bujq\u00ebsis\u00eb.<\/div>\n<\/div>\n<\/div>\n<\/div>\n<p>Ministria nuk identifikoi (n\u00eb p\u00ebrgjigje) asnj\u00eb vendim, shkres\u00eb apo komunikim zyrtar t\u00eb Komisionit Evropian q\u00eb t\u00eb konfirmonte afatin e qershorit.<\/p>\n<p><em>\u201cMinistria \u00ebsht\u00eb n\u00eb komunikim t\u00eb vazhduesh\u00ebm me Komisionin Evropian lidhur me procesin e delegimit t\u00eb kompetencave p\u00ebr zbatimin e IPARD III. Objektivi yn\u00eb mbetet p\u00ebrmbushja e t\u00eb gjitha k\u00ebrkesave institucionale dhe teknike q\u00eb do t\u00eb mund\u00ebsojn\u00eb \u00e7eljen e fondeve\u201d,<\/em>\u00a0shtohet m\u00eb tej.<\/p>\n<p>N\u00eb p\u00ebrgjigjet zyrtare, institucioni konfirmon se Shqip\u00ebria kishte p\u00ebrdit\u00ebsuar dokumentacionin, kishte adresuar komentet teknike dhe po p\u00ebrgatiste procesin e auditimit, por procedurat vijonin ende dhe nuk rezultonte t\u00eb ishte marr\u00eb vendimi p\u00ebr rifillimin e programit.<\/p>\n<p>Me fjal\u00eb t\u00eb tjera, ministria e Bujq\u00ebsis\u00eb pranoi se premtimi i ministrit nuk ishte mb\u00ebshtetur n\u00eb nj\u00eb konfirmim zyrtar t\u00eb Komisionit Evropian.<\/p>\n<p>Edhe vet\u00eb ministri Salla u detyrua t\u00eb jap\u00eb sqarime pasi kaloi qershori. N\u00eb nj\u00eb\u00a0<a href=\"https:\/\/shqiptarja.com\/lajm\/cfare-po-ndodh-me-fondet-ipard-ministri-salla-shqiperia-ne-fazen-perfundimtare-te-vleresimit\" target=\"_blank\" rel=\"noopener\">intervist\u00eb<\/a>\u00a0televizive n\u00eb fillim t\u00eb korrikut, ai nuk foli m\u00eb p\u00ebr nj\u00eb dat\u00eb konkrete t\u00eb rikthimit t\u00eb IPARD III, por e p\u00ebrshkroi procesin si ende n\u00eb pritje t\u00eb vler\u00ebsimit nga Komisioni Evropian.<\/p>\n<p><em>\u201cP\u00ebr fondet IPARD jemi n\u00eb nj\u00eb proces t\u00eb vazhduesh\u00ebm me Komisionin Evropian. Jav\u00ebn e kaluar pat\u00ebm n\u00eb komisionin p\u00ebr fondet IPARD dhe jemi n\u00eb faz\u00ebn p\u00ebrfundimtare ku kemi b\u00ebr\u00eb t\u00eb gjith\u00eb detyrat q\u00eb na jan\u00eb k\u00ebrkuar dhe jemi n\u00eb faz\u00ebn p\u00ebrfundimtare t\u00eb vler\u00ebsimit\u201d,<\/em>\u00a0deklaroi\u00a0ministri.<\/p>\n<p><strong>Nj\u00eb histori afatesh t\u00eb shkelura<\/strong><\/p>\n<p>Kjo nuk \u00ebsht\u00eb hera e par\u00eb q\u00eb autoritetet shqiptare shpallin nj\u00eb afat p\u00ebr\u00a0hapjen\u00a0e IPARD III. Q\u00eb prej pezullimit t\u00eb programit n\u00eb vitin 2023, qeveria ka dh\u00ebn\u00eb disa her\u00eb afate p\u00ebr rikthimin e fondeve, nd\u00ebrsa Komisioni Evropian ka p\u00ebrs\u00ebritur se procesi varet nga p\u00ebrmbushja e kushteve dhe nuk ka nj\u00eb dat\u00eb t\u00eb p\u00ebrcaktuar p\u00ebr rifillimin e programit.<\/p>\n<p>Edhe p\u00ebr afatin e fundit t\u00eb dh\u00ebn\u00eb nga ministri Andis Salla, \u201cFaktoje\u201d\u00a0paralajm\u00ebroi\u00a0se ai nuk mb\u00ebshtetej n\u00eb nj\u00eb konfirmim zyrtar nga Brukseli. N\u00eb at\u00eb koh\u00eb, \u00e7do pritshm\u00ebri p\u00ebr hapjen e programit brenda nj\u00eb periudhe t\u00eb p\u00ebrcaktuar konsiderohej nj\u00eb parashikim i nj\u00ebansh\u00ebm i autoriteteve shqiptare dhe jo nj\u00eb dat\u00eb e konfirmuar nga pala evropiane.<\/p>\n<p>M\u00eb tej, pak jav\u00eb pas deklaratave t\u00eb qeveris\u00eb shqiptare p\u00ebr nj\u00eb rikthim t\u00eb af\u00ebrt t\u00eb fondeve, Komisioni Evropian\u00a0konfirmoi\u00a0p\u00ebr Faktoje se procedura me autoritetet shqiptare ishte ende n\u00eb zhvillim dhe se nuk ekzistonte nj\u00eb afat i p\u00ebrcaktuar p\u00ebr rifillimin e programit\u00a0IPARD III.<\/p>\n<p>Sipas Komisionit, vijonin diskutimet p\u00ebr p\u00ebrmbushjen e masave korrigjuese dhe vendosjen e mekanizmave t\u00eb nevojsh\u00ebm p\u00ebr mbrojtjen e interesave financiare t\u00eb Bashkimit Evropian.<\/p>\n<p><strong>Pse u pezullua IPARD?<\/strong><\/p>\n<p>Programi i mb\u00ebshtetjes n\u00eb bujq\u00ebsi IPARD ofron grante n\u00eb ndihm\u00eb t\u00eb sektorit bujq\u00ebsor p\u00ebr t\u00eb gjitha vendet q\u00eb jan\u00eb n\u00eb proces an\u00ebtar\u00ebsimi me Bashkimin Evropian. Shqip\u00ebria \u00ebsht\u00eb nj\u00eb prej pes\u00eb vendeve p\u00ebrfituese t\u00eb mb\u00ebshtetjes me grante.<\/p>\n<p>Shqip\u00ebria p\u00ebrfitoi mbi 71 milion\u00eb euro grante gjat\u00eb periudh\u00ebs 2014\u20132020 p\u00ebrmes IPARD II. Nd\u00ebrsa vendi priste nisjen e programit IPARD III me rreth 146 milion\u00eb euro financim, n\u00eb korrik 2023 Komisioni Evropian pezulloi fondet pas dyshimeve p\u00ebr parregullsi dhe korrupsion n\u00eb administrimin e skem\u00ebs. Vendimi u mb\u00ebshtet edhe n\u00eb gjetjet e Zyr\u00ebs Evropiane Kund\u00ebr Mashtrimit (OLAF).<img loading=\"lazy\" decoding=\"async\" src=\"https:\/\/ads.adsense.al\/www\/delivery\/lg.php?bannerid=0&amp;campaignid=0&amp;zoneid=138&amp;loc=https%3A%2F%2Fboldnews.al%2F2026%2F08%2F06%2Ftre-vite-pa-fondet-ipard-ne-bujqesi%2F&amp;referer=https%3A%2F%2Fboldnews.al%2Fcategory%2Faktualitet%2F&amp;cb=0a6a2cd445\" alt=\"\" width=\"0\" height=\"0\" \/><\/p>\n<p>Prej tre vitesh, autoritetet shqiptare kan\u00eb nd\u00ebrmarr\u00eb nj\u00eb s\u00ebr\u00eb masash p\u00ebr p\u00ebrmbushjen e k\u00ebrkesave t\u00eb Komisionit Evropian, p\u00ebrfshir\u00eb auditime, rishikim t\u00eb procedurave dhe p\u00ebrgatitjen p\u00ebr riakreditimin e strukturave q\u00eb administrojn\u00eb fondet.<\/p>\n<p>Megjithat\u00eb, vendimi p\u00ebr rikthimin e programit mbetet n\u00eb duart e Komisionit Evropian dhe deri m\u00eb tani nuk \u00ebsht\u00eb shpallur asnj\u00eb dat\u00eb zyrtare p\u00ebr rifillimin e IPARD III.<\/p>\n<p><strong>P\u00ebrfundim<\/strong><\/p>\n<p>Ministri i Bujq\u00ebsis\u00eb Andis Salla premtoi publikisht se fondet IPARD III do t\u00eb hapeshin brenda gjasht\u00ebmujorit t\u00eb par\u00eb t\u00eb vitit 2026. Afati ka kaluar dhe fondet nuk jan\u00eb hapur.<\/p>\n<p>P\u00ebrgjigjet zyrtare t\u00eb Ministris\u00eb s\u00eb Bujq\u00ebsis\u00eb p\u00ebr \u201cFaktoje\u201d si dhe komunikimi zyrtar me Komisionin Evropian rr\u00ebzojn\u00eb premtimin e ministrit, duke konfirmuar se procedura vijon dhe nuk ka nj\u00eb afat zyrtar p\u00ebr rifillimin e programit.<\/p>\n<p>P\u00ebr k\u00ebto arsye, premtimi p\u00ebr rikthimin e fondeve IPARD III brenda qershorit, e kategorizojm\u00eb premtim t\u00eb pambajtur.<\/p>\n<p><strong>\/Esmeralda Topi \u2013<a href=\"https:\/\/faktoje.al\/tre-vite-pa-fondet-ipard-ne-bujqesi\/\" target=\"_blank\" rel=\"noopener\">\u00a0Faktoje<\/a><\/strong><\/p>\n","protected":false},"excerpt":{"rendered":"<p>N\u00eb fillim t\u00eb vitit, ministri i Bujq\u00ebsis\u00eb, Andis Salla, deklaroi se fondet e programit IPARD III do t\u00eb hapeshin brenda gjasht\u00ebmujorit t\u00eb par\u00eb t\u00eb vitit. \u201cUn\u00eb n\u00eb dat\u00ebn 9 jam dhe n\u00eb Bruksel bashk\u00eb me ekipin p\u00ebr t\u00eb vazhduar hapat e m\u00ebtejsh\u00ebm n\u00eb m\u00ebnyr\u00eb q\u00eb ne brenda gjasht\u00ebmujorit t\u00eb par\u00eb t\u00eb vazhdojm\u00eb me \u00e7eljen dhe &hellip;<\/p>\n","protected":false},"author":4,"featured_media":150533,"comment_status":"closed","ping_status":"closed","sticky":false,"template":"","format":"standard","meta":{"footnotes":""},"categories":[37],"tags":[],"class_list":["post-150532","post","type-post","status-publish","format-standard","has-post-thumbnail","","category-politike"],"_links":{"self":[{"href":"https:\/\/rdnews.al\/index.php\/wp-json\/wp\/v2\/posts\/150532","targetHints":{"allow":["GET"]}}],"collection":[{"href":"https:\/\/rdnews.al\/index.php\/wp-json\/wp\/v2\/posts"}],"about":[{"href":"https:\/\/rdnews.al\/index.php\/wp-json\/wp\/v2\/types\/post"}],"author":[{"embeddable":true,"href":"https:\/\/rdnews.al\/index.php\/wp-json\/wp\/v2\/users\/4"}],"replies":[{"embeddable":true,"href":"https:\/\/rdnews.al\/index.php\/wp-json\/wp\/v2\/comments?post=150532"}],"version-history":[{"count":2,"href":"https:\/\/rdnews.al\/index.php\/wp-json\/wp\/v2\/posts\/150532\/revisions"}],"predecessor-version":[{"id":150535,"href":"https:\/\/rdnews.al\/index.php\/wp-json\/wp\/v2\/posts\/150532\/revisions\/150535"}],"wp:featuredmedia":[{"embeddable":true,"href":"https:\/\/rdnews.al\/index.php\/wp-json\/wp\/v2\/media\/150533"}],"wp:attachment":[{"href":"https:\/\/rdnews.al\/index.php\/wp-json\/wp\/v2\/media?parent=150532"}],"wp:term":[{"taxonomy":"category","embeddable":true,"href":"https:\/\/rdnews.al\/index.php\/wp-json\/wp\/v2\/categories?post=150532"},{"taxonomy":"post_tag","embeddable":true,"href":"https:\/\/rdnews.al\/index.php\/wp-json\/wp\/v2\/tags?post=150532"}],"curies":[{"name":"wp","href":"https:\/\/api.w.org\/{rel}","templated":true}]}}