{"id":150686,"date":"2026-08-08T10:45:27","date_gmt":"2026-08-08T10:45:27","guid":{"rendered":"https:\/\/rdnews.al\/?p=150686"},"modified":"2026-08-08T10:46:18","modified_gmt":"2026-08-08T10:46:18","slug":"berisha-shtresa-e-mesme-eshte-shtylla-kryesore-e-shoqerise-promotori-i-zhvillimit-te-saj-ne-do-bejme-gjithcka-per-begatimin-e-saj","status":"publish","type":"post","link":"https:\/\/rdnews.al\/index.php\/2026\/08\/08\/berisha-shtresa-e-mesme-eshte-shtylla-kryesore-e-shoqerise-promotori-i-zhvillimit-te-saj-ne-do-bejme-gjithcka-per-begatimin-e-saj\/","title":{"rendered":"Shtresa e mesme \u00ebsht\u00eb shtylla kryesore e shoq\u00ebris\u00eb, promotori i zhvillimit t\u00eb saj! Ne do b\u00ebjm\u00eb gjith\u00e7ka p\u00ebr begatimin e saj"},"content":{"rendered":"<p><strong>G. N. Grimci: P\u00ebrsh\u00ebndetje doktor. A po e pret Rama n\u00eb bes\u00eb shtres\u00ebn e mesme se i ka dh\u00ebn\u00eb bes\u00ebn krimit? Sot zoti Berisha, Shqip\u00ebria \u00ebsht\u00eb nj\u00eb parajs\u00eb p\u00ebr t\u00eb kriminalizuarit, pasi askush nuk u k\u00ebrkon llogari p\u00ebr miliona euro q\u00eb qarkullojn\u00eb. Nga ana tjet\u00ebr vendi \u00ebsht\u00eb kthyer n\u00eb ferr financiar p\u00ebr shtres\u00ebn e mesme. \u00c7far\u00eb do t\u00eb b\u00ebni ju p\u00ebrball\u00eb k\u00ebtij realiteti?<\/strong><\/p>\n<p><strong>Sali Berisha:<\/strong> Faleminderit p\u00ebr pyetjen.<br \/>\nEdi Rama, betej\u00ebn me shtres\u00ebn e mesme dhe p\u00ebrpjekjen e tij p\u00ebr d\u00ebbimin e shtres\u00ebs s\u00eb mesme nga Shqip\u00ebria, e filloi me taks\u00ebn 23% q\u00eb u vuri profesioneve t\u00eb lira, t\u00eb cilat duhet ta pranojm\u00eb, p\u00ebrb\u00ebjn\u00eb pjes\u00ebn m\u00eb vitale t\u00eb shtres\u00ebs s\u00eb mesme dhe t\u00eb sh\u00ebrbimeve n\u00eb Shqip\u00ebri.<br \/>\nNuk jan\u00eb vet\u00ebm profesionet e lira, por t\u00eb nj\u00ebjtin fat ai po i rezervon me \u00e7do kusht k\u00ebsaj shtrese n\u00eb m\u00ebnyr\u00eb q\u00eb n\u00eb Shqip\u00ebri t\u00eb mbeten ai, oligark\u00ebt e tij dhe punonj\u00ebs skllev\u00ebr t\u00eb cil\u00ebt nuk votojn\u00eb por, marrin rrogat dhe t\u00eb shtypur q\u00ebndrojn\u00eb n\u00eb pun\u00eb, nj\u00eblloj si n\u00eb vende t\u00eb tjera pa t\u00eb drejta, nga vendet e Azis\u00eb, Afrik\u00ebs e t\u00eb tjer\u00eb. Un\u00eb garantoj shtres\u00ebn e mesme, garantoj profesionet e lira, se politika fiskale e k\u00ebsaj partie do t&#8217;u krijoj\u00eb atyre mund\u00ebsi t\u00eb shpalosin t\u00eb gjitha aft\u00ebsit\u00eb dhe t\u00eb g\u00ebzojn\u00eb prosperitetin q\u00eb meritojn\u00eb.<br \/>\nShtresa e mesme \u00ebsht\u00eb shtylla m\u00eb kryesore e shoq\u00ebris\u00eb, \u00ebsht\u00eb promotori i zhvillimit t\u00eb saj. Ndaj dhe ne do b\u00ebjm\u00eb gjith\u00e7ka p\u00ebr begatimin, prosperitetin, zhvillimin e saj, por do b\u00ebjm\u00eb gjith\u00e7ka t\u00eb rikthejm\u00eb sa m\u00eb shum\u00eb shqiptar\u00eb nga Shqip\u00ebria, me q\u00ebllim shtimin e k\u00ebsaj shtrese dhe rritjen e numrit t\u00eb popullat\u00ebs.<br \/>\nPolitika e ripopullimit do t\u00eb jet\u00eb nj\u00eb nga linjat m\u00eb kryesore t\u00eb politik\u00ebs son\u00eb.<\/p>\n","protected":false},"excerpt":{"rendered":"<p>G. N. Grimci: P\u00ebrsh\u00ebndetje doktor. A po e pret Rama n\u00eb bes\u00eb shtres\u00ebn e mesme se i ka dh\u00ebn\u00eb bes\u00ebn krimit? Sot zoti Berisha, Shqip\u00ebria \u00ebsht\u00eb nj\u00eb parajs\u00eb p\u00ebr t\u00eb kriminalizuarit, pasi askush nuk u k\u00ebrkon llogari p\u00ebr miliona euro q\u00eb qarkullojn\u00eb. Nga ana tjet\u00ebr vendi \u00ebsht\u00eb kthyer n\u00eb ferr financiar p\u00ebr shtres\u00ebn e mesme. &hellip;<\/p>\n","protected":false},"author":4,"featured_media":150687,"comment_status":"closed","ping_status":"closed","sticky":false,"template":"","format":"standard","meta":{"footnotes":""},"categories":[37],"tags":[],"class_list":["post-150686","post","type-post","status-publish","format-standard","has-post-thumbnail","","category-politike"],"_links":{"self":[{"href":"https:\/\/rdnews.al\/index.php\/wp-json\/wp\/v2\/posts\/150686","targetHints":{"allow":["GET"]}}],"collection":[{"href":"https:\/\/rdnews.al\/index.php\/wp-json\/wp\/v2\/posts"}],"about":[{"href":"https:\/\/rdnews.al\/index.php\/wp-json\/wp\/v2\/types\/post"}],"author":[{"embeddable":true,"href":"https:\/\/rdnews.al\/index.php\/wp-json\/wp\/v2\/users\/4"}],"replies":[{"embeddable":true,"href":"https:\/\/rdnews.al\/index.php\/wp-json\/wp\/v2\/comments?post=150686"}],"version-history":[{"count":2,"href":"https:\/\/rdnews.al\/index.php\/wp-json\/wp\/v2\/posts\/150686\/revisions"}],"predecessor-version":[{"id":150689,"href":"https:\/\/rdnews.al\/index.php\/wp-json\/wp\/v2\/posts\/150686\/revisions\/150689"}],"wp:featuredmedia":[{"embeddable":true,"href":"https:\/\/rdnews.al\/index.php\/wp-json\/wp\/v2\/media\/150687"}],"wp:attachment":[{"href":"https:\/\/rdnews.al\/index.php\/wp-json\/wp\/v2\/media?parent=150686"}],"wp:term":[{"taxonomy":"category","embeddable":true,"href":"https:\/\/rdnews.al\/index.php\/wp-json\/wp\/v2\/categories?post=150686"},{"taxonomy":"post_tag","embeddable":true,"href":"https:\/\/rdnews.al\/index.php\/wp-json\/wp\/v2\/tags?post=150686"}],"curies":[{"name":"wp","href":"https:\/\/api.w.org\/{rel}","templated":true}]}}