{"id":150978,"date":"2026-08-12T18:12:20","date_gmt":"2026-08-12T18:12:20","guid":{"rendered":"https:\/\/rdnews.al\/?p=150978"},"modified":"2026-08-12T18:12:20","modified_gmt":"2026-08-12T18:12:20","slug":"flaket-perfshijne-shqiperine-zjarr-edhe-ne-kodrat-e-tiranes","status":"publish","type":"post","link":"https:\/\/rdnews.al\/index.php\/2026\/08\/12\/flaket-perfshijne-shqiperine-zjarr-edhe-ne-kodrat-e-tiranes\/","title":{"rendered":"Flak\u00ebt p\u00ebrfshijn\u00eb Shqip\u00ebrin\u00eb, zjarr edhe n\u00eb kodrat e Tiran\u00ebs"},"content":{"rendered":"<p>Shqip\u00ebria po p\u00ebrballet me nj\u00eb dit\u00eb t\u00eb v\u00ebshtir\u00eb p\u00ebr shkak t\u00eb zjarreve t\u00eb shumta q\u00eb kan\u00eb p\u00ebrfshir\u00eb disa qarqe t\u00eb vendit.<\/p>\n<p>Raportohet p\u00ebr 9 vatra aktive, nd\u00ebrsa mbi 450 forca operacionale jan\u00eb angazhuar n\u00eb terren, t\u00eb mb\u00ebshtetura nga 5 mjete ajrore.<\/p>\n<p>N\u00eb Tiran\u00eb, flak\u00ebt jan\u00eb p\u00ebrhapur n\u00eb kodr\u00ebn mes Prisk\u00ebs dhe Fark\u00ebs, ku zjarrfik\u00ebsit po nd\u00ebrhyjn\u00eb edhe nga ajri me helikopter.<\/p>\n<p>P\u00ebr momentin nuk ka rrezik t\u00eb drejtp\u00ebrdrejt\u00eb p\u00ebr banesat. N\u00eb Dajt, operacioni vijon mbi tunelet e Qaf\u00eb-Moll\u00ebs me forca n\u00eb terren dhe dy helikopter\u00eb.<\/p>\n<p>N\u00eb Patos, vatra e Drenies vijon t\u00eb jet\u00eb aktive, nd\u00ebrsa n\u00eb Kruj\u00eb jan\u00eb evidentuar disa vatra t\u00eb reja.<\/p>\n<p>N\u00eb lagjen Boje, zjarrfik\u00ebsit jan\u00eb pozicionuar pran\u00eb banesave, nd\u00ebrsa nj\u00eb helikopter po nd\u00ebrhyn nga ajri p\u00ebr t\u00eb frenuar p\u00ebrhapjen e flak\u00ebve.<\/p>\n<p>Situata mbetet e r\u00ebnduar edhe n\u00eb jug t\u00eb vendit. N\u00eb P\u00ebrmet, zjarri ka p\u00ebrfshir\u00eb malin e N\u00ebmer\u00e7k\u00ebs dhe malin e Dh\u00ebmbelit, duke rrezikuar sip\u00ebrfaqe t\u00eb gjera pyjore.<\/p>\n<p>Nd\u00ebrkoh\u00eb, n\u00eb Devoll, vatra n\u00eb malin e Morav\u00ebs \u00ebsht\u00eb izoluar dhe po mbahet n\u00ebn monitorim p\u00ebr t\u00eb shmangur riaktivizimin.<\/p>\n","protected":false},"excerpt":{"rendered":"<p>Shqip\u00ebria po p\u00ebrballet me nj\u00eb dit\u00eb t\u00eb v\u00ebshtir\u00eb p\u00ebr shkak t\u00eb zjarreve t\u00eb shumta q\u00eb kan\u00eb p\u00ebrfshir\u00eb disa qarqe t\u00eb vendit. Raportohet p\u00ebr 9 vatra aktive, nd\u00ebrsa mbi 450 forca operacionale jan\u00eb angazhuar n\u00eb terren, t\u00eb mb\u00ebshtetura nga 5 mjete ajrore. N\u00eb Tiran\u00eb, flak\u00ebt jan\u00eb p\u00ebrhapur n\u00eb kodr\u00ebn mes Prisk\u00ebs dhe Fark\u00ebs, ku zjarrfik\u00ebsit po &hellip;<\/p>\n","protected":false},"author":4,"featured_media":120790,"comment_status":"closed","ping_status":"closed","sticky":false,"template":"","format":"standard","meta":{"footnotes":""},"categories":[37],"tags":[],"class_list":["post-150978","post","type-post","status-publish","format-standard","has-post-thumbnail","","category-politike"],"_links":{"self":[{"href":"https:\/\/rdnews.al\/index.php\/wp-json\/wp\/v2\/posts\/150978","targetHints":{"allow":["GET"]}}],"collection":[{"href":"https:\/\/rdnews.al\/index.php\/wp-json\/wp\/v2\/posts"}],"about":[{"href":"https:\/\/rdnews.al\/index.php\/wp-json\/wp\/v2\/types\/post"}],"author":[{"embeddable":true,"href":"https:\/\/rdnews.al\/index.php\/wp-json\/wp\/v2\/users\/4"}],"replies":[{"embeddable":true,"href":"https:\/\/rdnews.al\/index.php\/wp-json\/wp\/v2\/comments?post=150978"}],"version-history":[{"count":1,"href":"https:\/\/rdnews.al\/index.php\/wp-json\/wp\/v2\/posts\/150978\/revisions"}],"predecessor-version":[{"id":150979,"href":"https:\/\/rdnews.al\/index.php\/wp-json\/wp\/v2\/posts\/150978\/revisions\/150979"}],"wp:featuredmedia":[{"embeddable":true,"href":"https:\/\/rdnews.al\/index.php\/wp-json\/wp\/v2\/media\/120790"}],"wp:attachment":[{"href":"https:\/\/rdnews.al\/index.php\/wp-json\/wp\/v2\/media?parent=150978"}],"wp:term":[{"taxonomy":"category","embeddable":true,"href":"https:\/\/rdnews.al\/index.php\/wp-json\/wp\/v2\/categories?post=150978"},{"taxonomy":"post_tag","embeddable":true,"href":"https:\/\/rdnews.al\/index.php\/wp-json\/wp\/v2\/tags?post=150978"}],"curies":[{"name":"wp","href":"https:\/\/api.w.org\/{rel}","templated":true}]}}