{"id":150988,"date":"2026-08-12T19:15:16","date_gmt":"2026-08-12T19:15:16","guid":{"rendered":"https:\/\/rdnews.al\/?p=150988"},"modified":"2026-08-12T19:15:16","modified_gmt":"2026-08-12T19:15:16","slug":"protestuesja-rames-ky-popull-ka-forcen-te-te-rrezoje-nga-ajo-karrige","status":"publish","type":"post","link":"https:\/\/rdnews.al\/index.php\/2026\/08\/12\/protestuesja-rames-ky-popull-ka-forcen-te-te-rrezoje-nga-ajo-karrige\/","title":{"rendered":"Protestuesja-Ram\u00ebs: Ky popull ka forc\u00ebn t\u00eb t\u00eb rr\u00ebzoj\u00eb nga ajo karrige!\u00a0"},"content":{"rendered":"<p>Meritokracia dhe mund\u00ebsit\u00eb p\u00ebr pun\u00ebsim p\u00ebr t\u00eb rinjt\u00eb kan\u00eb qen\u00eb n\u00eb qend\u00ebr t\u00eb fjal\u00ebs s\u00eb nj\u00eb protestueseje gjat\u00eb protest\u00ebs s\u00eb 74-t\u00eb kund\u00ebr qeveris\u00eb dhe kryeministrit Edi Rama.<\/p>\n<p>Ajo tha se gjat\u00eb k\u00ebtyre dit\u00ebve ka takuar student\u00eb t\u00eb ekselenc\u00ebs, t\u00eb cil\u00ebt, sipas saj, pavar\u00ebsisht rezultateve t\u00eb larta, mbeten pa pun\u00eb.<\/p>\n<p>Duke iu drejtuar drejtp\u00ebrdrejt kryeministrit Rama, protestuesja akuzoi qeverin\u00eb p\u00ebr favorizim politik dhe pun\u00ebsime mbi baz\u00ebn e lidhjeve me pushtetin. Ajo u shpreh se brezi i ri nuk pranon t\u00eb n\u00ebnshtrohet ndaj partis\u00eb n\u00eb pushtet dhe e mbylli fjal\u00ebn me nj\u00eb paralajm\u00ebrim t\u00eb fort\u00eb: \u201cKarrigen e shtetit, t\u00eb cil\u00ebn ju e kthyet n\u00eb karrigen e pushtetit, ka forc\u00ebn ta rr\u00ebzoj\u00eb.\u201d<\/p>\n<p><strong>Protestuesja:<\/strong>\u00a0T\u00eb nderuar qytetar\u00eb, n\u00eb daljen time t\u00eb radh\u00ebs do t\u00eb doja t\u00eb merresha me nj\u00eb problematik\u00eb shum\u00eb thelb\u00ebsore, tashm\u00eb t\u00eb njohur n\u00eb k\u00ebt\u00eb sistem politik. Ajo \u00e7far\u00eb dua t\u00eb flas sot lidhet rrept\u00ebsisht me \u00e7arjen e meritokracis\u00eb n\u00eb Shqip\u00ebri. N\u00eb k\u00ebto 74 dit\u00eb protest\u00eb, kam takuar me dhjet\u00ebra e dhjet\u00ebra student\u00eb t\u00eb ekselenc\u00ebs, t\u00eb cil\u00ebt sot jan\u00eb t\u00eb papun\u00eb.<\/p>\n<p>N\u00eb k\u00ebto 74 dit\u00eb, kam diskutuar dhe m\u00eb kan\u00eb treguar problematika nga m\u00eb t\u00eb ndryshmet. Por doja konkretisht t\u00eb merresha me \u00e7\u00ebshtjen e meritokracis\u00eb. Kjo meritokraci sot n\u00eb Shqip\u00ebri nuk ekziston m\u00eb. Dhe fatkeq\u00ebsisht e vetmja gj\u00eb q\u00eb triumfon n\u00eb k\u00ebt\u00eb gj\u00eb \u00ebsht\u00eb historia, historia politike e k\u00ebtij vendi. Po t\u00eb vini re, prej koh\u00ebsh \u00ebsht\u00eb treguar nga vet\u00eb Kryeministri i Shqip\u00ebris\u00eb, n\u00eb rastet m\u00eb historike t\u00eb k\u00ebtij vendi, si ai p\u00ebr shembull i stadiumit Arena e Kombit, n\u00eb t\u00eb cilin inaugurimin e k\u00ebtij stadiumi ruajti me patjet\u00ebr t\u00eb afronte djalin e Kryeministrit t\u00eb Shqip\u00ebris\u00eb.<\/p>\n<p>Por kjo ka vijuar edhe m\u00eb tej, edhe n\u00eb ngjarjen m\u00eb historike t\u00eb Shqip\u00ebris\u00eb, si ajo e ardhjes s\u00eb Pap\u00ebs Fran\u00e7esku. P\u00ebr t\u00eb prekur t\u00eb moshuarit dhe t\u00eb dashurit n\u00eb Shqip\u00ebri, u ruajt me patjet\u00ebr q\u00eb radh\u00ebn ta zinte djali i Kryeministrit t\u00eb Shqip\u00ebris\u00eb. Ne e kemi shum\u00eb t\u00eb qart\u00eb, zoti Kryeminist\u00ebr, q\u00eb n\u00eb k\u00ebt\u00eb Shqip\u00ebrin\u00eb ton\u00eb t\u00eb vog\u00ebl, sistemi i meritokracis\u00eb \u00ebsht\u00eb goditur n\u00eb m\u00ebnyr\u00eb spektakolare. \u00cbsht\u00eb goditur ashtu si edhe ai i sistemit t\u00eb drejt\u00ebsis\u00eb.<\/p>\n<p>Ne e kemi shum\u00eb t\u00eb qart\u00eb, zoti Kryeminist\u00ebr, q\u00eb p\u00ebr ata student\u00eb t\u00eb ekselenc\u00ebs, n\u00eb k\u00ebt\u00eb vend nuk ka vend p\u00ebr pun\u00eb. Dhe e vetmja arsye q\u00eb nuk ka vend p\u00ebr pun\u00eb n\u00eb administrat\u00ebn shtet\u00ebrore, \u00ebsht\u00eb sepse n\u00eb t\u00eb gjitha k\u00ebto poste jan\u00eb t\u00eb pun\u00ebsuar, krah t\u00eb gjith\u00eb f\u00ebmij\u00ebve t\u00eb prokuror\u00ebve t\u00eb Shqip\u00ebris\u00eb. Ne e kemi shum\u00eb t\u00eb qart\u00eb, zoti Kryeminist\u00ebr, q\u00eb p\u00ebr rinin\u00eb shqiptare nuk ka vend p\u00ebr pun\u00eb, sepse p\u00ebr t\u00eb patur sot nj\u00eb vend pune n\u00eb Shqip\u00ebri, ne duhet t\u00eb paguajm\u00eb kuotat tuaja, ne duhet t&#8217;ju japim vot\u00ebn dhe akoma m\u00eb tep\u00ebr t\u00eb b\u00ebhemi pjes\u00eb e partis\u00eb suaj n\u00eb pushtet.<\/p>\n<p>Por ne, zoti Kryeminist\u00ebr, kjo gjenerat\u00eb, k\u00ebta student\u00eb, nuk jan\u00eb as Taulant Balla, as artist Pipo, as shok\u00ebt e tij, k\u00ebta jan\u00eb gjenerata Z, e cila kurrsesi nuk do t&#8217;i n\u00ebnshtrohej, nuk do t\u00eb b\u00ebhej e n\u00ebnshtrueshme e partis\u00eb, ashtu sikurse jan\u00eb deputet\u00ebt e tu. K\u00ebta an\u00ebtar\u00eb t\u00eb sh\u00ebmtuar t\u00eb Parlamentit t\u00eb Shqip\u00ebris\u00eb q\u00eb un\u00eb sapo p\u00ebrmenda, ndoshta edhe m\u00eb gjer\u00eb, nuk na p\u00ebrfaq\u00ebsojn\u00eb!<\/p>\n<p>Prandaj zoti Kryeminist\u00ebr, sot nga ky shesh, dua t&#8217;ju kujtoj se i gjith\u00eb ky popull i bukur k\u00ebtu, dhe ai q\u00eb po na ndjek, \u00ebsht\u00eb ai popull q\u00eb ju dha vot\u00ebn p\u00ebr t&#8217;ju ngritur n\u00eb at\u00eb karrige t\u00eb shtetit, t\u00eb cil\u00ebn ju e kthyet n\u00eb karrigen e pushtetit. Ka forc\u00ebn t\u00eb rr\u00ebzoj\u00eb at\u00eb karrige!<\/p>\n","protected":false},"excerpt":{"rendered":"<p>Meritokracia dhe mund\u00ebsit\u00eb p\u00ebr pun\u00ebsim p\u00ebr t\u00eb rinjt\u00eb kan\u00eb qen\u00eb n\u00eb qend\u00ebr t\u00eb fjal\u00ebs s\u00eb nj\u00eb protestueseje gjat\u00eb protest\u00ebs s\u00eb 74-t\u00eb kund\u00ebr qeveris\u00eb dhe kryeministrit Edi Rama. Ajo tha se gjat\u00eb k\u00ebtyre dit\u00ebve ka takuar student\u00eb t\u00eb ekselenc\u00ebs, t\u00eb cil\u00ebt, sipas saj, pavar\u00ebsisht rezultateve t\u00eb larta, mbeten pa pun\u00eb. Duke iu drejtuar drejtp\u00ebrdrejt kryeministrit Rama, &hellip;<\/p>\n","protected":false},"author":4,"featured_media":146300,"comment_status":"closed","ping_status":"closed","sticky":false,"template":"","format":"standard","meta":{"footnotes":""},"categories":[37],"tags":[],"class_list":["post-150988","post","type-post","status-publish","format-standard","has-post-thumbnail","","category-politike"],"_links":{"self":[{"href":"https:\/\/rdnews.al\/index.php\/wp-json\/wp\/v2\/posts\/150988","targetHints":{"allow":["GET"]}}],"collection":[{"href":"https:\/\/rdnews.al\/index.php\/wp-json\/wp\/v2\/posts"}],"about":[{"href":"https:\/\/rdnews.al\/index.php\/wp-json\/wp\/v2\/types\/post"}],"author":[{"embeddable":true,"href":"https:\/\/rdnews.al\/index.php\/wp-json\/wp\/v2\/users\/4"}],"replies":[{"embeddable":true,"href":"https:\/\/rdnews.al\/index.php\/wp-json\/wp\/v2\/comments?post=150988"}],"version-history":[{"count":1,"href":"https:\/\/rdnews.al\/index.php\/wp-json\/wp\/v2\/posts\/150988\/revisions"}],"predecessor-version":[{"id":150989,"href":"https:\/\/rdnews.al\/index.php\/wp-json\/wp\/v2\/posts\/150988\/revisions\/150989"}],"wp:featuredmedia":[{"embeddable":true,"href":"https:\/\/rdnews.al\/index.php\/wp-json\/wp\/v2\/media\/146300"}],"wp:attachment":[{"href":"https:\/\/rdnews.al\/index.php\/wp-json\/wp\/v2\/media?parent=150988"}],"wp:term":[{"taxonomy":"category","embeddable":true,"href":"https:\/\/rdnews.al\/index.php\/wp-json\/wp\/v2\/categories?post=150988"},{"taxonomy":"post_tag","embeddable":true,"href":"https:\/\/rdnews.al\/index.php\/wp-json\/wp\/v2\/tags?post=150988"}],"curies":[{"name":"wp","href":"https:\/\/api.w.org\/{rel}","templated":true}]}}