{"id":151044,"date":"2026-08-13T11:22:27","date_gmt":"2026-08-13T11:22:27","guid":{"rendered":"https:\/\/rdnews.al\/?p=151044"},"modified":"2026-08-13T11:22:27","modified_gmt":"2026-08-13T11:22:27","slug":"bashkia-e-tiranes-mbledh-12-5-miliarde-leke-vetem-nga-ndertimet-ku-po-shkojne-parate","status":"publish","type":"post","link":"https:\/\/rdnews.al\/index.php\/2026\/08\/13\/bashkia-e-tiranes-mbledh-12-5-miliarde-leke-vetem-nga-ndertimet-ku-po-shkojne-parate\/","title":{"rendered":"Bashkia e Tiran\u00ebs mbledh 12.5 miliard\u00eb lek\u00eb vet\u00ebm nga nd\u00ebrtimet\/ Ku po shkojn\u00eb parat\u00eb?"},"content":{"rendered":"<div class=\"x14z9mp xat24cr x1lziwak x1vvkbs xtlvy1s x126k92a\">\n<div dir=\"auto\"><strong>Ilda ZHULALI<\/strong><\/div>\n<div dir=\"auto\"><\/div>\n<div dir=\"auto\">Raporti i Bashkis\u00eb Tiran\u00eb thot\u00eb se gjat\u00eb janar-qershor 2026 jan\u00eb vjel\u00eb nga taksa e ndikimit n\u00eb infrastruktur\u00eb (taksa q\u00eb paguajn\u00eb zhvilluesit p\u00ebr \u00e7do pallat e kull\u00eb t\u00eb re) 12.47 miliard\u00eb lek\u00eb, kundrejt 5.3 miliard\u00eb lek\u00eb t\u00eb planifikuara. Pra 235% mbi plan! Krahasuar me 6-mujorin e 2025, rritja shkon n\u00eb 362%!!!<\/div>\n<\/div>\n<div class=\"x14z9mp xat24cr x1lziwak x1vvkbs xtlvy1s x126k92a\">\n<div dir=\"auto\">Kjo \u00ebsht\u00eb d\u00ebshmi shifrore e asaj q\u00eb t\u00eb gjith\u00eb e shohim, se si Tirana po mbytet nga betoni. Lejet e nd\u00ebrtimit po jepen si karamele, kulla mbi kulla, pa plan, pa fre, pa asnj\u00eb kriter urbanistik.<\/div>\n<\/div>\n<div class=\"x14z9mp xat24cr x1lziwak x1vvkbs xtlvy1s x126k92a\">\n<div dir=\"auto\">Dhe nga k\u00ebto miliarda q\u00eb po grumbullohen mbi kurrizin e k\u00ebtij kaosi urban, Bashkia ka investuar n\u00eb qytet vet\u00ebm 11% t\u00eb planit vjetor. Vet\u00ebm 2 miliard\u00eb lek\u00eb nga 18.9 miliard\u00eb t\u00eb premtuara. Krahasuar me vitin e kaluar, investimet U UL\u00cbN me 21%!<\/div>\n<\/div>\n<div class=\"x14z9mp xat24cr x1lziwak x1vvkbs xtlvy1s x126k92a\">\n<div dir=\"auto\">Th\u00ebn\u00eb thjesht, Bashkia po mbush ark\u00ebn me parat\u00eb e betonizimit t\u00eb pafre, dhe n\u00eb vend q\u00eb t&#8217;i kthej\u00eb n\u00eb rrug\u00eb, kanalizime, shkolla, kopshte, hap\u00ebsira t\u00eb gjelbra, i mban n\u00eb sirtar apo i shp\u00ebrndan kushedi ku, nd\u00ebrsa Tirana po humbet frym\u00ebmarrjen e saj t\u00eb fundit.<\/div>\n<\/div>\n<div class=\"x14z9mp xat24cr x1lziwak x1vvkbs xtlvy1s x126k92a\">\n<div dir=\"auto\">Edhe m\u00eb skandaloz \u00ebsht\u00eb fakti se fondi i kusht\u00ebzuar i emergjencave civile, q\u00eb duhet t\u00eb financoj\u00eb masat parandaluese e rehabilituese kund\u00ebr zjarreve, p\u00ebrmbytjeve e fatkeq\u00ebsive, NUK \u00cbSHT\u00cb P\u00cbRDORUR FARE n\u00eb 6 muajt e par\u00eb t\u00eb 2026-s. Zero lek\u00eb!!!<\/div>\n<\/div>\n<div class=\"x14z9mp xat24cr x1lziwak x1vvkbs xtlvy1s x126k92a\">\n<div dir=\"auto\">K\u00ebshtu q\u00eb kur shohim flak\u00ebt t\u00eb p\u00ebrpijn\u00eb kodrat p\u00ebrreth qytetit, tymin q\u00eb mbulon qiellin e Tiran\u00ebs dhe familje q\u00eb humbin \u00e7ati mbi kok\u00eb, mos u habitni pse s&#8217;kishte asnj\u00eb mas\u00eb parandaluese, asnj\u00eb investim n\u00eb pajisje apo kapacitete zjarrfik\u00ebse p\u00ebrpara se t\u00eb niste sezoni i ver\u00ebs. Parat\u00eb ishin aty, buxheti i miratuar, por NUK u p\u00ebrdor\u00ebn!<\/div>\n<\/div>\n<div class=\"x14z9mp xat24cr x1lziwak x1vvkbs xtlvy1s x126k92a\">\n<div dir=\"auto\">E nj\u00ebjta Bashki q\u00eb mbr\u00ebm\u00eb komunikoi me banor\u00ebt vet\u00ebm n\u00eb or\u00ebn 11 t\u00eb nat\u00ebs, p\u00ebrmes nj\u00eb \u00e7erekpostimi nga Anuela Ristani, gjen koh\u00eb e burime p\u00ebr t\u00eb l\u00ebshuar leje nd\u00ebrtimi me shpejt\u00ebsi rekord, por nuk gjen koh\u00eb e as para p\u00ebr t\u00eb mbrojtur qytetin nga zjarri.<\/div>\n<\/div>\n<div class=\"x14z9mp xat24cr x1lziwak x1vvkbs xtlvy1s x126k92a\">\n<div dir=\"auto\">Kur bashkia \u00e7mon m\u00eb shum\u00eb lejet se jet\u00ebn, e ka treguar vet\u00eb se kujt i sh\u00ebrben. Tirana po e paguan at\u00eb zgjedhje sot, me sht\u00ebpi q\u00eb digjen dhe qytet q\u00eb po zhuritet.<\/div>\n<\/div>\n","protected":false},"excerpt":{"rendered":"<p>Ilda ZHULALI Raporti i Bashkis\u00eb Tiran\u00eb thot\u00eb se gjat\u00eb janar-qershor 2026 jan\u00eb vjel\u00eb nga taksa e ndikimit n\u00eb infrastruktur\u00eb (taksa q\u00eb paguajn\u00eb zhvilluesit p\u00ebr \u00e7do pallat e kull\u00eb t\u00eb re) 12.47 miliard\u00eb lek\u00eb, kundrejt 5.3 miliard\u00eb lek\u00eb t\u00eb planifikuara. Pra 235% mbi plan! Krahasuar me 6-mujorin e 2025, rritja shkon n\u00eb 362%!!! Kjo \u00ebsht\u00eb d\u00ebshmi &hellip;<\/p>\n","protected":false},"author":3,"featured_media":151045,"comment_status":"closed","ping_status":"closed","sticky":false,"template":"","format":"standard","meta":{"footnotes":""},"categories":[37],"tags":[],"class_list":["post-151044","post","type-post","status-publish","format-standard","has-post-thumbnail","","category-politike"],"_links":{"self":[{"href":"https:\/\/rdnews.al\/index.php\/wp-json\/wp\/v2\/posts\/151044","targetHints":{"allow":["GET"]}}],"collection":[{"href":"https:\/\/rdnews.al\/index.php\/wp-json\/wp\/v2\/posts"}],"about":[{"href":"https:\/\/rdnews.al\/index.php\/wp-json\/wp\/v2\/types\/post"}],"author":[{"embeddable":true,"href":"https:\/\/rdnews.al\/index.php\/wp-json\/wp\/v2\/users\/3"}],"replies":[{"embeddable":true,"href":"https:\/\/rdnews.al\/index.php\/wp-json\/wp\/v2\/comments?post=151044"}],"version-history":[{"count":1,"href":"https:\/\/rdnews.al\/index.php\/wp-json\/wp\/v2\/posts\/151044\/revisions"}],"predecessor-version":[{"id":151046,"href":"https:\/\/rdnews.al\/index.php\/wp-json\/wp\/v2\/posts\/151044\/revisions\/151046"}],"wp:featuredmedia":[{"embeddable":true,"href":"https:\/\/rdnews.al\/index.php\/wp-json\/wp\/v2\/media\/151045"}],"wp:attachment":[{"href":"https:\/\/rdnews.al\/index.php\/wp-json\/wp\/v2\/media?parent=151044"}],"wp:term":[{"taxonomy":"category","embeddable":true,"href":"https:\/\/rdnews.al\/index.php\/wp-json\/wp\/v2\/categories?post=151044"},{"taxonomy":"post_tag","embeddable":true,"href":"https:\/\/rdnews.al\/index.php\/wp-json\/wp\/v2\/tags?post=151044"}],"curies":[{"name":"wp","href":"https:\/\/api.w.org\/{rel}","templated":true}]}}