{"id":15117,"date":"2022-06-15T16:01:28","date_gmt":"2022-06-15T16:01:28","guid":{"rendered":"https:\/\/rdnews.al\/?p=15117"},"modified":"2022-06-15T16:05:10","modified_gmt":"2022-06-15T16:05:10","slug":"kryeministri-hungarez-orban-uron-berishen-letra","status":"publish","type":"post","link":"https:\/\/rdnews.al\/index.php\/2022\/06\/15\/kryeministri-hungarez-orban-uron-berishen-letra\/","title":{"rendered":"Kryeministri hungarez, Orban uron Berish\u00ebn, letra&#8230;"},"content":{"rendered":"<p><strong>Fitoi zgjedhjet parlamentare p\u00ebr her\u00eb t\u00eb 5-t\u00eb, Viktor Orban let\u00ebr fal\u00ebnderimi ish-Presidentit dhe ish-kryeministrit, Sali Berisha<\/strong><\/p>\n<p><strong>Viktor Orban-Berish\u00ebs: Suksese n\u00eb detyrat e reja me p\u00ebrgjegj\u00ebsi t\u00eb larta! T\u00eb mbrojm\u00eb vlerat e p\u00ebrbashk\u00ebta kristiano-konservatore<\/strong><\/p>\n<p>Kryeministri i Hungaris\u00eb Viktor Orban ka patur nj\u00eb korrespondenc\u00eb me ish-Kryeministrin dhe ish-Presidentin e Shqip\u00ebris\u00eb dhe aktualisht kryetarin e Partis\u00eb Demokratike Sali Berisha, duke e falenderuar p\u00ebr urimet, pas fitores n\u00eb zgjedhjet parlamentare n\u00eb Hungari.<\/p>\n<p>N\u00eb let\u00ebrk\u00ebmbim, kryeministri Orban ka theksuar se kjo fitore e tij \u00ebsht\u00eb nj\u00eb garanci p\u00ebr stabilitetin politik dhe zhvillimin ekonomik t\u00eb Hungaris\u00eb, por edhe nj\u00eb q\u00ebndrim kurajoz p\u00ebr paqen dhe sigurin\u00eb e vendit.<\/p>\n<p>Orban ka kujtuar edhe vizit\u00ebn e ish-kryeministrit dhe t\u00eb kryetarit t\u00eb Partis\u00eb Demokratike, Sali Berisha n\u00eb Budapest n\u00eb vitin 2014, duke vler\u00ebsuar maksimalisht shk\u00ebmbimin e pik\u00ebpamjeve mbi \u00e7\u00ebshtje t\u00eb caktuara q\u00eb p\u00ebrcaktuan fatin e dy vendeve mike.<\/p>\n<p>Kryeministri hungarez e ka siguruar kryetarin e Partis\u00eb Demokratike, Sali Berisha q\u00eb do t\u00eb mbetet i angazhuar p\u00ebr t\u00eb mbrojtur vlerat e p\u00ebrbashk\u00ebta kristiano-konservatore dhe p\u00ebr t\u00eb zhvilluar marr\u00ebdh\u00ebniet shqiptaro-hungareze n\u00eb t\u00eb ardhmen.<\/p>\n<p>Gjithashtu Orban i ka uruar Berish\u00ebs suksese n\u00eb detyrat e tij t\u00eb reja me p\u00ebrgjegj\u00ebsi t\u00eb larta.<\/p>\n<p>M\u00eb posht\u00eb letra e z. Viktor Orban.<\/p>\n<p>&#8221; I dashur Zoti President,<\/p>\n<p>D\u00ebshiroj t\u2019ju shpreh mir\u00ebnjohjen time p\u00ebr urimet tuaja pas fitores son\u00eb n\u00eb zgjedhjet parlamentare n\u00eb Hungari.<\/p>\n<p>Jam krenar q\u00eb qytetar\u00ebt hungarez\u00eb kan\u00eb shprehur besimin e tyre n\u00eb nj\u00eb qeverisje t\u00eb pavarur bazuar mbi vlera komb\u00ebtare dhe na kan\u00eb nderuar me besimin e tyre p\u00ebr t\u00eb pest\u00ebn her\u00eb tashm\u00eb. Besoj q\u00eb ky mandat i fort\u00eb nuk \u00ebsht\u00eb vet\u00ebm nj\u00eb garanci p\u00ebr stabilitetin politik dhe zhvillimin ekonomik t\u00eb Hungaris\u00eb, por \u00ebsht\u00eb gjithashtu nj\u00eb q\u00ebndrim kurajoz p\u00ebr paqen dhe sigurin\u00eb e vendit ton\u00eb.<\/p>\n<p>Ishte nj\u00eb nder t\u2019ju prisnim n\u00eb Budapest n\u00eb vitin 2014 dhe t\u00eb shk\u00ebmbenim pik\u00ebpamje mbi \u00e7\u00ebshtje q\u00eb p\u00ebrcaktuan fatin e vendeve tona. E vler\u00ebsoj v\u00ebrtet\u00eb miq\u00ebsin\u00eb e hapur dhe t\u00eb sinqert\u00eb q\u00eb ju keni treguar kundrejt Hungaris\u00eb dhe popullit hungarez prej shum\u00eb vitesh tashm\u00eb. Ju siguroj q\u00eb do t\u00eb mbetemi t\u00eb angazhuar t\u00eb mbrojm\u00eb vlerat tona t\u00eb p\u00ebrbashk\u00ebta kristiano-konservatore dhe t\u00eb zhvillojm\u00eb gjithashtu marr\u00ebdh\u00ebniet shqiptaro-hungareze n\u00eb t\u00eb ardhmen.<\/p>\n<p>Ju uroj sh\u00ebndet dhe shum\u00eb sukses n\u00eb detyrat tuaja me p\u00ebrgjegj\u00ebsi t\u00eb larta.<\/p>\n<p>I juaji me sinqeritet,<\/p>\n<p>Viktor Orban<\/p>\n<p><img loading=\"lazy\" decoding=\"async\" class=\"\" src=\"https:\/\/www.syri.net\/uploads\/syri.net\/images\/2022\/June\/15\/auto_letra_e_viktor_orban1655306537.jpg\" alt=\"Image\" width=\"676\" height=\"929\" \/><\/p>\n","protected":false},"excerpt":{"rendered":"<p>Fitoi zgjedhjet parlamentare p\u00ebr her\u00eb t\u00eb 5-t\u00eb, Viktor Orban let\u00ebr fal\u00ebnderimi ish-Presidentit dhe ish-kryeministrit, Sali Berisha Viktor Orban-Berish\u00ebs: Suksese n\u00eb detyrat e reja me p\u00ebrgjegj\u00ebsi t\u00eb larta! T\u00eb mbrojm\u00eb vlerat e p\u00ebrbashk\u00ebta kristiano-konservatore Kryeministri i Hungaris\u00eb Viktor Orban ka patur nj\u00eb korrespondenc\u00eb me ish-Kryeministrin dhe ish-Presidentin e Shqip\u00ebris\u00eb dhe aktualisht kryetarin e Partis\u00eb Demokratike Sali &hellip;<\/p>\n","protected":false},"author":4,"featured_media":15118,"comment_status":"open","ping_status":"open","sticky":false,"template":"","format":"standard","meta":{"footnotes":""},"categories":[37],"tags":[],"class_list":["post-15117","post","type-post","status-publish","format-standard","has-post-thumbnail","","category-politike"],"_links":{"self":[{"href":"https:\/\/rdnews.al\/index.php\/wp-json\/wp\/v2\/posts\/15117","targetHints":{"allow":["GET"]}}],"collection":[{"href":"https:\/\/rdnews.al\/index.php\/wp-json\/wp\/v2\/posts"}],"about":[{"href":"https:\/\/rdnews.al\/index.php\/wp-json\/wp\/v2\/types\/post"}],"author":[{"embeddable":true,"href":"https:\/\/rdnews.al\/index.php\/wp-json\/wp\/v2\/users\/4"}],"replies":[{"embeddable":true,"href":"https:\/\/rdnews.al\/index.php\/wp-json\/wp\/v2\/comments?post=15117"}],"version-history":[{"count":0,"href":"https:\/\/rdnews.al\/index.php\/wp-json\/wp\/v2\/posts\/15117\/revisions"}],"wp:featuredmedia":[{"embeddable":true,"href":"https:\/\/rdnews.al\/index.php\/wp-json\/wp\/v2\/media\/15118"}],"wp:attachment":[{"href":"https:\/\/rdnews.al\/index.php\/wp-json\/wp\/v2\/media?parent=15117"}],"wp:term":[{"taxonomy":"category","embeddable":true,"href":"https:\/\/rdnews.al\/index.php\/wp-json\/wp\/v2\/categories?post=15117"},{"taxonomy":"post_tag","embeddable":true,"href":"https:\/\/rdnews.al\/index.php\/wp-json\/wp\/v2\/tags?post=15117"}],"curies":[{"name":"wp","href":"https:\/\/api.w.org\/{rel}","templated":true}]}}