{"id":152126,"date":"2026-08-29T20:52:39","date_gmt":"2026-08-29T20:52:39","guid":{"rendered":"https:\/\/rdnews.al\/?p=152126"},"modified":"2026-08-29T21:11:08","modified_gmt":"2026-08-29T21:11:08","slug":"ergys-agasi-nuk-do-te-beje-burg-ne-dispozicion-nje-rezidence-loja-e-piste-per-ta-shpetuar-nga-akuzat","status":"publish","type":"post","link":"https:\/\/rdnews.al\/index.php\/2026\/08\/29\/ergys-agasi-nuk-do-te-beje-burg-ne-dispozicion-nje-rezidence-loja-e-piste-per-ta-shpetuar-nga-akuzat\/","title":{"rendered":"Ergys Agasi nuk do t\u00eb b\u00ebj\u00eb burg, n\u00eb dispozicion nj\u00eb rezidenc\u00eb\/ Loja e pist\u00eb p\u00ebr ta shp\u00ebtuar nga akuzat"},"content":{"rendered":"<p><strong>Ergys Agasi \u00ebsht\u00eb d\u00ebrguar n\u00eb burgun e Bradasheshit p\u00ebr t\u00eb mos b\u00ebr\u00eb burg. Ai \u00ebsht\u00eb d\u00ebrguar n\u00eb k\u00ebt\u00eb zon\u00eb, e cila \u00ebsht\u00eb plot\u00ebsisht n\u00ebn kontrollin e kryebanditit t\u00eb Elbasanit, Suel Cela. Ndaj, n\u00eb k\u00ebmbim t\u00eb heshtjes, Agasi nuk do t\u00eb b\u00ebj\u00eb burg, por ai do t\u00eb q\u00ebndroj\u00eb n\u00eb rezidenc\u00ebn e Suel Cel\u00ebs.<\/strong><\/p>\n<p class=\"wp-block-paragraph\"><strong>Sali BERISHA<\/strong><\/p>\n<p class=\"wp-block-paragraph\">K\u00ebt\u00eb jav\u00eb u arrestua Ergys Agasi.<\/p>\n<p class=\"wp-block-paragraph\">Ergys Agasi kishte t\u00eb p\u00ebrqendruar n\u00eb duart e tij t\u00eb gjith\u00eb fuqin\u00eb e autorizuar nga pushteti ekzekutiv i padrinos.<\/p>\n<p class=\"wp-block-paragraph\">T\u00eb gjith\u00eb pushtetin e zi, t\u00eb err\u00ebt t\u00eb karteleve t\u00eb drog\u00ebs, dhe mjerisht t\u00eb gjith\u00eb fuqin\u00eb e kontrollit t\u00eb internetit n\u00eb territorin e Shqip\u00ebris\u00eb.<\/p>\n<p class=\"wp-block-paragraph\">N\u00eb k\u00ebt\u00eb kuad\u00ebr, ai padyshim ishte krahu i djatht\u00eb, eksponenti m\u00eb i rreziksh\u00ebm i mafies pas padrinos, pas Edi Ram\u00ebs, n\u00eb Shqip\u00ebri dhe m\u00eb gjer\u00eb.<\/p>\n<p class=\"wp-block-paragraph\">Q\u00eb n\u00eb momentin e arrestimit, se ai ka tet\u00eb muaj q\u00eb l\u00ebviz lirsh\u00ebm absolutisht pa asnj\u00eb penges\u00eb, l\u00ebviz n\u00eb Durr\u00ebs, n\u00eb Xhafzotaj, n\u00eb vil\u00ebn e tij n\u00eb plazh, n\u00eb Manz\u00eb, p\u00ebr hir t\u00eb t\u00eb v\u00ebrtet\u00ebs edhe n\u00eb Surrel dhe n\u00eb hipodromin e tij.<\/p>\n<p class=\"wp-block-paragraph\">Pra, q\u00eb n\u00eb fillim lind\u00ebn dyshime se kemi t\u00eb b\u00ebjm\u00eb me nj\u00eb arrestim t\u00eb negociuar.<\/p>\n<p class=\"wp-block-paragraph\">Qytetar\u00ebt digjital\u00eb informuan se k\u00ebto negociata jan\u00eb realizuar nga Taulant Balla n\u00eb Elbasan, gj\u00eb q\u00eb duhet hetuar.<\/p>\n<p class=\"wp-block-paragraph\">E v\u00ebrteta \u00ebsht\u00eb se, nj\u00eblloj si Balili, edhe ky kishte nj\u00eb polic si oficer. Dhe ky polic dit\u00ebn q\u00eb po transportonte Agasin nga Elbasani n\u00eb Durr\u00ebs, mori pjes\u00eb n\u00eb ceremonin\u00eb e ndarjes s\u00eb diplomave n\u00eb Akademin\u00eb e Policis\u00eb.<\/p>\n<p class=\"wp-block-paragraph\">U gjet\u00ebn me nallane, bluza pa kurrfar\u00eb mjeti mbrojt\u00ebs dhe arm\u00eb.<\/p>\n<p class=\"wp-block-paragraph\">Pra, t\u00eb gjitha k\u00ebto \u00e7uan dyshimet se kishim t\u00eb b\u00ebnim me nj\u00eb arrestim t\u00eb negociuar.<\/p>\n<p class=\"wp-block-paragraph\">Por dyshimet jan\u00eb dyshime, nuk mund t\u00eb merren si t\u00eb mir\u00ebfillta.<\/p>\n<p class=\"wp-block-paragraph\">Ajo q\u00eb \u00ebsht\u00eb jasht\u00ebzakonisht e r\u00ebnd\u00eb, ajo q\u00eb fakton dor\u00ebn e zez\u00eb t\u00eb Edi Ram\u00ebs, \u00ebsht\u00eb \u00e7lirimi i tij nga akuza e pengmarrjes.<\/p>\n<p class=\"wp-block-paragraph\">Dhe ky \u00ebsht\u00eb nj\u00eb akt shum\u00eb i r\u00ebnd\u00eb.<\/p>\n<p class=\"wp-block-paragraph\">Ergys Agasi \u00ebshut\u00eb personi i implikuar direkt n\u00eb organizimin e dy pengmarrjeve.<\/p>\n<p class=\"wp-block-paragraph\">Edi Rama ka urdh\u00ebruar q\u00eb t\u00eb hiqet termi pengmarrje dhe t\u00eb quhet heqje lirie. Jan\u00eb dy kategori, t\u00eb cilat kan\u00eb vepra penale me dallim t\u00eb madh n\u00eb penalitete.<\/p>\n<p class=\"wp-block-paragraph\">N\u00eb m\u00ebnyr\u00eb qesharake, akuzohet p\u00ebr pabarazi n\u00eb tendera nj\u00eb njeri q\u00eb zyrtarisht me ligj, me rregullore nuk ka pasur autoritet p\u00ebr t\u00eb zhvilluar asnj\u00eb tender.<\/p>\n<p class=\"wp-block-paragraph\">Por p\u00ebrkundrazi, ka p\u00ebrdorur dhun\u00ebn, forc\u00ebn p\u00ebr t\u00eb diktuar p\u00ebr shum\u00eb e shum\u00eb tendera.<\/p>\n<p class=\"wp-block-paragraph\">Ndaj dhe del Maksi, avokati i tij i nderuar dhe thot\u00eb se t\u00eb akuzosh p\u00ebr pabarazi n\u00eb tendera, po t\u00eb thon\u00eb se cilat tendera ka organizuar ai n\u00eb hipodrom.<\/p>\n<p class=\"wp-block-paragraph\">Kjo \u00ebsht\u00eb si ta mbrojn\u00eb o miqt\u00eb e mi. Po mo, nga hipodromi dhe nga zyra e tij ai ka diktuar \u00e7do tender dhe kjo \u00ebsht\u00eb krejt tjet\u00ebr.<\/p>\n<p class=\"wp-block-paragraph\">Dhe e treta, tani e marrin dhe e \u00e7ojn\u00eb n\u00eb burgun e Bradasheshit.<\/p>\n<p class=\"wp-block-paragraph\">Hajde tani, m\u00eb thoni ju mua, se a \u00ebsht\u00eb e negociuar kjo apo jo?<\/p>\n<p class=\"wp-block-paragraph\">E \u00e7ojn\u00eb n\u00eb burgun q\u00eb kontrollohet totalisht nga Taulant Balla, Sara Mila dhe karteli \u00c7ela.<\/p>\n<p class=\"wp-block-paragraph\">Sepse thuhet se muajin e fundit Troplin\u00ebt e p\u00ebrzun\u00eb, i hoq\u00ebn mbrojtjen.<\/p>\n<p class=\"wp-block-paragraph\">Pra m\u00eb thoni mua se, \u00e7far\u00eb jan\u00eb k\u00ebto?<\/p>\n<p class=\"wp-block-paragraph\">N\u00eb vend se t\u00eb shkoj\u00eb n\u00eb qelit\u00eb e siguris\u00eb m\u00eb t\u00eb lart\u00eb, e izolimit m\u00eb t\u00eb thell\u00eb, shkon tek Taulant Balla dhe Sara Mila.<\/p>\n<p class=\"wp-block-paragraph\">Ata e kan\u00eb burgun si repart t\u00eb tyre, si seksion t\u00eb PS.<\/p>\n<p class=\"wp-block-paragraph\">Pra, t\u00eb gjitha k\u00ebto l\u00ebn\u00eb shum\u00eb p\u00ebr t\u00eb dyshuar.<\/p>\n<p class=\"wp-block-paragraph\">Megjithat\u00eb, duke e konsideruar nj\u00eb akt realisht pozitiv arrestimin e tij, iu b\u00ebj thirrje agjencive nd\u00ebrkomb\u00ebtare t\u00eb zbatimit t\u00eb ligjit t\u00eb angazhohen n\u00eb hetimin dhe monitorimin e k\u00ebtij procesi q\u00eb \u00ebsht\u00eb i r\u00ebnd\u00ebsish\u00ebm jo vet\u00ebm p\u00ebr Shqip\u00ebrin\u00eb, por edhe p\u00ebr vendet partnere dhe NATO-n.<\/p>\n","protected":false},"excerpt":{"rendered":"<p>Ergys Agasi \u00ebsht\u00eb d\u00ebrguar n\u00eb burgun e Bradasheshit p\u00ebr t\u00eb mos b\u00ebr\u00eb burg. Ai \u00ebsht\u00eb d\u00ebrguar n\u00eb k\u00ebt\u00eb zon\u00eb, e cila \u00ebsht\u00eb plot\u00ebsisht n\u00ebn kontrollin e kryebanditit t\u00eb Elbasanit, Suel Cela. Ndaj, n\u00eb k\u00ebmbim t\u00eb heshtjes, Agasi nuk do t\u00eb b\u00ebj\u00eb burg, por ai do t\u00eb q\u00ebndroj\u00eb n\u00eb rezidenc\u00ebn e Suel Cel\u00ebs. Sali BERISHA K\u00ebt\u00eb &hellip;<\/p>\n","protected":false},"author":3,"featured_media":151832,"comment_status":"closed","ping_status":"closed","sticky":false,"template":"","format":"standard","meta":{"footnotes":""},"categories":[37,40],"tags":[],"class_list":["post-152126","post","type-post","status-publish","format-standard","has-post-thumbnail","","category-politike","category-aktualitet"],"_links":{"self":[{"href":"https:\/\/rdnews.al\/index.php\/wp-json\/wp\/v2\/posts\/152126","targetHints":{"allow":["GET"]}}],"collection":[{"href":"https:\/\/rdnews.al\/index.php\/wp-json\/wp\/v2\/posts"}],"about":[{"href":"https:\/\/rdnews.al\/index.php\/wp-json\/wp\/v2\/types\/post"}],"author":[{"embeddable":true,"href":"https:\/\/rdnews.al\/index.php\/wp-json\/wp\/v2\/users\/3"}],"replies":[{"embeddable":true,"href":"https:\/\/rdnews.al\/index.php\/wp-json\/wp\/v2\/comments?post=152126"}],"version-history":[{"count":2,"href":"https:\/\/rdnews.al\/index.php\/wp-json\/wp\/v2\/posts\/152126\/revisions"}],"predecessor-version":[{"id":152132,"href":"https:\/\/rdnews.al\/index.php\/wp-json\/wp\/v2\/posts\/152126\/revisions\/152132"}],"wp:featuredmedia":[{"embeddable":true,"href":"https:\/\/rdnews.al\/index.php\/wp-json\/wp\/v2\/media\/151832"}],"wp:attachment":[{"href":"https:\/\/rdnews.al\/index.php\/wp-json\/wp\/v2\/media?parent=152126"}],"wp:term":[{"taxonomy":"category","embeddable":true,"href":"https:\/\/rdnews.al\/index.php\/wp-json\/wp\/v2\/categories?post=152126"},{"taxonomy":"post_tag","embeddable":true,"href":"https:\/\/rdnews.al\/index.php\/wp-json\/wp\/v2\/tags?post=152126"}],"curies":[{"name":"wp","href":"https:\/\/api.w.org\/{rel}","templated":true}]}}