{"id":152147,"date":"2026-08-31T08:19:05","date_gmt":"2026-08-31T08:19:05","guid":{"rendered":"https:\/\/rdnews.al\/?p=152147"},"modified":"2026-08-31T08:19:05","modified_gmt":"2026-08-31T08:19:05","slug":"sot-klosi-perballet-me-nje-nga-vendimet-me-te-rendesishme-te-historise-se-tij","status":"publish","type":"post","link":"https:\/\/rdnews.al\/index.php\/2026\/08\/31\/sot-klosi-perballet-me-nje-nga-vendimet-me-te-rendesishme-te-historise-se-tij\/","title":{"rendered":"Sot Klosi p\u00ebrballet me nj\u00eb nga vendimet m\u00eb t\u00eb r\u00ebnd\u00ebsishme t\u00eb historis\u00eb s\u00eb tij!"},"content":{"rendered":"<p><strong>Nga Ylli ASLLANI<\/strong><\/p>\n<p>Sot, K\u00ebshilli Bashkiak i Klosit p\u00ebrballet me nj\u00eb p\u00ebrgjegj\u00ebsi t\u00eb jasht\u00ebzakonshme:<br \/>\nT\u00eb shpreh\u00eb q\u00ebndrimin p\u00ebr shkrirjen e bashkis\u00eb s\u00eb vet!<br \/>\nPra me nj\u00eb gjuh\u00eb m\u00eb t\u00eb thjesht\u00eb, k\u00ebshilltar\u00ebve po u k\u00ebrkohet t\u00eb b\u00ebjn\u00eb nj\u00eb lloj \u201charakiri\u201d politik n\u00eb em\u00ebr t\u00eb interesit t\u00eb partis\u00eb:<br \/>\nT\u00eb votojn\u00eb n\u00eb kund\u00ebrshtim me vullnetin e qytetar\u00ebve q\u00eb i kan\u00eb zgjedhur.<br \/>\nNd\u00ebrkoh\u00eb, mij\u00ebra banor\u00eb kan\u00eb dal\u00eb n\u00eb protest\u00eb dhe po firmosin kund\u00ebr shkrirjes s\u00eb Bashkis\u00eb Klos.<br \/>\nT\u00eb vet\u00ebdijsh\u00ebm p\u00ebr katastrof\u00ebn humane q\u00eb pret dhe shpopullimin e trojeve historike, ata po i k\u00ebrkojn\u00eb shtetit t\u00eb tyre ti mbroj\u00eb nga shrirja q\u00eb ky i fundit ka projektuar p\u00ebr ta!<br \/>\nP\u00ebrve\u00e7 tubimeve n\u00eb qend\u00ebr t\u00eb qytetit ku mor\u00ebn pjes\u00eb qindra qytetar\u00eb, edhe punonj\u00ebs t\u00eb administrat\u00ebs vendore kan\u00eb bojkotuar pun\u00ebn n\u00eb shenj\u00eb kund\u00ebrshtimi.<br \/>\nGjat\u00eb d\u00ebgjesave publike dhe protestave, banor\u00ebt kan\u00eb k\u00ebrkuar nga kryetarja e Bashkis\u00eb Klos, Valbona Kola, dhe K\u00ebshilli Bashkiak q\u00eb t\u00eb mbajn\u00eb q\u00ebndrim t\u00eb prer\u00eb kund\u00ebr projektit, duke kritikuar gjithashtu munges\u00ebn e mb\u00ebshtetjes nga segmente pran\u00eb qeveris\u00eb!<br \/>\n\u00c7FAR\u00cb FUQIE KA VOTA E K\u00cbSHILLIT?<br \/>\nK\u00ebshilli Bashkiak nuk ka kompetenc\u00eb ta ndryshoj\u00eb vet\u00eb hart\u00ebn administrativo-territoriale. Sipas nenit 90 t\u00eb Ligjit nr. 139\/2015, ai jep mendimin zyrtar p\u00ebr riorganizimin, i cili m\u00eb pas i p\u00ebrcillet Kuvendit.<br \/>\nPor edhe pse ky mendim ka pesh\u00eb t\u00eb madhe politike dhe institucionale, sjellja e k\u00ebshillit nuk mund t\u00eb ndahet nga z\u00ebri i qytetar\u00ebve t\u00eb Klosit.<br \/>\nNeni 108\/2 i Kushtetut\u00ebs k\u00ebrkon q\u00eb, p\u00ebrpara ndryshimit t\u00eb kufijve t\u00eb nj\u00ebsive vendore, t\u00eb merret mendimi i popullsis\u00eb q\u00eb banon n\u00eb to.<br \/>\nPo k\u00ebshtu, Neni 5 i Kart\u00ebs Evropiane t\u00eb Vet\u00ebqeverisjes Vendore k\u00ebrkon q\u00eb ndryshimi i kufijve t\u00eb autoriteteve vendore t\u00eb b\u00ebhet vet\u00ebm pas konsultimit paraprak me komunitetet e prekura.<br \/>\nKarta e lidh vet\u00ebqeverisjen vendore edhe me t\u00eb drejt\u00ebn e qytetar\u00ebve p\u00ebr t\u00eb marr\u00eb pjes\u00eb n\u00eb administrimin e \u00e7\u00ebshtjeve publike.<br \/>\nPrandaj, reagimi dhe firmat kund\u00ebr e Klosit nuk jan\u00eb thjesht nj\u00eb protest\u00eb politike.<br \/>\nAto jan\u00eb nj\u00eb shprehje e qart\u00eb e opinionit t\u00eb komunitetit q\u00eb preket drejtp\u00ebrdrejt nga ky ndryshim.<br \/>\nSOT NUK VOTOHET N\u00cbSE KLOSI EKZISTON APO JO.<br \/>\nK\u00ebshilltar\u00ebt do t\u00eb p\u00ebrcjellin opinionin zyrtar t\u00eb K\u00ebshillit Bashkiak p\u00ebr nj\u00eb vendim q\u00eb p\u00ebrfundimisht i takon Kuvendit.<br \/>\nPor vota e tyre do t\u00eb tregoj\u00eb di\u00e7ka shum\u00eb m\u00eb t\u00eb madhe:<br \/>\nA do t\u00eb d\u00ebgjojn\u00eb z\u00ebrin e qytetar\u00ebve q\u00eb i kan\u00eb zgjedhur, apo z\u00ebrin e partis\u00eb?<br \/>\nNes\u00ebr nuk sprovohet vet\u00ebm nj\u00eb vot\u00eb.<br \/>\nSprovohet karakteri.<br \/>\nSprovohet integriteti.<br \/>\nSprovohet p\u00ebrgjegjshm\u00ebria.<br \/>\nSepse mandati i k\u00ebshilltarit nuk \u00ebsht\u00eb pron\u00eb e partis\u00eb.<br \/>\n\u00cbsht\u00eb besim i qytetar\u00ebve.<br \/>\nDhe Klosi nuk k\u00ebrkon privilegj.<br \/>\nK\u00ebrkon q\u00eb, p\u00ebrpara se t\u00eb ndryshohet harta e tij dhe t\u00eb preket e ardhmja e komunitetit, z\u00ebri i tij t\u00eb d\u00ebgjohet realisht.<br \/>\nKLOSI NUK DUHET T\u00cb FSHIHET NGA HARTA PA U D\u00cbGJUAR Z\u00cbRI I NJER\u00cbZVE Q\u00cb JETOJN\u00cb ATJE!<br \/>\nFATI I KLOSIT NUK \u00cbSHT\u00cb THJESHT NJ\u00cb VIZ\u00cb N\u00cb HART\u00cb.<br \/>\n\u00cbSHT\u00cb FATI I NJ\u00cb KOMUNITET<\/p>\n<p><img decoding=\"async\" src=\"https:\/\/scontent.ftia9-1.fna.fbcdn.net\/v\/t39.30808-6\/791849021_2339332583543838_3672005832958163156_n.jpg?stp=dst-jpg_tt6&amp;cstp=mx168x300&amp;ctp=s168x300&amp;_nc_cat=111&amp;ccb=1-7&amp;_nc_sid=833d8c&amp;_nc_ohc=vQC-76xjNCAQ7kNvwFqRyil&amp;_nc_oc=AdrEInX0FOp09LVHeD9wgneEBGnXNETEDHDoRTD1bBcWVvE2MqACHmQio9BW6hAylxQ&amp;_nc_zt=23&amp;_nc_ht=scontent.ftia9-1.fna&amp;_nc_gid=rVR9d1W5_xtuqkhWU62dAQ&amp;_nc_ss=7f2a8&amp;oh=00_AQLG8DJUTGjkiyuy7BHjtBPsQVE4giAvJ2bI1-23L77E-A&amp;oe=6A9B11E1\" alt=\"Mund t\u00eb jet\u00eb nj\u00eb imazh i nj\u00eb ose m\u00eb shum\u00eb persona dhe teksti q\u00eb thot\u00eb &quot;Degjesa publike n\u00eb Klos Bashkia Klos kund\u00ebr bashkimit me Matin&quot;\" \/><\/p>\n<p><img decoding=\"async\" src=\"https:\/\/scontent.ftia9-1.fna.fbcdn.net\/v\/t39.30808-6\/790683927_2339332600210503_6572843322672653364_n.jpg?stp=dst-jpg_tt6&amp;cstp=mx1075x598&amp;ctp=s1075x598&amp;_nc_cat=110&amp;ccb=1-7&amp;_nc_sid=833d8c&amp;_nc_ohc=ksb3RF4Rg_YQ7kNvwEXNsUV&amp;_nc_oc=AdoxEISsqovuChoGJLtn7Dwg3ID2-VJ1Fb9ueHCoGazOKiQTz1cU7FWbTLZjmmvha6w&amp;_nc_zt=23&amp;_nc_ht=scontent.ftia9-1.fna&amp;_nc_gid=FTxdrOjp4UjfCWsE2xFsLw&amp;_nc_ss=7f2a8&amp;oh=00_AQKTOlJIr4eoAtr40fjgBAy5KHBMv2v_haVo98WSghAAhg&amp;oe=6A9B1798\" alt=\"Mund t\u00eb jet\u00eb nj\u00eb imazh i nj\u00eb ose m\u00eb shum\u00eb persona\" \/><\/p>\n<p><img decoding=\"async\" src=\"https:\/\/scontent.ftia9-1.fna.fbcdn.net\/v\/t39.30808-6\/791014428_2339336993543397_6035548405253937831_n.jpg?stp=dst-jpg_tt6&amp;cstp=mx1200x675&amp;ctp=s1200x675&amp;_nc_cat=108&amp;ccb=1-7&amp;_nc_sid=833d8c&amp;_nc_ohc=YhQ0Q1fwbi8Q7kNvwHSaZOb&amp;_nc_oc=Ado8jh3mOMe46nvr0LhmlsJ1e198t3JEtND4dKr6QS9sK1xvpzyxi6G9RCUEI1ptvso&amp;_nc_zt=23&amp;_nc_ht=scontent.ftia9-1.fna&amp;_nc_gid=vp8dqFx3PGvx0aoklmIDJQ&amp;_nc_ss=7f2a8&amp;oh=00_AQJ5coL3rp3TxvuEdqnEaX6hEEwebx5bxDOxXuMAimYoyw&amp;oe=6A9B17A8\" alt=\"Mund t\u00eb jet\u00eb nj\u00eb imazh i nj\u00eb ose m\u00eb shum\u00eb persona dhe teksti q\u00eb thot\u00eb &quot;BESET BESEN KLOSI I KA EUROPIAN TE KETIJ SA VIZIONIT DHENE VENDI VETEM -DHE KERKON TE MOS I SHKELET BESE QE QAJME Vtt GJALLE 8 KETUTA KOS IA TA MHNORETUTA MBROJME KLOSe UKJEMPRFIE SUATEVE WKFTE IF TE TE MTVLAJME KLOSI NUK PRANON SHKRIRJEN TE PREMTEN, TUBIM QYTETAR KUNDER BASHKIMIT TE BASHKIS\u1ebc KLOS ME MATIN hen p\u00ebrhapjes s\u1ebd infeksioneve p\u00ebr shkak t\u1ebd temperaturave t\u1ebd larta t\u1ebd korrikut. Ndon\u00ebse shqet\u00eb&quot;\" \/><\/p>\n","protected":false},"excerpt":{"rendered":"<p>Nga Ylli ASLLANI Sot, K\u00ebshilli Bashkiak i Klosit p\u00ebrballet me nj\u00eb p\u00ebrgjegj\u00ebsi t\u00eb jasht\u00ebzakonshme: T\u00eb shpreh\u00eb q\u00ebndrimin p\u00ebr shkrirjen e bashkis\u00eb s\u00eb vet! Pra me nj\u00eb gjuh\u00eb m\u00eb t\u00eb thjesht\u00eb, k\u00ebshilltar\u00ebve po u k\u00ebrkohet t\u00eb b\u00ebjn\u00eb nj\u00eb lloj \u201charakiri\u201d politik n\u00eb em\u00ebr t\u00eb interesit t\u00eb partis\u00eb: T\u00eb votojn\u00eb n\u00eb kund\u00ebrshtim me vullnetin e qytetar\u00ebve q\u00eb &hellip;<\/p>\n","protected":false},"author":4,"featured_media":152148,"comment_status":"closed","ping_status":"closed","sticky":false,"template":"","format":"standard","meta":{"footnotes":""},"categories":[37],"tags":[],"class_list":["post-152147","post","type-post","status-publish","format-standard","has-post-thumbnail","","category-politike"],"_links":{"self":[{"href":"https:\/\/rdnews.al\/index.php\/wp-json\/wp\/v2\/posts\/152147","targetHints":{"allow":["GET"]}}],"collection":[{"href":"https:\/\/rdnews.al\/index.php\/wp-json\/wp\/v2\/posts"}],"about":[{"href":"https:\/\/rdnews.al\/index.php\/wp-json\/wp\/v2\/types\/post"}],"author":[{"embeddable":true,"href":"https:\/\/rdnews.al\/index.php\/wp-json\/wp\/v2\/users\/4"}],"replies":[{"embeddable":true,"href":"https:\/\/rdnews.al\/index.php\/wp-json\/wp\/v2\/comments?post=152147"}],"version-history":[{"count":2,"href":"https:\/\/rdnews.al\/index.php\/wp-json\/wp\/v2\/posts\/152147\/revisions"}],"predecessor-version":[{"id":152150,"href":"https:\/\/rdnews.al\/index.php\/wp-json\/wp\/v2\/posts\/152147\/revisions\/152150"}],"wp:featuredmedia":[{"embeddable":true,"href":"https:\/\/rdnews.al\/index.php\/wp-json\/wp\/v2\/media\/152148"}],"wp:attachment":[{"href":"https:\/\/rdnews.al\/index.php\/wp-json\/wp\/v2\/media?parent=152147"}],"wp:term":[{"taxonomy":"category","embeddable":true,"href":"https:\/\/rdnews.al\/index.php\/wp-json\/wp\/v2\/categories?post=152147"},{"taxonomy":"post_tag","embeddable":true,"href":"https:\/\/rdnews.al\/index.php\/wp-json\/wp\/v2\/tags?post=152147"}],"curies":[{"name":"wp","href":"https:\/\/api.w.org\/{rel}","templated":true}]}}