{"id":152158,"date":"2026-08-31T08:31:19","date_gmt":"2026-08-31T08:31:19","guid":{"rendered":"https:\/\/rdnews.al\/?p=152158"},"modified":"2026-08-31T08:31:38","modified_gmt":"2026-08-31T08:31:38","slug":"cdo-investim-edi-rama-e-ka-shnderruar-ne-mjet-plackitjeje","status":"publish","type":"post","link":"https:\/\/rdnews.al\/index.php\/2026\/08\/31\/cdo-investim-edi-rama-e-ka-shnderruar-ne-mjet-plackitjeje\/","title":{"rendered":"\u00c7do investim, Edi Rama e ka shnd\u00ebrruar n\u00eb mjet pla\u00e7kitjeje!"},"content":{"rendered":"<p><strong>Deklarat\u00eb e Partis\u00eb Demokratike Dega Vlor\u00eb, nga an\u00ebtari i K\u00ebshillit Komb\u00ebtar t\u00eb PDSH, Rezenbrik Serjani<\/strong><\/p>\n<p>Rama dhe sekti i tij n\u00eb pushtet, me pap\u00ebrgjegjshm\u00ebri ekstreme dhe me loj\u00ebn e tyre t\u00eb err\u00ebt me oligark\u00ebt, i kan\u00eb v\u00ebn\u00eb vlonjat\u00ebt dhe t\u00eb gjith\u00eb Shqip\u00ebrin\u00eb p\u00ebrpara nj\u00eb situate jasht\u00ebzakonisht t\u00eb rrezikshme me Aeroportin Nd\u00ebrkomb\u00ebtar t\u00eb Vlor\u00ebs.<\/p>\n<p>Edi Rama ka nisur procedurat p\u00ebr prishjen e kontrat\u00ebs s\u00eb Aeroportit Nd\u00ebrkomb\u00ebtar t\u00eb Vlor\u00ebs n\u00eb m\u00ebnyr\u00eb t\u00eb nj\u00ebanshme, me nj\u00eb akt skandaloz dhe t\u00eb paprecedent\u00eb, duke e futur Shqip\u00ebrin\u00eb n\u00eb nj\u00eb situat\u00eb me pasoja potencialisht shum\u00eb t\u00eb r\u00ebnda financiare dhe juridike.<\/p>\n<p>Problemet midis dy partner\u00ebve privat\u00eb n\u00eb Aeroportin e Vlor\u00ebs duhej t\u00eb zgjidheshin mes tyre, p\u00ebrmes rrug\u00ebs gjyq\u00ebsore apo arbitrazhit, si\u00e7 ndodh n\u00eb \u00e7do marr\u00ebdh\u00ebnie kontraktore private. Por Edi Rama vendosi t\u00eb b\u00ebhet pal\u00eb n\u00eb k\u00ebt\u00eb konflikt, duke nd\u00ebrhyr\u00eb n\u00eb marr\u00ebdh\u00ebnien kontraktore dhe duke nd\u00ebrmarr\u00eb procedur\u00ebn p\u00ebr prishjen e kontrat\u00ebs me koncesionarin.<\/p>\n<p>Ajo q\u00eb p\u00ebr m\u00eb shum\u00eb se pes\u00eb vjet na u shit si nj\u00eb investim strategjik, motor zhvillimi dhe nj\u00eb pol i r\u00ebnd\u00ebsish\u00ebm ekonomik e turistik n\u00eb Mesdhe, ve\u00e7an\u00ebrisht p\u00ebr Vlor\u00ebn dhe gjith\u00eb Jugun e Shqip\u00ebris\u00eb, sot rrezikon t\u00eb kthehet n\u00eb nj\u00eb grop\u00eb financiare prej qindra milion\u00eb eurosh p\u00ebr taksapaguesit shqiptar\u00eb.<\/p>\n<p>N\u00ebse mosmarr\u00ebveshja p\u00ebr Aeroportin e Vlor\u00ebs p\u00ebrfundon n\u00eb arbitrazh nd\u00ebrkomb\u00ebtar, arbitrat nuk do t\u00eb shqyrtojn\u00eb vet\u00ebm pyetjen n\u00ebse koncesionari ka p\u00ebrmbushur apo jo detyrimet e tij.<\/p>\n<p>Do t\u00eb shqyrtohet e gjith\u00eb sjellja e shtetit shqiptar gjat\u00eb gjith\u00eb jet\u00ebs s\u00eb koncesionit.<\/p>\n<p>Arbitrazhi do t\u00eb pyes\u00eb:<\/p>\n<p>\u00c7far\u00eb b\u00ebri qeveria p\u00ebr ta shp\u00ebtuar k\u00ebt\u00eb investim?<\/p>\n<p>A i p\u00ebrmbushi shteti vet\u00eb detyrimet e tij? A e monitoroi kontrat\u00ebn? A nd\u00ebrhyri n\u00eb koh\u00ebn e duhur? A krijoi kushtet p\u00ebr realizimin e investimit? Dhe, mbi t\u00eb gjitha: a ishte prishja e kontrat\u00ebs masa e fundit dhe e justifikuar, apo nj\u00eb vendim i marr\u00eb pasi projekti ishte futur tashm\u00eb n\u00eb kriz\u00eb?<\/p>\n<p>K\u00ebto jan\u00eb pyetje q\u00eb Edi Rama nuk mund t\u2019i shmang\u00eb.<\/p>\n<p>Sepse kemi nj\u00eb koncesion ku shteti ka marr\u00eb p\u00ebrsip\u00ebr edhe detyrime financiare. Sipas studimit t\u00eb fizibilitetit, n\u00ebse t\u00eb ardhurat minimale t\u00eb parashikuara nuk realizohen, buxheti i shtetit mund t\u00eb detyrohet t\u00eb kompensoj\u00eb koncesionarin. Vet\u00ebm p\u00ebr vitet e kat\u00ebrt deri n\u00eb t\u00eb shtatin, shuma e parashikuar arrin n\u00eb 43.2 milion\u00eb euro.<\/p>\n<p>Dhe kemi edhe nj\u00eb tjet\u00ebr episod absurd: p\u00ebrurimin publik t\u00eb Aeroportit m\u00eb 8 maj 2025, n\u00eb nj\u00eb koh\u00eb kur procesi i plot\u00eb i certifikimit dhe autorizimit p\u00ebr operim nuk kishte p\u00ebrfunduar.<\/p>\n<p>Nj\u00eb aeroport nuk \u00ebsht\u00eb nj\u00eb shesh inaugurimi elektoral. \u00cbsht\u00eb nj\u00eb infrastruktur\u00eb kritike, q\u00eb k\u00ebrkon standarde t\u00eb rrepta teknike, sigurie dhe certifikimi.<\/p>\n<p>Prandaj Rama duhet t\u2019u p\u00ebrgjigjet shqiptar\u00ebve:<\/p>\n<p>\u00c7far\u00eb ndodhi me Aeroportin e Vlor\u00ebs? Kush e p\u00ebrgatiti k\u00ebt\u00eb koncesion? Kush e monitoroi? Kush lejoi q\u00eb konflikti mes ortak\u00ebve dhe problemet e projektit t\u00eb arrinin deri k\u00ebtu? Dhe pse qeveria zgjodhi prishjen e kontrat\u00ebs si rrug\u00eb t\u00eb fundit?<\/p>\n<p>Ne e kemi par\u00eb m\u00eb par\u00eb se si p\u00ebrfundon pap\u00ebrgjegjshm\u00ebria e k\u00ebsaj qeverie n\u00eb p\u00ebrballjet nd\u00ebrkomb\u00ebtare.<\/p>\n<p>Historia e Becchettit duhet t\u00eb kishte qen\u00eb nj\u00eb m\u00ebsim.<\/p>\n<p>Por sot ekziston rreziku q\u00eb e nj\u00ebjta histori t\u00eb p\u00ebrs\u00ebritet me Aeroportin e Vlor\u00ebs.<\/p>\n<p>Dhe, n\u00ebse Shqip\u00ebria humbet edhe k\u00ebt\u00eb arbitrazh, fatur\u00ebn nuk do ta paguaj\u00eb Edi Rama. Nuk do ta paguajn\u00eb ministrat. Nuk do ta paguajn\u00eb oligark\u00ebt.<\/p>\n<p>Do ta paguajn\u00eb shqiptar\u00ebt.<\/p>\n<p>Q\u00eb n\u00eb krye t\u00eb her\u00ebs, Aeroporti i Vlor\u00ebs ka qen\u00eb llokma e radh\u00ebs q\u00eb Rama, sekti dhe sistemi i tij klientelist duan t\u2019ia marrin buxhetit t\u00eb shtetit, duan t\u2019ua marrin taksapaguesve shqiptar\u00eb.<\/p>\n<p>P\u00ebr t\u00eb rr\u00ebmbyer k\u00ebt\u00eb aset, i cili duhet t\u00eb ishte n\u00eb sh\u00ebrbim t\u00eb qytetar\u00ebve shqiptar\u00eb, n\u00eb sh\u00ebrbim t\u00eb ekonomis\u00eb s\u00eb vendit, Edi Rama zgjedh q\u00eb ta r\u00ebndoj\u00eb buxhetin e shtetit me 500 milion\u00eb euro, shuma e pritshme nga arbitrazhi, si pasoj\u00eb e prishjes s\u00eb kontrat\u00ebs n\u00eb m\u00ebnyr\u00eb t\u00eb nj\u00ebanshme, me vet\u00ebm nj\u00eb q\u00ebllim: dhurimin e k\u00ebtij aseti ndaj klient\u00ebve t\u00eb tij dhe ndaj vetes s\u00eb tij.<\/p>\n<p>Aeroporti i Vlor\u00ebs nisi si projekt strategjik zhvillimi, vazhdoi me propagand\u00eb, u kthye n\u00eb pla\u00e7k\u00eb elektorale dhe propagandistike dhe, n\u00eb fund, nxori kok\u00ebn e v\u00ebrtet\u00eb: pla\u00e7ka e radh\u00ebs q\u00eb sistemi i sektit Rama k\u00ebrkon t\u2019ua marr\u00eb shqiptar\u00ebve.<\/p>\n<p>\u00c7do investim, Edi Rama e ka shnd\u00ebrruar n\u00eb mjet pla\u00e7kitjeje!<\/p>\n","protected":false},"excerpt":{"rendered":"<p>Deklarat\u00eb e Partis\u00eb Demokratike Dega Vlor\u00eb, nga an\u00ebtari i K\u00ebshillit Komb\u00ebtar t\u00eb PDSH, Rezenbrik Serjani Rama dhe sekti i tij n\u00eb pushtet, me pap\u00ebrgjegjshm\u00ebri ekstreme dhe me loj\u00ebn e tyre t\u00eb err\u00ebt me oligark\u00ebt, i kan\u00eb v\u00ebn\u00eb vlonjat\u00ebt dhe t\u00eb gjith\u00eb Shqip\u00ebrin\u00eb p\u00ebrpara nj\u00eb situate jasht\u00ebzakonisht t\u00eb rrezikshme me Aeroportin Nd\u00ebrkomb\u00ebtar t\u00eb Vlor\u00ebs. Edi Rama &hellip;<\/p>\n","protected":false},"author":4,"featured_media":150925,"comment_status":"closed","ping_status":"closed","sticky":false,"template":"","format":"standard","meta":{"footnotes":""},"categories":[37],"tags":[],"class_list":["post-152158","post","type-post","status-publish","format-standard","has-post-thumbnail","","category-politike"],"_links":{"self":[{"href":"https:\/\/rdnews.al\/index.php\/wp-json\/wp\/v2\/posts\/152158","targetHints":{"allow":["GET"]}}],"collection":[{"href":"https:\/\/rdnews.al\/index.php\/wp-json\/wp\/v2\/posts"}],"about":[{"href":"https:\/\/rdnews.al\/index.php\/wp-json\/wp\/v2\/types\/post"}],"author":[{"embeddable":true,"href":"https:\/\/rdnews.al\/index.php\/wp-json\/wp\/v2\/users\/4"}],"replies":[{"embeddable":true,"href":"https:\/\/rdnews.al\/index.php\/wp-json\/wp\/v2\/comments?post=152158"}],"version-history":[{"count":2,"href":"https:\/\/rdnews.al\/index.php\/wp-json\/wp\/v2\/posts\/152158\/revisions"}],"predecessor-version":[{"id":152160,"href":"https:\/\/rdnews.al\/index.php\/wp-json\/wp\/v2\/posts\/152158\/revisions\/152160"}],"wp:featuredmedia":[{"embeddable":true,"href":"https:\/\/rdnews.al\/index.php\/wp-json\/wp\/v2\/media\/150925"}],"wp:attachment":[{"href":"https:\/\/rdnews.al\/index.php\/wp-json\/wp\/v2\/media?parent=152158"}],"wp:term":[{"taxonomy":"category","embeddable":true,"href":"https:\/\/rdnews.al\/index.php\/wp-json\/wp\/v2\/categories?post=152158"},{"taxonomy":"post_tag","embeddable":true,"href":"https:\/\/rdnews.al\/index.php\/wp-json\/wp\/v2\/tags?post=152158"}],"curies":[{"name":"wp","href":"https:\/\/api.w.org\/{rel}","templated":true}]}}