{"id":152167,"date":"2026-08-31T09:12:09","date_gmt":"2026-08-31T09:12:09","guid":{"rendered":"https:\/\/rdnews.al\/?p=152167"},"modified":"2026-08-31T09:12:09","modified_gmt":"2026-08-31T09:12:09","slug":"si-genjyen-publikisht-rama-dhe-ministrja-sala-per-trombektomine-ne-qsunt","status":"publish","type":"post","link":"https:\/\/rdnews.al\/index.php\/2026\/08\/31\/si-genjyen-publikisht-rama-dhe-ministrja-sala-per-trombektomine-ne-qsunt\/","title":{"rendered":"Si g\u00ebnjyen publikisht Rama dhe ministrja Sala p\u00ebr trombektomin\u00eb n\u00eb QSUNT"},"content":{"rendered":"<p>Tre dit\u00eb m\u00eb par\u00eb, kryeministri Edi Rama dhe ministrja e Sh\u00ebndet\u00ebsis\u00eb, Evis Sala, njoftuan se sh\u00ebrbimi i trombektomis\u00eb tashm\u00eb ofrohet n\u00eb QSUNT.<\/p>\n<p>&#8220;Nga sot, trombektomia n\u00eb QSUT ofrohet si nj\u00eb sh\u00ebrbim i plot\u00eb p\u00ebr qytetar\u00ebt. P\u00ebr her\u00eb t\u00eb par\u00eb, pacient\u00ebt me insult ishemik do t\u00eb mund t\u00eb trajtohen n\u00eb QSUT (Qendra Spitalore Universitare \u201cN\u00ebn\u00eb Tereza\u201d) me trombektomi, aparatura moderne dhe nj\u00eb ekip t\u00eb specializuar mjek\u00ebsor,&#8221; publikoi kryeministri n\u00eb profilin e tij zyrtar n\u00eb rrjetet sociale.<\/p>\n<p>Por gazetari Osman Stafa ka denoncuar se ky \u00ebsht\u00eb nj\u00eb mashtrim publik.<\/p>\n<p>&#8220;Nuk e dija q\u00eb do t\u00eb arrinin deri n\u00eb k\u00ebt\u00eb pik\u00eb p\u00ebr nj\u00eb \u00e7\u00ebshtje q\u00eb ndan jet\u00ebn nga vdekja. Pas tre dit\u00ebsh kam v\u00ebrtetuar se pajisja \u00ebsht\u00eb vendosur thjesht n\u00eb dhom\u00eb, por nuk \u00ebsht\u00eb n\u00eb sh\u00ebrbim t\u00eb pacient\u00ebve. Dhe ka qen\u00eb jo nj\u00eb, por disa pacient\u00eb. I fundit sot, i cili ka ardhur p\u00ebr t\u00eb marr\u00eb sh\u00ebrbim, pasi ka d\u00ebgjuar lajmin e kryeministrit, por QSUNT e ka p\u00ebrcjell\u00eb tek privati pasi n\u00eb QSUNT sh\u00ebrbimi nuk ofrohet,&#8221; denoncon gazetari.<\/p>\n<p>Sipas Staf\u00ebs, kryeministri dhe ministrja e Sh\u00ebndet\u00ebsis\u00eb kan\u00eb g\u00ebnjyer n\u00eb m\u00ebnyr\u00eb t\u00eb frikshme dhe nuk kan\u00eb frik\u00eb t\u00eb tallen as me vdekjen as me pacient\u00ebt q\u00eb p\u00ebrballen m\u00eb k\u00ebt\u00eb problem serioz sh\u00ebndet\u00ebsor.<\/p>\n","protected":false},"excerpt":{"rendered":"<p>Tre dit\u00eb m\u00eb par\u00eb, kryeministri Edi Rama dhe ministrja e Sh\u00ebndet\u00ebsis\u00eb, Evis Sala, njoftuan se sh\u00ebrbimi i trombektomis\u00eb tashm\u00eb ofrohet n\u00eb QSUNT. &#8220;Nga sot, trombektomia n\u00eb QSUT ofrohet si nj\u00eb sh\u00ebrbim i plot\u00eb p\u00ebr qytetar\u00ebt. P\u00ebr her\u00eb t\u00eb par\u00eb, pacient\u00ebt me insult ishemik do t\u00eb mund t\u00eb trajtohen n\u00eb QSUT (Qendra Spitalore Universitare \u201cN\u00ebn\u00eb Tereza\u201d) &hellip;<\/p>\n","protected":false},"author":4,"featured_media":152168,"comment_status":"closed","ping_status":"closed","sticky":false,"template":"","format":"standard","meta":{"footnotes":""},"categories":[37],"tags":[],"class_list":["post-152167","post","type-post","status-publish","format-standard","has-post-thumbnail","","category-politike"],"_links":{"self":[{"href":"https:\/\/rdnews.al\/index.php\/wp-json\/wp\/v2\/posts\/152167","targetHints":{"allow":["GET"]}}],"collection":[{"href":"https:\/\/rdnews.al\/index.php\/wp-json\/wp\/v2\/posts"}],"about":[{"href":"https:\/\/rdnews.al\/index.php\/wp-json\/wp\/v2\/types\/post"}],"author":[{"embeddable":true,"href":"https:\/\/rdnews.al\/index.php\/wp-json\/wp\/v2\/users\/4"}],"replies":[{"embeddable":true,"href":"https:\/\/rdnews.al\/index.php\/wp-json\/wp\/v2\/comments?post=152167"}],"version-history":[{"count":1,"href":"https:\/\/rdnews.al\/index.php\/wp-json\/wp\/v2\/posts\/152167\/revisions"}],"predecessor-version":[{"id":152169,"href":"https:\/\/rdnews.al\/index.php\/wp-json\/wp\/v2\/posts\/152167\/revisions\/152169"}],"wp:featuredmedia":[{"embeddable":true,"href":"https:\/\/rdnews.al\/index.php\/wp-json\/wp\/v2\/media\/152168"}],"wp:attachment":[{"href":"https:\/\/rdnews.al\/index.php\/wp-json\/wp\/v2\/media?parent=152167"}],"wp:term":[{"taxonomy":"category","embeddable":true,"href":"https:\/\/rdnews.al\/index.php\/wp-json\/wp\/v2\/categories?post=152167"},{"taxonomy":"post_tag","embeddable":true,"href":"https:\/\/rdnews.al\/index.php\/wp-json\/wp\/v2\/tags?post=152167"}],"curies":[{"name":"wp","href":"https:\/\/api.w.org\/{rel}","templated":true}]}}