{"id":152173,"date":"2026-08-31T09:21:32","date_gmt":"2026-08-31T09:21:32","guid":{"rendered":"https:\/\/rdnews.al\/?p=152173"},"modified":"2026-08-31T09:21:32","modified_gmt":"2026-08-31T09:21:32","slug":"po-behet-protesta-si-toke-e-xanun","status":"publish","type":"post","link":"https:\/\/rdnews.al\/index.php\/2026\/08\/31\/po-behet-protesta-si-toke-e-xanun\/","title":{"rendered":"Po b\u00ebhet protesta si &#8220;Tok\u00eb e Xanun&#8221;"},"content":{"rendered":"<p><strong>Nga Agim XHAFKA<\/strong><\/p>\n<p>Kam qen\u00eb disa her\u00eb n\u00eb protestat e p\u00ebrnatshme kund\u00ebr qeverisjes 35-vje\u00e7are. Dhe ato dit\u00eb, kur njer\u00ebzit si lumi Amazona mbyt\u00ebn sh\u00ebtitoren sa nga entuziazmi, thash\u00eb: me kaq shum\u00eb protestues do t\u00eb duhet q\u00eb ajo t\u00eb zhvillohet me turne, dhe dit\u00eb m\u00eb pas q\u00eb u pak\u00ebsua pjes\u00ebmarrja. Normal, me k\u00ebt\u00eb vap\u00eb po shteren lumenjt\u00eb, jo m\u00eb\u2026<\/p>\n<p>Por dje, sa u afrova te nj\u00eb grup t\u00eb njohurish, d\u00ebgjoj pyetjen:<\/p>\n<p>-Ti sikur shkruan te SYRI?<\/p>\n<p>-Dhe? -ua ktheva me pyetje.<\/p>\n<p>-Dhe e kupton ti.<\/p>\n<p>Pra, q\u00eb nuk isha i mir\u00ebpritur atje. E nd\u00ebrkoh\u00eb si p\u00ebr t\u00eb v\u00ebn\u00eb m\u00eb n\u00eb bezdisje ia nis\u00ebn britmave:<\/p>\n<p>-Rama n\u00eb burg! Berisha n\u00eb burg!<\/p>\n<p>Doja t\u00eb flisja, por m\u00eb asociuan at\u00eb \u00e7ast ca rreshta nga nj\u00eb lajm i moteve m\u00eb par\u00eb. Kur po \u00e7onin n\u00eb gjyq Musine Kokalarin. Kaq e etur qe turma p\u00ebr barbari, kaq urrejtje mbanin n\u00eb gjoks sa n\u00eb nj\u00eb cop\u00eb rrug\u00eb, nga makina te salla e gjyqit, turma asaj ia shkuli gjysmat e flok\u00ebve. Thirrjet burg, burg dhe v\u00ebshtrimet e egra ndaj meje ma b\u00ebn\u00eb m\u00eb t\u00eb pranishme at\u00eb mynxyr\u00eb t\u00eb viteve q\u00eb duhej t\u00eb nxirrnim m\u00ebsime t\u00eb vyera.<\/p>\n<p>Por nuk u largova nga protesta. Iu shk\u00ebputa grupit q\u00eb m\u00eb p\u00ebrbuzi. U afrova te plot t\u00eb panjohur p\u00ebr mua. N\u00eb krah t\u00eb tyre ndenja disa or\u00eb. Eca dhe eca duke d\u00ebgjuar, burg, burg, por dhe dor\u00ebheqje, dor\u00ebheqje. M\u00eb pas premtova q\u00eb do t\u00eb shkoj s\u00ebrish. E di q\u00eb askush nuk m\u00eb le t\u2019i afrohem mikrofonit, askush nuk m\u00eb le t\u00eb them mendimin tim, ama nuk do t\u00eb hesht. Do t\u00eb flas me shok\u00ebt e miqt\u00eb e mi n\u00eb protest\u00eb. Do t\u2019u them q\u00eb ta largojn\u00eb mllefin, s\u00eb pari. Askund nuk i \u00e7on. P\u00ebrve\u00e7se n\u00eb pak\u00ebsimin e pjes\u00ebmarr\u00ebsve. Do t\u2019i k\u00ebshilloj q\u00eb t\u00eb heqin dor\u00eb nga etiketimet p\u00ebr dik\u00eb q\u00eb dje apo pardje ka qen\u00eb n\u00eb PD a n\u00eb PS. Edhe \u00c7\u00ebr\u00e7illi nd\u00ebrroi parti, se nuk donte t\u00eb nd\u00ebrronte bindjet.<\/p>\n<p>Protesta ma ka b\u00ebr\u00eb zemr\u00ebn mal, por tani pas m\u00eb shum\u00eb se 90 net\u00ebsh ia vlen t\u00eb nd\u00ebrroj\u00eb strategji. T\u00eb ket\u00eb si kok\u00eb ve\u00e7 largimin e Ram\u00ebs. Dhe t\u00eb hap\u00eb krah\u00ebt e t\u00eb p\u00ebrqafoj\u00eb k\u00ebdo q\u00eb afrohet. Pa kufizim, pa kushte, pa etiketime. Ndryshe nj\u00eb dit\u00eb mes shum\u00eb e shum\u00eb pankartave aq t\u00eb gjetura e t\u00eb men\u00e7ura dikush do t\u00eb mbaj\u00eb n\u00eb dor\u00eb parull\u00ebn me germa t\u00eb m\u00ebdha \u201cTok\u00eb e Xanun\u201d.<\/p>\n","protected":false},"excerpt":{"rendered":"<p>Nga Agim XHAFKA Kam qen\u00eb disa her\u00eb n\u00eb protestat e p\u00ebrnatshme kund\u00ebr qeverisjes 35-vje\u00e7are. Dhe ato dit\u00eb, kur njer\u00ebzit si lumi Amazona mbyt\u00ebn sh\u00ebtitoren sa nga entuziazmi, thash\u00eb: me kaq shum\u00eb protestues do t\u00eb duhet q\u00eb ajo t\u00eb zhvillohet me turne, dhe dit\u00eb m\u00eb pas q\u00eb u pak\u00ebsua pjes\u00ebmarrja. Normal, me k\u00ebt\u00eb vap\u00eb po shteren &hellip;<\/p>\n","protected":false},"author":4,"featured_media":64522,"comment_status":"closed","ping_status":"closed","sticky":false,"template":"","format":"standard","meta":{"footnotes":""},"categories":[44],"tags":[],"class_list":["post-152173","post","type-post","status-publish","format-standard","has-post-thumbnail","","category-editorial"],"_links":{"self":[{"href":"https:\/\/rdnews.al\/index.php\/wp-json\/wp\/v2\/posts\/152173","targetHints":{"allow":["GET"]}}],"collection":[{"href":"https:\/\/rdnews.al\/index.php\/wp-json\/wp\/v2\/posts"}],"about":[{"href":"https:\/\/rdnews.al\/index.php\/wp-json\/wp\/v2\/types\/post"}],"author":[{"embeddable":true,"href":"https:\/\/rdnews.al\/index.php\/wp-json\/wp\/v2\/users\/4"}],"replies":[{"embeddable":true,"href":"https:\/\/rdnews.al\/index.php\/wp-json\/wp\/v2\/comments?post=152173"}],"version-history":[{"count":1,"href":"https:\/\/rdnews.al\/index.php\/wp-json\/wp\/v2\/posts\/152173\/revisions"}],"predecessor-version":[{"id":152174,"href":"https:\/\/rdnews.al\/index.php\/wp-json\/wp\/v2\/posts\/152173\/revisions\/152174"}],"wp:featuredmedia":[{"embeddable":true,"href":"https:\/\/rdnews.al\/index.php\/wp-json\/wp\/v2\/media\/64522"}],"wp:attachment":[{"href":"https:\/\/rdnews.al\/index.php\/wp-json\/wp\/v2\/media?parent=152173"}],"wp:term":[{"taxonomy":"category","embeddable":true,"href":"https:\/\/rdnews.al\/index.php\/wp-json\/wp\/v2\/categories?post=152173"},{"taxonomy":"post_tag","embeddable":true,"href":"https:\/\/rdnews.al\/index.php\/wp-json\/wp\/v2\/tags?post=152173"}],"curies":[{"name":"wp","href":"https:\/\/api.w.org\/{rel}","templated":true}]}}