{"id":152175,"date":"2026-08-31T09:25:08","date_gmt":"2026-08-31T09:25:08","guid":{"rendered":"https:\/\/rdnews.al\/?p=152175"},"modified":"2026-08-31T09:27:48","modified_gmt":"2026-08-31T09:27:48","slug":"tare-paraqitet-ne-spak-nen-hetim-per-pastrim-parash-ne-dosjen-e-ballukut","status":"publish","type":"post","link":"https:\/\/rdnews.al\/index.php\/2026\/08\/31\/tare-paraqitet-ne-spak-nen-hetim-per-pastrim-parash-ne-dosjen-e-ballukut\/","title":{"rendered":"N\u00ebn hetim p\u00ebr pastrimin e parave t\u00eb Belind\u00ebs, Tare paraqitet n\u00eb SPAK"},"content":{"rendered":"<p>Ish futbollisti i komb\u00ebtares shqiptare, Igli Tare \u00ebsht\u00eb paraqitur k\u00ebt\u00eb t\u00eb h\u00ebn\u00eb (31 gusht) n\u00eb Prokurorin\u00eb e Posa\u00e7me Antikorrupsion (SPAK).<\/p>\n<p>Ai po hetohet n\u00ebn dyshimet p\u00ebr pastrim parash n\u00eb bashk\u00ebpunim me ish-zv.kryeministren dhe ish-ministren e Infrastruktur\u00ebs Belinda Balluku.<\/p>\n<p>N\u00eb fund t\u00eb korrikut, SPAK ushtroi kontroll n\u00eb dy vila n\u00eb pron\u00ebsi t\u00eb tij n\u00eb Palas\u00eb.<\/p>\n<p>Nd\u00ebrsa m\u00eb her\u00ebt, \u00ebsht\u00eb sekuestruar nj\u00eb vil\u00eb n\u00eb Dh\u00ebrmi, e regjistruar n\u00eb emrin e tij, por q\u00eb dyshohet se \u00ebsht\u00eb n\u00eb pron\u00ebsi t\u00eb t\u00ebrthort\u00eb t\u00eb Ballukut.<\/p>\n<p>Kjo e fundit po hetohet p\u00ebr korrupsion e pastrim parash, nd\u00ebrsa \u00ebsht\u00eb e pandehur p\u00ebr shkelje t\u00eb barazis\u00eb n\u00eb tendera.Ish futbollisti i komb\u00ebtares shqiptare, Igli Tare \u00ebsht\u00eb paraqitur k\u00ebt\u00eb t\u00eb h\u00ebn\u00eb (31 gusht) n\u00eb Prokurorin\u00eb e Posa\u00e7me Antikorrupsion (SPAK).<\/p>\n<p>Ai po hetohet n\u00ebn dyshimet p\u00ebr pastrim parash n\u00eb bashk\u00ebpunim me ish-zv.kryeministren dhe ish-ministren e Infrastruktur\u00ebs Belinda Balluku.<\/p>\n<p>N\u00eb fund t\u00eb korrikut, SPAK ushtroi kontroll n\u00eb dy vila n\u00eb pron\u00ebsi t\u00eb tij n\u00eb Palas\u00eb.<\/p>\n<p>Nd\u00ebrsa m\u00eb her\u00ebt, \u00ebsht\u00eb sekuestruar nj\u00eb vil\u00eb n\u00eb Dh\u00ebrmi, e regjistruar n\u00eb emrin e tij, por q\u00eb dyshohet se \u00ebsht\u00eb n\u00eb pron\u00ebsi t\u00eb t\u00ebrthort\u00eb t\u00eb Ballukut.<\/p>\n<p>Kjo e fundit po hetohet p\u00ebr korrupsion e pastrim parash, nd\u00ebrsa \u00ebsht\u00eb e pandehur p\u00ebr shkelje t\u00eb barazis\u00eb n\u00eb tendera.<\/p>\n","protected":false},"excerpt":{"rendered":"<p>Ish futbollisti i komb\u00ebtares shqiptare, Igli Tare \u00ebsht\u00eb paraqitur k\u00ebt\u00eb t\u00eb h\u00ebn\u00eb (31 gusht) n\u00eb Prokurorin\u00eb e Posa\u00e7me Antikorrupsion (SPAK). Ai po hetohet n\u00ebn dyshimet p\u00ebr pastrim parash n\u00eb bashk\u00ebpunim me ish-zv.kryeministren dhe ish-ministren e Infrastruktur\u00ebs Belinda Balluku. N\u00eb fund t\u00eb korrikut, SPAK ushtroi kontroll n\u00eb dy vila n\u00eb pron\u00ebsi t\u00eb tij n\u00eb Palas\u00eb. Nd\u00ebrsa &hellip;<\/p>\n","protected":false},"author":4,"featured_media":152176,"comment_status":"closed","ping_status":"closed","sticky":false,"template":"","format":"standard","meta":{"footnotes":""},"categories":[37],"tags":[],"class_list":["post-152175","post","type-post","status-publish","format-standard","has-post-thumbnail","","category-politike"],"_links":{"self":[{"href":"https:\/\/rdnews.al\/index.php\/wp-json\/wp\/v2\/posts\/152175","targetHints":{"allow":["GET"]}}],"collection":[{"href":"https:\/\/rdnews.al\/index.php\/wp-json\/wp\/v2\/posts"}],"about":[{"href":"https:\/\/rdnews.al\/index.php\/wp-json\/wp\/v2\/types\/post"}],"author":[{"embeddable":true,"href":"https:\/\/rdnews.al\/index.php\/wp-json\/wp\/v2\/users\/4"}],"replies":[{"embeddable":true,"href":"https:\/\/rdnews.al\/index.php\/wp-json\/wp\/v2\/comments?post=152175"}],"version-history":[{"count":5,"href":"https:\/\/rdnews.al\/index.php\/wp-json\/wp\/v2\/posts\/152175\/revisions"}],"predecessor-version":[{"id":152181,"href":"https:\/\/rdnews.al\/index.php\/wp-json\/wp\/v2\/posts\/152175\/revisions\/152181"}],"wp:featuredmedia":[{"embeddable":true,"href":"https:\/\/rdnews.al\/index.php\/wp-json\/wp\/v2\/media\/152176"}],"wp:attachment":[{"href":"https:\/\/rdnews.al\/index.php\/wp-json\/wp\/v2\/media?parent=152175"}],"wp:term":[{"taxonomy":"category","embeddable":true,"href":"https:\/\/rdnews.al\/index.php\/wp-json\/wp\/v2\/categories?post=152175"},{"taxonomy":"post_tag","embeddable":true,"href":"https:\/\/rdnews.al\/index.php\/wp-json\/wp\/v2\/tags?post=152175"}],"curies":[{"name":"wp","href":"https:\/\/api.w.org\/{rel}","templated":true}]}}