{"id":152182,"date":"2026-08-31T09:31:52","date_gmt":"2026-08-31T09:31:52","guid":{"rendered":"https:\/\/rdnews.al\/?p=152182"},"modified":"2026-08-31T09:32:38","modified_gmt":"2026-08-31T09:32:38","slug":"skandali-me-air-albania-organizata-europiane-hap-gjyq-ne-shqiperi-per-te-mbledhur-borxhet","status":"publish","type":"post","link":"https:\/\/rdnews.al\/index.php\/2026\/08\/31\/skandali-me-air-albania-organizata-europiane-hap-gjyq-ne-shqiperi-per-te-mbledhur-borxhet\/","title":{"rendered":"Skandali me &#8220;Air Albania&#8221;\/ Organizata Europiane hap gjyq p\u00ebr t\u00eb mbledhur borxhet"},"content":{"rendered":"<p>Mes viktimave t\u00eb shumta financiare t\u00eb kompanis\u00eb flamur t\u00eb Shqip\u00ebris\u00eb, Air Albania, me sa duket \u00ebsht\u00eb edhe Eurocontrol. Organizata Europiane p\u00ebr Sigurin\u00eb e Navigimit Ajror ka hapur nj\u00eb gjyq n\u00eb Shqip\u00ebri p\u00ebr t\u00eb mbledhur borxhet e papaguara q\u00eb Air Albania ka ndaj saj.<\/p>\n<p>Nuk dihet se sa \u00ebsht\u00eb shuma e borxheve q\u00eb Air Albania ka ndaj Eurocontrol. Por padia me objekt \u201cp\u00ebrmbushje detyrimi\u201d do t\u00eb gjykohet nga gjyqtari Flamur Kapllani dhe \u00ebsht\u00eb shpallur zyrtarisht nga Gjykata e Shkall\u00ebs s\u00eb Par\u00eb n\u00eb Tiran\u00eb. Seanca e par\u00eb e saj \u00ebsht\u00eb caktuar n\u00eb dat\u00ebn 20 tetor.<\/p>\n<p><img loading=\"lazy\" decoding=\"async\" class=\"alignnone size-medium wp-image-1729438\" src=\"https:\/\/boldnews.al\/wp-content\/uploads\/2026\/08\/900-0-1788162555xair-alb-479-640x780.png\" sizes=\"auto, (max-width: 640px) 100vw, 640px\" srcset=\"https:\/\/boldnews.al\/wp-content\/uploads\/2026\/08\/900-0-1788162555xair-alb-479-640x780.png 640w, https:\/\/boldnews.al\/wp-content\/uploads\/2026\/08\/900-0-1788162555xair-alb-479-750x914.png 750w, https:\/\/boldnews.al\/wp-content\/uploads\/2026\/08\/900-0-1788162555xair-alb-479.png 900w\" alt=\"\" width=\"640\" height=\"780\" data-pin-no-hover=\"true\" \/><\/p>\n<p>E lan\u00e7uar me shum\u00eb buj\u00eb nga kryeministri, u themelua n\u00eb maj t\u00eb vitit 2018 me tre aksioner\u00eb. Turkish Airlines me 49 p\u00ebr qind, MDN Investment e Sinan Idrizit me 41 p\u00ebr qind dhe qeveria shqiptare me 10 p\u00ebr qind.<\/p>\n<div class=\"jnews_inline_related_post_wrapper left\">\n<div class=\"jnews_inline_related_post\">\n<div class=\"jeg_postblock_29 jeg_postblock jeg_module_hook jeg_pagination_disable jeg_col_2o3 jnews_module_1729437_0_6a9548652e4f4 \" data-unique=\"jnews_module_1729437_0_6a9548652e4f4\">\n<div class=\"jeg_block_heading jeg_block_heading_6 jeg_subcat_right\"><\/div>\n<div class=\"jeg_block_navigation\">Por shum\u00eb shpejt, e ashtuquajtura krenaria e qiellit shqiptar, u shnd\u00ebrrua n\u00eb nj\u00eb grop\u00eb financiare, q\u00eb akumuloi nj\u00eb mal borxhesh dhe humbjesh. Tashm\u00eb debitor\u00ebt e saj jan\u00eb duke u p\u00ebrpjekur p\u00ebrmes pro\u00e7eseve gjyq\u00ebsore t\u00eb rekuperojn\u00eb \u00e7far\u00eb t\u00eb mundin nga detyrimet q\u00eb Air Albania ka ndaj tyre.<\/div>\n<\/div>\n<\/div>\n<\/div>\n<p>Por tashm\u00eb tek Air Albania ka mbetur vet\u00ebm Sinan Idrizi, gjurm\u00ebt e charterit personal t\u00eb Edi Rama, Ismailit dhe nj\u00eb mal me abuzime financiare, t\u00eb cilat nuk po i heton askush.\/\u00a0<a href=\"https:\/\/kapitali.al\/lajme-nga-vendi\/air-albania-i-beri-gol-edhe-eurocontrol-it-organizata-europiane--i36833?fbclid=IwdGRleAUCFRZwZG9mAWZkaWQWUNjXyuEJHMX-u3QJbUnPLiDav-T4z2V4dG4DYWVtAjExAHNydGMGYXBwX2lkCjY2Mjg1NjgzNzkAAR75YwbLyQS2ivuHCwQFNizAs_r1Z9lsN5UIAuxyIkRZyPWaUHYV_b0wQqK0fw_aem_RlD_ZAxCpHDB0hjaegG9-Q\" target=\"_blank\" rel=\"noopener\">kapitali.al<\/a><\/p>\n","protected":false},"excerpt":{"rendered":"<p>Mes viktimave t\u00eb shumta financiare t\u00eb kompanis\u00eb flamur t\u00eb Shqip\u00ebris\u00eb, Air Albania, me sa duket \u00ebsht\u00eb edhe Eurocontrol. Organizata Europiane p\u00ebr Sigurin\u00eb e Navigimit Ajror ka hapur nj\u00eb gjyq n\u00eb Shqip\u00ebri p\u00ebr t\u00eb mbledhur borxhet e papaguara q\u00eb Air Albania ka ndaj saj. Nuk dihet se sa \u00ebsht\u00eb shuma e borxheve q\u00eb Air Albania ka &hellip;<\/p>\n","protected":false},"author":4,"featured_media":152183,"comment_status":"closed","ping_status":"closed","sticky":false,"template":"","format":"standard","meta":{"footnotes":""},"categories":[37],"tags":[],"class_list":["post-152182","post","type-post","status-publish","format-standard","has-post-thumbnail","","category-politike"],"_links":{"self":[{"href":"https:\/\/rdnews.al\/index.php\/wp-json\/wp\/v2\/posts\/152182","targetHints":{"allow":["GET"]}}],"collection":[{"href":"https:\/\/rdnews.al\/index.php\/wp-json\/wp\/v2\/posts"}],"about":[{"href":"https:\/\/rdnews.al\/index.php\/wp-json\/wp\/v2\/types\/post"}],"author":[{"embeddable":true,"href":"https:\/\/rdnews.al\/index.php\/wp-json\/wp\/v2\/users\/4"}],"replies":[{"embeddable":true,"href":"https:\/\/rdnews.al\/index.php\/wp-json\/wp\/v2\/comments?post=152182"}],"version-history":[{"count":3,"href":"https:\/\/rdnews.al\/index.php\/wp-json\/wp\/v2\/posts\/152182\/revisions"}],"predecessor-version":[{"id":152186,"href":"https:\/\/rdnews.al\/index.php\/wp-json\/wp\/v2\/posts\/152182\/revisions\/152186"}],"wp:featuredmedia":[{"embeddable":true,"href":"https:\/\/rdnews.al\/index.php\/wp-json\/wp\/v2\/media\/152183"}],"wp:attachment":[{"href":"https:\/\/rdnews.al\/index.php\/wp-json\/wp\/v2\/media?parent=152182"}],"wp:term":[{"taxonomy":"category","embeddable":true,"href":"https:\/\/rdnews.al\/index.php\/wp-json\/wp\/v2\/categories?post=152182"},{"taxonomy":"post_tag","embeddable":true,"href":"https:\/\/rdnews.al\/index.php\/wp-json\/wp\/v2\/tags?post=152182"}],"curies":[{"name":"wp","href":"https:\/\/api.w.org\/{rel}","templated":true}]}}