{"id":152192,"date":"2026-08-31T10:31:03","date_gmt":"2026-08-31T10:31:03","guid":{"rendered":"https:\/\/rdnews.al\/?p=152192"},"modified":"2026-08-31T10:32:38","modified_gmt":"2026-08-31T10:32:38","slug":"berisha-rama-perllogarit-ne-favor-te-opozites-mashtrimet-e-puthadoreve-te-qeverise-si-ymer-corapja-apo-bolino","status":"publish","type":"post","link":"https:\/\/rdnews.al\/index.php\/2026\/08\/31\/berisha-rama-perllogarit-ne-favor-te-opozites-mashtrimet-e-puthadoreve-te-qeverise-si-ymer-corapja-apo-bolino\/","title":{"rendered":"Berisha: Rama p\u00ebrllogarit n\u00eb favor t\u00eb opozit\u00ebs mashtrimet e puthador\u00ebve t\u00eb qeveris\u00eb si Ymer \u00c7orapja apo Bolino"},"content":{"rendered":"<p>Kryetari i PD, Sali Berisha tha se, Rama p\u00ebrllogarit n\u00eb favor t\u00eb opozit\u00ebs t\u00eb gjitha mashtrimet e puthador\u00ebve t\u00eb qeveris\u00eb, si Ymer \u00c7orapja apo Bolino. N\u00eb k\u00ebt\u00eb m\u00ebnyr\u00eb ai demaskon veten.<\/p>\n<p><strong>Berisha:<\/strong> P\u00ebr t\u00eb mbuluar k\u00ebt\u00eb shproporcion t\u00eb p\u00ebrmasave q\u00eb tejkalon \u00e7do diktatur\u00eb autokratike, Edi Rama p\u00ebrllogarit n\u00eb favor t\u00eb opozit\u00ebs t\u00eb gjitha lajmet, fake ne\u00ebs, komentet, editorialet e puthador\u00ebve t\u00eb tij n\u00eb k\u00ebto media dhe n\u00eb mediat e tjera.<\/p>\n<p>Pra, p\u00ebrdor nj\u00eb tregues q\u00eb nuk ka absolutisht asnj\u00eb lidhje me kapjen apo moskapjen e medieve, treguesi i p\u00ebrmendjes s\u00eb emrit.<\/p>\n<p>Natyrisht, n\u00eb qoft\u00eb se hapni gazet\u00ebn apo portalin e Ymer \u00c7orapes, ju do t\u00eb gjeni vet\u00ebm n\u00eb nj\u00eb dat\u00eb t\u00eb pakt\u00ebn 1500 her\u00eb emrin e Sali Berish\u00ebs apo t\u00eb PD-s\u00eb.<\/p>\n<p>Po t\u00eb shkosh tek Bolino, me portal dhe me gazet\u00eb dhe me televizion, aty shkon mesatarisht n\u00eb dit\u00eb 2500-3000 lakimi i emrit tim dhe t\u00eb PD.<\/p>\n<p>Dhe k\u00ebto, Edi Rama n\u00eb m\u00ebnyr\u00ebn m\u00eb qesharake, i paraqet si nj\u00eb proporcion i drejt\u00eb, q\u00ebndrim proporcional i medieve ndaj pozit\u00ebs dhe opozit\u00ebs.<\/p>\n<p>B\u00ebn nj\u00eb dumdum, por ai n\u00eb disa aspekte ka defekte shum\u00eb t\u00eb m\u00ebdha edhe n\u00eb realizim konceptesh.<\/p>\n<p>Ai nuk kupton se me k\u00ebt\u00eb demaskon veten e vet.<\/p>\n<p>Tregon se \u00ebsht\u00eb nj\u00eb cop\u00eb injoranti q\u00eb nuk ka turp nga asgj\u00eb.<\/p>\n<p>T\u00eb p\u00ebrdor\u00ebsh ti treguesin e p\u00ebrmendjes s\u00eb emrit p\u00ebr tregues t\u00eb proporcionalitetit t\u00eb medieve, \u00ebsht\u00eb nj\u00eb gj\u00eb mund ta b\u00ebj\u00eb vet\u00ebm ai, dhe nj\u00eb njeri normal nuk e b\u00ebn kurr\u00eb.<\/p>\n","protected":false},"excerpt":{"rendered":"<p>Kryetari i PD, Sali Berisha tha se, Rama p\u00ebrllogarit n\u00eb favor t\u00eb opozit\u00ebs t\u00eb gjitha mashtrimet e puthador\u00ebve t\u00eb qeveris\u00eb, si Ymer \u00c7orapja apo Bolino. N\u00eb k\u00ebt\u00eb m\u00ebnyr\u00eb ai demaskon veten. Berisha: P\u00ebr t\u00eb mbuluar k\u00ebt\u00eb shproporcion t\u00eb p\u00ebrmasave q\u00eb tejkalon \u00e7do diktatur\u00eb autokratike, Edi Rama p\u00ebrllogarit n\u00eb favor t\u00eb opozit\u00ebs t\u00eb gjitha lajmet, fake &hellip;<\/p>\n","protected":false},"author":4,"featured_media":152190,"comment_status":"closed","ping_status":"closed","sticky":false,"template":"","format":"standard","meta":{"footnotes":""},"categories":[37],"tags":[],"class_list":["post-152192","post","type-post","status-publish","format-standard","has-post-thumbnail","","category-politike"],"_links":{"self":[{"href":"https:\/\/rdnews.al\/index.php\/wp-json\/wp\/v2\/posts\/152192","targetHints":{"allow":["GET"]}}],"collection":[{"href":"https:\/\/rdnews.al\/index.php\/wp-json\/wp\/v2\/posts"}],"about":[{"href":"https:\/\/rdnews.al\/index.php\/wp-json\/wp\/v2\/types\/post"}],"author":[{"embeddable":true,"href":"https:\/\/rdnews.al\/index.php\/wp-json\/wp\/v2\/users\/4"}],"replies":[{"embeddable":true,"href":"https:\/\/rdnews.al\/index.php\/wp-json\/wp\/v2\/comments?post=152192"}],"version-history":[{"count":2,"href":"https:\/\/rdnews.al\/index.php\/wp-json\/wp\/v2\/posts\/152192\/revisions"}],"predecessor-version":[{"id":152196,"href":"https:\/\/rdnews.al\/index.php\/wp-json\/wp\/v2\/posts\/152192\/revisions\/152196"}],"wp:featuredmedia":[{"embeddable":true,"href":"https:\/\/rdnews.al\/index.php\/wp-json\/wp\/v2\/media\/152190"}],"wp:attachment":[{"href":"https:\/\/rdnews.al\/index.php\/wp-json\/wp\/v2\/media?parent=152192"}],"wp:term":[{"taxonomy":"category","embeddable":true,"href":"https:\/\/rdnews.al\/index.php\/wp-json\/wp\/v2\/categories?post=152192"},{"taxonomy":"post_tag","embeddable":true,"href":"https:\/\/rdnews.al\/index.php\/wp-json\/wp\/v2\/tags?post=152192"}],"curies":[{"name":"wp","href":"https:\/\/api.w.org\/{rel}","templated":true}]}}