{"id":152197,"date":"2026-08-31T10:38:47","date_gmt":"2026-08-31T10:38:47","guid":{"rendered":"https:\/\/rdnews.al\/?p=152197"},"modified":"2026-08-31T10:59:16","modified_gmt":"2026-08-31T10:59:16","slug":"berisha-cmimet-jane-rritur-5-2-here-me-shume-se-mesatarja-e-be-indiferenca-e-rames-eshte-cnjerezore","status":"publish","type":"post","link":"https:\/\/rdnews.al\/index.php\/2026\/08\/31\/berisha-cmimet-jane-rritur-5-2-here-me-shume-se-mesatarja-e-be-indiferenca-e-rames-eshte-cnjerezore\/","title":{"rendered":"Skandali\/ \u00c7mimet n\u00eb Shqip\u00ebri jan\u00eb rritur 5.2 her\u00eb m\u00eb shum\u00eb se mesatarja e BE!"},"content":{"rendered":"<p>Kryetari i PD, Sali Berisha tha se, \u00e7mimet n\u00eb Shqip\u00ebri jan\u00eb rritur 5.2 her\u00eb m\u00eb shum\u00eb se mesatarja e BE-s\u00eb, nd\u00ebrkoh\u00eb Greqia vendosi t\u00eb ul\u00eb koston e \u00e7mimeve deri n\u00eb 30%!<\/p>\n<p>Gjat\u00eb konferenc\u00ebs p\u00ebr shtyp, Berisha tha se indiferenca e Ram\u00ebs \u00ebsht\u00eb \u00e7njer\u00ebzore.<\/p>\n<p><strong>Berisha:<\/strong> S\u00eb dyti, dhe nj\u00eb problem themelor \u00ebsht\u00eb problemi i \u00e7mimeve.<\/p>\n<p>Kriza e thell\u00eb politike e vendit po shoq\u00ebrohet nga nj\u00eb kriz\u00eb e thell\u00eb ekonomike.<\/p>\n<p>Qeveria e vendit fqinj, Greqia, ka vendosur t\u00eb ul\u00eb me koston nga 5 p\u00ebrqind n\u00eb 30 p\u00ebrqind t\u00eb \u00e7mimeve t\u00eb 1600 artikujve.<\/p>\n<p>\u00c7mimeve t\u00eb ushqimeve baz\u00eb, \u00e7mimeve t\u00eb t\u00eb gjitha mjeteve shkollore p\u00ebr f\u00ebmij\u00ebt, \u00e7mimeve me p\u00ebrdorim t\u00eb gjer\u00eb nga konsumator\u00ebt n\u00eb sht\u00ebpi.<\/p>\n<p>Pra, Greqia, ndon\u00ebse qytetar\u00ebt e saj kan\u00eb nj\u00eb rrog\u00eb mesatare kat\u00ebr her\u00eb m\u00eb t\u00eb madhe se qytetar\u00ebt shqiptar\u00eb dhe \u00e7mime qart\u00ebsisht m\u00eb t\u00eb ul\u00ebta se n\u00eb Shqip\u00ebri, p\u00ebrs\u00ebri konsideron \u00e7mimet tejet munduese p\u00ebr qytetar\u00ebt dhe b\u00ebn nj\u00eb nd\u00ebrhyrje shum\u00eb t\u00eb r\u00ebnd\u00ebsishme p\u00ebr leht\u00ebsimin e qytetar\u00ebve t\u00eb saj.<\/p>\n<p>Nd\u00ebrkoh\u00eb, \u00e7mimet n\u00eb Shqip\u00ebri, sipas statistikave m\u00eb t\u00eb fundit, \u00e7mimet e ushqimeve n\u00eb Shqip\u00ebri u rrit\u00ebn k\u00ebt\u00eb vit 5 her\u00eb m\u00eb shum\u00eb se sa mesatarja e vendeve t\u00eb BE.<\/p>\n<p>Dhe qeveria ka zero reagim.<\/p>\n<p>\u00c7mimet pra jan\u00eb rritur k\u00ebt\u00eb vit krahasuar me rritjen mesataren t\u00eb \u00e7mimeve t\u00eb ushqimeve n\u00eb BE, 5.2 her\u00eb m\u00eb shum\u00eb.<\/p>\n<p>Dhe qeveria nd\u00ebrmerr zero veprime.<\/p>\n<p>K\u00ebto t\u00eb dh\u00ebna, s\u00eb bashku me t\u00eb dh\u00ebnat e tjera, t\u00eb cilat faktojn\u00eb se 30 p\u00ebrqind e shqiptar\u00ebve k\u00ebrc\u00ebnohen nga uria, jan\u00eb kambanat e alarmit m\u00eb t\u00eb trisht\u00eb q\u00eb bien n\u00eb k\u00ebt\u00eb vend.<\/p>\n<p>Indiferenca e Edi Ram\u00ebs, qeveris\u00eb s\u00eb tij ndaj k\u00ebsaj situate, tejkalon q\u00ebndrimet do t\u00eb thosha m\u00eb \u00e7njer\u00ebzore.<\/p>\n","protected":false},"excerpt":{"rendered":"<p>Kryetari i PD, Sali Berisha tha se, \u00e7mimet n\u00eb Shqip\u00ebri jan\u00eb rritur 5.2 her\u00eb m\u00eb shum\u00eb se mesatarja e BE-s\u00eb, nd\u00ebrkoh\u00eb Greqia vendosi t\u00eb ul\u00eb koston e \u00e7mimeve deri n\u00eb 30%! Gjat\u00eb konferenc\u00ebs p\u00ebr shtyp, Berisha tha se indiferenca e Ram\u00ebs \u00ebsht\u00eb \u00e7njer\u00ebzore. Berisha: S\u00eb dyti, dhe nj\u00eb problem themelor \u00ebsht\u00eb problemi i \u00e7mimeve. Kriza &hellip;<\/p>\n","protected":false},"author":4,"featured_media":152210,"comment_status":"closed","ping_status":"closed","sticky":false,"template":"","format":"standard","meta":{"footnotes":""},"categories":[37],"tags":[],"class_list":["post-152197","post","type-post","status-publish","format-standard","has-post-thumbnail","","category-politike"],"_links":{"self":[{"href":"https:\/\/rdnews.al\/index.php\/wp-json\/wp\/v2\/posts\/152197","targetHints":{"allow":["GET"]}}],"collection":[{"href":"https:\/\/rdnews.al\/index.php\/wp-json\/wp\/v2\/posts"}],"about":[{"href":"https:\/\/rdnews.al\/index.php\/wp-json\/wp\/v2\/types\/post"}],"author":[{"embeddable":true,"href":"https:\/\/rdnews.al\/index.php\/wp-json\/wp\/v2\/users\/4"}],"replies":[{"embeddable":true,"href":"https:\/\/rdnews.al\/index.php\/wp-json\/wp\/v2\/comments?post=152197"}],"version-history":[{"count":3,"href":"https:\/\/rdnews.al\/index.php\/wp-json\/wp\/v2\/posts\/152197\/revisions"}],"predecessor-version":[{"id":152211,"href":"https:\/\/rdnews.al\/index.php\/wp-json\/wp\/v2\/posts\/152197\/revisions\/152211"}],"wp:featuredmedia":[{"embeddable":true,"href":"https:\/\/rdnews.al\/index.php\/wp-json\/wp\/v2\/media\/152210"}],"wp:attachment":[{"href":"https:\/\/rdnews.al\/index.php\/wp-json\/wp\/v2\/media?parent=152197"}],"wp:term":[{"taxonomy":"category","embeddable":true,"href":"https:\/\/rdnews.al\/index.php\/wp-json\/wp\/v2\/categories?post=152197"},{"taxonomy":"post_tag","embeddable":true,"href":"https:\/\/rdnews.al\/index.php\/wp-json\/wp\/v2\/tags?post=152197"}],"curies":[{"name":"wp","href":"https:\/\/api.w.org\/{rel}","templated":true}]}}