{"id":152200,"date":"2026-08-31T10:45:21","date_gmt":"2026-08-31T10:45:21","guid":{"rendered":"https:\/\/rdnews.al\/?p=152200"},"modified":"2026-08-31T10:45:21","modified_gmt":"2026-08-31T10:45:21","slug":"berisha-te-subvencionohen-shpenzimet-per-shkollen-te-hiqet-tvsh-per-ushqimet-dhe-te-vendoset-minimumi-jetik","status":"publish","type":"post","link":"https:\/\/rdnews.al\/index.php\/2026\/08\/31\/berisha-te-subvencionohen-shpenzimet-per-shkollen-te-hiqet-tvsh-per-ushqimet-dhe-te-vendoset-minimumi-jetik\/","title":{"rendered":"Berisha: T\u00eb subvencionohen shpenzimet p\u00ebr shkoll\u00ebn, t\u00eb hiqet TVSH p\u00ebr ushqimet dhe t\u00eb vendoset minimumi jetik"},"content":{"rendered":"<p>Kryetari i PD, Sali Berisha, gjat\u00eb gjat\u00eb konferenc\u00ebs p\u00ebr shtyp k\u00ebrkoi t\u00eb subvencionohen t\u00eb gjitha shpenzimet p\u00ebr shkoll\u00ebn, t\u00eb hiqet TVSH p\u00ebr ushqimet dhe t\u00eb vendoset minimumi jetik.<\/p>\n<p>Berisha: P\u00ebr PD-n\u00eb \u00ebsht\u00eb jetike heqja e menj\u00ebhershme e TVSH-s\u00eb p\u00ebr ushqimet.<\/p>\n<p>Subvencionimi i plot\u00eb i t\u00eb gjitha shpenzimeve p\u00ebr shkoll\u00ebn bazuar n\u00eb parimin e arsimit falas.<\/p>\n<p>Me Kushtetut\u00eb, arsimi \u00ebsht\u00eb falas.<\/p>\n<p>Vendosja e menj\u00ebhershme e minimumit jetik.<\/p>\n<p>K\u00ebto masa ne i konsiderojm\u00eb masat m\u00eb t\u00eb domosdoshme p\u00ebr t\u2019iu kund\u00ebrv\u00ebn\u00eb lakut t\u00eb uris\u00eb, mjerimit dhe varf\u00ebris\u00eb q\u00eb po shtr\u00ebngohet \u00e7do dit\u00eb e m\u00eb shum\u00eb n\u00eb familjet shqiptare n\u00eb nevoj\u00eb.<\/p>\n<p>Por natyrisht, p\u00ebrkundrejt k\u00ebtyre masave, narkoqeveria ofroi nj\u00ebher\u00eb Bes\u00ebn, dhe pasi i doli kallp Besa, tani Pasqyr\u00ebn, nj\u00eb mashtrim t\u00eb turpsh\u00ebm t\u00eb dyt\u00eb duke d\u00ebshmuar se nuk jeton n\u00eb k\u00ebt\u00eb realitet, por jeton t\u00ebr\u00ebsisht n\u00eb kull\u00ebn e fildisht\u00eb t\u00eb pushtetit t\u00eb saj dhe nuk ka asnj\u00eb interes t\u00eb p\u00ebrbashk\u00ebt me qytetar\u00ebt, p\u00ebrve\u00e7 interesave t\u00eb pasurimit t\u00eb qytetar\u00ebve.<\/p>\n","protected":false},"excerpt":{"rendered":"<p>Kryetari i PD, Sali Berisha, gjat\u00eb gjat\u00eb konferenc\u00ebs p\u00ebr shtyp k\u00ebrkoi t\u00eb subvencionohen t\u00eb gjitha shpenzimet p\u00ebr shkoll\u00ebn, t\u00eb hiqet TVSH p\u00ebr ushqimet dhe t\u00eb vendoset minimumi jetik. Berisha: P\u00ebr PD-n\u00eb \u00ebsht\u00eb jetike heqja e menj\u00ebhershme e TVSH-s\u00eb p\u00ebr ushqimet. Subvencionimi i plot\u00eb i t\u00eb gjitha shpenzimeve p\u00ebr shkoll\u00ebn bazuar n\u00eb parimin e arsimit falas. &hellip;<\/p>\n","protected":false},"author":4,"featured_media":152194,"comment_status":"closed","ping_status":"closed","sticky":false,"template":"","format":"standard","meta":{"footnotes":""},"categories":[37],"tags":[],"class_list":["post-152200","post","type-post","status-publish","format-standard","has-post-thumbnail","","category-politike"],"_links":{"self":[{"href":"https:\/\/rdnews.al\/index.php\/wp-json\/wp\/v2\/posts\/152200","targetHints":{"allow":["GET"]}}],"collection":[{"href":"https:\/\/rdnews.al\/index.php\/wp-json\/wp\/v2\/posts"}],"about":[{"href":"https:\/\/rdnews.al\/index.php\/wp-json\/wp\/v2\/types\/post"}],"author":[{"embeddable":true,"href":"https:\/\/rdnews.al\/index.php\/wp-json\/wp\/v2\/users\/4"}],"replies":[{"embeddable":true,"href":"https:\/\/rdnews.al\/index.php\/wp-json\/wp\/v2\/comments?post=152200"}],"version-history":[{"count":1,"href":"https:\/\/rdnews.al\/index.php\/wp-json\/wp\/v2\/posts\/152200\/revisions"}],"predecessor-version":[{"id":152201,"href":"https:\/\/rdnews.al\/index.php\/wp-json\/wp\/v2\/posts\/152200\/revisions\/152201"}],"wp:featuredmedia":[{"embeddable":true,"href":"https:\/\/rdnews.al\/index.php\/wp-json\/wp\/v2\/media\/152194"}],"wp:attachment":[{"href":"https:\/\/rdnews.al\/index.php\/wp-json\/wp\/v2\/media?parent=152200"}],"wp:term":[{"taxonomy":"category","embeddable":true,"href":"https:\/\/rdnews.al\/index.php\/wp-json\/wp\/v2\/categories?post=152200"},{"taxonomy":"post_tag","embeddable":true,"href":"https:\/\/rdnews.al\/index.php\/wp-json\/wp\/v2\/tags?post=152200"}],"curies":[{"name":"wp","href":"https:\/\/api.w.org\/{rel}","templated":true}]}}