{"id":152202,"date":"2026-08-31T10:49:11","date_gmt":"2026-08-31T10:49:11","guid":{"rendered":"https:\/\/rdnews.al\/?p=152202"},"modified":"2026-08-31T11:38:41","modified_gmt":"2026-08-31T11:38:41","slug":"berisha-do-shkoj-ne-teksas-ne-konferencen-e-partise-republikane-per-zgjedhjet-e-mes-mandatit","status":"publish","type":"post","link":"https:\/\/rdnews.al\/index.php\/2026\/08\/31\/berisha-do-shkoj-ne-teksas-ne-konferencen-e-partise-republikane-per-zgjedhjet-e-mes-mandatit\/","title":{"rendered":"Berisha: Do shkoj n\u00eb Teksas, n\u00eb konferenc\u00ebn e Partis\u00eb Republikane, p\u00ebr zgjedhjet e mes-mandatit"},"content":{"rendered":"<p>Duke ju p\u00ebrgjigjur interesit t\u00eb gazetar\u00ebve gjat\u00eb konferenc\u00ebs p\u00ebr shtyp, Berisha tha se, do shkoj\u00eb n\u00eb Teksas, n\u00eb konferenc\u00ebn e Partis\u00eb Republikane, p\u00ebr zgjedhjet e mes-mandatit.<\/p>\n<p><strong>Elda Menga, TCH:<\/strong> Z. Berisha, n\u00eb bashk\u00ebbisedimin e fundjav\u00ebs, ju paralajm\u00ebruat se po prisni dokumentet p\u00ebr t\u00eb udh\u00ebtuar drejt SHBA-ve. A e t\u00ebrhoq\u00ebt pasaport\u00ebn nga ambasada amerikane?<br \/>\nDhe po ashtu n\u00eb t\u00eb nj\u00ebjtin bashk\u00ebbisedim, ju paralajm\u00ebruat se po punoni p\u00ebr t\u00eb fiksuar takime edhe n\u00eb Departamentin Amerikan t\u00eb Shtetit. A keni fiksuar ndonj\u00eb takim t\u00eb r\u00ebnd\u00ebsish\u00ebm?<\/p>\n<p><strong>Sali Berisha:<\/strong> Jo, ju sqaroj. Dokumentet jan\u00eb n\u00eb ambasad\u00ebn amerikane dhe un\u00eb nuk kam prenotuar asnj\u00eb takim.<\/p>\n<p>Un\u00eb shkoj, si\u00e7 e dini, shkoj n\u00eb Teksas n\u00eb konferenc\u00ebn e Partis\u00eb Republikane amerikane p\u00ebr zgjedhjet midterm. Un\u00eb jam n\u00eb nj\u00eb delegacion t\u00eb Unionit Demokrat Nd\u00ebrkomb\u00ebtar, nj\u00eb delegacion i gjer\u00eb, i cili \u00ebsht\u00eb i ftuar nga Partia Republikane, parti kryesore n\u00eb IDU, p\u00ebr t\u00eb marr\u00eb pjes\u00eb n\u00eb k\u00ebt\u00eb konferenc\u00eb.<\/p>\n<p>P\u00ebrve\u00e7 k\u00ebsaj, un\u00eb kam nj\u00eb ftes\u00eb dhe nga nj\u00eb institut republikan.<\/p>\n<p>A keni pasur ndonj\u00eb njoftim t\u00eb or\u00ebve t\u00eb fundit, apo minutave t\u00eb fundit se kur e merrni pasaport\u00ebn?<\/p>\n<p>Sali Berisha: Jo, nuk kam pasur njoftim, as or\u00ebn, as minutat.<\/p>\n","protected":false},"excerpt":{"rendered":"<p>Duke ju p\u00ebrgjigjur interesit t\u00eb gazetar\u00ebve gjat\u00eb konferenc\u00ebs p\u00ebr shtyp, Berisha tha se, do shkoj\u00eb n\u00eb Teksas, n\u00eb konferenc\u00ebn e Partis\u00eb Republikane, p\u00ebr zgjedhjet e mes-mandatit. Elda Menga, TCH: Z. Berisha, n\u00eb bashk\u00ebbisedimin e fundjav\u00ebs, ju paralajm\u00ebruat se po prisni dokumentet p\u00ebr t\u00eb udh\u00ebtuar drejt SHBA-ve. A e t\u00ebrhoq\u00ebt pasaport\u00ebn nga ambasada amerikane? Dhe po &hellip;<\/p>\n","protected":false},"author":4,"featured_media":152190,"comment_status":"closed","ping_status":"closed","sticky":false,"template":"","format":"standard","meta":{"footnotes":""},"categories":[37],"tags":[],"class_list":["post-152202","post","type-post","status-publish","format-standard","has-post-thumbnail","","category-politike"],"_links":{"self":[{"href":"https:\/\/rdnews.al\/index.php\/wp-json\/wp\/v2\/posts\/152202","targetHints":{"allow":["GET"]}}],"collection":[{"href":"https:\/\/rdnews.al\/index.php\/wp-json\/wp\/v2\/posts"}],"about":[{"href":"https:\/\/rdnews.al\/index.php\/wp-json\/wp\/v2\/types\/post"}],"author":[{"embeddable":true,"href":"https:\/\/rdnews.al\/index.php\/wp-json\/wp\/v2\/users\/4"}],"replies":[{"embeddable":true,"href":"https:\/\/rdnews.al\/index.php\/wp-json\/wp\/v2\/comments?post=152202"}],"version-history":[{"count":2,"href":"https:\/\/rdnews.al\/index.php\/wp-json\/wp\/v2\/posts\/152202\/revisions"}],"predecessor-version":[{"id":152204,"href":"https:\/\/rdnews.al\/index.php\/wp-json\/wp\/v2\/posts\/152202\/revisions\/152204"}],"wp:featuredmedia":[{"embeddable":true,"href":"https:\/\/rdnews.al\/index.php\/wp-json\/wp\/v2\/media\/152190"}],"wp:attachment":[{"href":"https:\/\/rdnews.al\/index.php\/wp-json\/wp\/v2\/media?parent=152202"}],"wp:term":[{"taxonomy":"category","embeddable":true,"href":"https:\/\/rdnews.al\/index.php\/wp-json\/wp\/v2\/categories?post=152202"},{"taxonomy":"post_tag","embeddable":true,"href":"https:\/\/rdnews.al\/index.php\/wp-json\/wp\/v2\/tags?post=152202"}],"curies":[{"name":"wp","href":"https:\/\/api.w.org\/{rel}","templated":true}]}}