{"id":152215,"date":"2026-08-31T11:07:35","date_gmt":"2026-08-31T11:07:35","guid":{"rendered":"https:\/\/rdnews.al\/?p=152215"},"modified":"2026-08-31T11:07:35","modified_gmt":"2026-08-31T11:07:35","slug":"prej-me-shume-se-dy-muajsh-bashkia-vau-i-dejes-eshte-pa-qender-shendetesore-funksionale","status":"publish","type":"post","link":"https:\/\/rdnews.al\/index.php\/2026\/08\/31\/prej-me-shume-se-dy-muajsh-bashkia-vau-i-dejes-eshte-pa-qender-shendetesore-funksionale\/","title":{"rendered":"Prej m\u00eb shum\u00eb se dy muajsh, Bashkia Vau i Dej\u00ebs \u00ebsht\u00eb pa qend\u00ebr sh\u00ebndet\u00ebsore funksionale"},"content":{"rendered":"<p><strong>Nga Bardh SPAHIA<\/strong><\/p>\n<p>Prej m\u00eb shum\u00eb se dy muajsh, Bashkia Vau i Dej\u00ebs \u00ebsht\u00eb pa qend\u00ebr sh\u00ebndet\u00ebsore funksionale. \u00cbsht\u00eb e papranueshme q\u00eb n\u00eb nj\u00eb vend ku propaganda qeveritare flet p\u00ebr \u201csh\u00ebndet\u00ebsi falas\u201d, qytetar\u00ebve t\u2019u mohohet edhe sh\u00ebrbimi baz\u00eb sh\u00ebndet\u00ebsor.<br \/>\nHumbja e jet\u00ebs s\u00eb dy qytetar\u00ebve \u00ebsht\u00eb nj\u00eb kamban\u00eb alarmi dhe k\u00ebrkon p\u00ebrgjegj\u00ebsi t\u00eb menj\u00ebhershme institucionale. Ministrja e Sh\u00ebndet\u00ebsis\u00eb duhet t\u2019u jap\u00eb qytetar\u00ebve p\u00ebrgjigje t\u00eb qarta: Pse qendra nuk funksionon? Kush mban p\u00ebrgjegj\u00ebsi? \u00c7far\u00eb masash jan\u00eb marr\u00eb dhe kur do t\u00eb rikthehet sh\u00ebrbimi?<br \/>\nPrej dy muajsh qeveria hesht, institucionet lokale po ashtu, nd\u00ebrsa qytetar\u00ebt mbeten pa nj\u00eb zgjidhje konkrete.<br \/>\nN\u00eb fillim t\u00eb k\u00ebtij viti, qeveria krenohej se kishte alokuar buxhetin m\u00eb t\u00eb madh t\u00eb t\u00eb gjitha koh\u00ebrave p\u00ebr sh\u00ebndet\u00ebsin\u00eb, nd\u00ebrsa vet\u00ebm pak dit\u00eb m\u00eb par\u00eb Ministrja Sala tam-tamet e sh\u00ebndet\u00ebsis\u00eb q\u00eb, zgjidhet nga turist\u00ebt e huaj n\u00eb Shqip\u00ebri.<br \/>\nRealiteti \u00ebsht\u00eb krejt tjet\u00ebr.<br \/>\nSh\u00ebndet\u00ebsia sot \u00ebsht\u00eb n\u00eb situat\u00ebn m\u00eb t\u00eb r\u00ebnd\u00eb. Mungojn\u00eb qendrat sh\u00ebndet\u00ebsore funksionale, barnat, pajisjet dhe sh\u00ebrbimet baz\u00eb. Madje, QSUT detyrohet t\u00eb k\u00ebrkoj\u00eb edhe sponsorizime private p\u00ebr nevoja elementare.<br \/>\nAt\u00ebher\u00eb, ku shkojn\u00eb parat\u00eb e sh\u00ebndet\u00ebsis\u00eb? Ku jan\u00eb fondet p\u00ebr mjek\u00ebt, qendrat sh\u00ebndet\u00ebsore, barnat, pajisjet mjek\u00ebsore, terapit\u00eb dhe diagnostikimin?<br \/>\nMe nisjen e sesionit t\u00eb ri parlamentar, do t\u00eb k\u00ebrkoj interpelanc\u00eb urgjente p\u00ebr situat\u00ebn e r\u00ebnd\u00eb t\u00eb sh\u00ebndet\u00ebsis\u00eb, duke k\u00ebrkuar p\u00ebrgjegj\u00ebsi t\u00eb drejtp\u00ebrdrejt\u00eb nga qeveria dhe Ministrja e Sh\u00ebndet\u00ebsis\u00eb.<br \/>\nLargimi i k\u00ebsaj qeverie \u00ebsht\u00eb nj\u00eb imperativ absolut, sepse nj\u00eb qeveri q\u00eb nuk p\u00ebrmbush misionin e saj themelor p\u00ebr t\u00eb mbrojtur jet\u00ebn dhe p\u00ebr t\u00eb garantuar nj\u00eb sh\u00ebrbim sh\u00ebndet\u00ebsor t\u00eb plot\u00eb, cil\u00ebsor dhe t\u00eb aksesuesh\u00ebm p\u00ebr qytetar\u00ebt, duhet shporrur nj\u00eb or\u00eb e m\u00eb par\u00eb.<br \/>\nQytetar\u00ebt nuk kan\u00eb nevoj\u00eb p\u00ebr propagand\u00eb. Kan\u00eb nevoj\u00eb p\u00ebr mjek\u00eb, ila\u00e7e, sh\u00ebrbim dhe nj\u00eb shtet q\u00eb mbron jet\u00ebn e tyre.<\/p>\n","protected":false},"excerpt":{"rendered":"<p>Nga Bardh SPAHIA Prej m\u00eb shum\u00eb se dy muajsh, Bashkia Vau i Dej\u00ebs \u00ebsht\u00eb pa qend\u00ebr sh\u00ebndet\u00ebsore funksionale. \u00cbsht\u00eb e papranueshme q\u00eb n\u00eb nj\u00eb vend ku propaganda qeveritare flet p\u00ebr \u201csh\u00ebndet\u00ebsi falas\u201d, qytetar\u00ebve t\u2019u mohohet edhe sh\u00ebrbimi baz\u00eb sh\u00ebndet\u00ebsor. Humbja e jet\u00ebs s\u00eb dy qytetar\u00ebve \u00ebsht\u00eb nj\u00eb kamban\u00eb alarmi dhe k\u00ebrkon p\u00ebrgjegj\u00ebsi t\u00eb menj\u00ebhershme institucionale. &hellip;<\/p>\n","protected":false},"author":4,"featured_media":146453,"comment_status":"closed","ping_status":"closed","sticky":false,"template":"","format":"standard","meta":{"footnotes":""},"categories":[37],"tags":[],"class_list":["post-152215","post","type-post","status-publish","format-standard","has-post-thumbnail","","category-politike"],"_links":{"self":[{"href":"https:\/\/rdnews.al\/index.php\/wp-json\/wp\/v2\/posts\/152215","targetHints":{"allow":["GET"]}}],"collection":[{"href":"https:\/\/rdnews.al\/index.php\/wp-json\/wp\/v2\/posts"}],"about":[{"href":"https:\/\/rdnews.al\/index.php\/wp-json\/wp\/v2\/types\/post"}],"author":[{"embeddable":true,"href":"https:\/\/rdnews.al\/index.php\/wp-json\/wp\/v2\/users\/4"}],"replies":[{"embeddable":true,"href":"https:\/\/rdnews.al\/index.php\/wp-json\/wp\/v2\/comments?post=152215"}],"version-history":[{"count":1,"href":"https:\/\/rdnews.al\/index.php\/wp-json\/wp\/v2\/posts\/152215\/revisions"}],"predecessor-version":[{"id":152216,"href":"https:\/\/rdnews.al\/index.php\/wp-json\/wp\/v2\/posts\/152215\/revisions\/152216"}],"wp:featuredmedia":[{"embeddable":true,"href":"https:\/\/rdnews.al\/index.php\/wp-json\/wp\/v2\/media\/146453"}],"wp:attachment":[{"href":"https:\/\/rdnews.al\/index.php\/wp-json\/wp\/v2\/media?parent=152215"}],"wp:term":[{"taxonomy":"category","embeddable":true,"href":"https:\/\/rdnews.al\/index.php\/wp-json\/wp\/v2\/categories?post=152215"},{"taxonomy":"post_tag","embeddable":true,"href":"https:\/\/rdnews.al\/index.php\/wp-json\/wp\/v2\/tags?post=152215"}],"curies":[{"name":"wp","href":"https:\/\/api.w.org\/{rel}","templated":true}]}}