{"id":152217,"date":"2026-08-31T11:11:21","date_gmt":"2026-08-31T11:11:21","guid":{"rendered":"https:\/\/rdnews.al\/?p=152217"},"modified":"2026-08-31T11:11:21","modified_gmt":"2026-08-31T11:11:21","slug":"harari-e-ka-denoncuar-nuk-e-ndihmon-dot-edi-ramen","status":"publish","type":"post","link":"https:\/\/rdnews.al\/index.php\/2026\/08\/31\/harari-e-ka-denoncuar-nuk-e-ndihmon-dot-edi-ramen\/","title":{"rendered":"Harari e ka denoncuar, nuk e ndihmon dot Edi Ram\u00ebn!"},"content":{"rendered":"<div class=\"readmore-text-here\">\n<p><strong>Nga Belind KELLI\u00c7I<\/strong><\/p>\n<p>Edi Rama u p\u00ebrpoq ta vendos\u00eb historianin e njohur n\u00eb an\u00ebn e tij, duke i shk\u00ebputur nj\u00eb citim lidhur me algoritmin e rrjeteve sociale. Sipas tij, Harari i paska dh\u00ebn\u00eb t\u00eb drejt\u00eb Kryeministrit lidhur me protest\u00ebn dhe \u00e7far\u00eb e shkaktoi at\u00eb.<\/p>\n<p>Sigurisht, Edi Ram\u00ebs dikush ja ka nisur k\u00ebt\u00eb material. Ai as nuk e ka lexuar Hararin dhe n\u00eb p\u00ebrgjith\u00ebsi, dijet e tij jan\u00eb t\u00eb cek\u00ebta.<\/p>\n<p>Historiani izraelit e ka denoncuar nja 100 her\u00eb Edi Ram\u00ebn si sojin e autokratit dhe dhunuesit t\u00eb demokracis\u00eb.<\/p>\n<p>Harari thot\u00eb se nj\u00eb demokraci d\u00ebshton kur bien mekanizmat e kontrollit dhe korrektimit. Si\u00e7 ka ndodhur n\u00eb Shqip\u00ebri k\u00ebto 13 vite. Mos e korrekton apo e kontrollon pushtetin e Edi Ram\u00ebs parlamenti apo gjyq\u00ebsori? Mos ka media t\u00eb m\u00ebdha komb\u00ebtare q\u00eb ekspozojn\u00eb gabimet dhe aferat? Mos \u00ebsht\u00eb vota e lir\u00eb q\u00eb \u00ebsht\u00eb garancia m\u00eb e madhe, n\u00eb k\u00ebto 13 vite?<\/p>\n<p>Asnj\u00eb nga k\u00ebta element\u00eb jetik\u00eb nuk ka funkisonuar me Edi Ram\u00ebn. Jan\u00eb zhb\u00ebr\u00eb, jan\u00eb zhdukur. K\u00ebto shqet\u00ebsime ka ngritur mendimtari i shquar.<\/p>\n<p>Harari thot\u00eb se demokracia \u00ebsht\u00eb nj\u00eb bashk\u00ebbisedim mes t\u00eb gjith\u00ebve, ku n\u00eb fund merret nj\u00eb vendim.<\/p>\n<p>Kur ka ndodhur kjo me Edi Ram\u00ebn?!<\/p>\n<p>Kryeministrit m\u00eb t\u00eb korruptuar n\u00eb Europ\u00eb do t&#8217;i vinte m\u00eb shum\u00eb n\u00eb ndihm\u00eb Mato Gruda i Drit\u00ebroit q\u00eb thot\u00eb: At\u00eb e di un\u00eb!<\/p>\n<p><iframe loading=\"lazy\" src=\"https:\/\/www.facebook.com\/plugins\/post.php?href=https%3A%2F%2Fwww.facebook.com%2FBelindKellici.Official%2Fposts%2Fpfbid0iwwLj6vLyJehjPjTbwfWWM98BRkZfNBfVPC9t6HmZbmbNW6M4u5vPwxdPzBfogPJl&amp;show_text=true&amp;width=500\" width=\"500\" height=\"277\" frameborder=\"0\" scrolling=\"no\" allowfullscreen=\"allowfullscreen\" data-mce-fragment=\"1\"><\/iframe><\/p>\n<\/div>\n<div id=\"rekl-33\"><\/div>\n","protected":false},"excerpt":{"rendered":"<p>Nga Belind KELLI\u00c7I Edi Rama u p\u00ebrpoq ta vendos\u00eb historianin e njohur n\u00eb an\u00ebn e tij, duke i shk\u00ebputur nj\u00eb citim lidhur me algoritmin e rrjeteve sociale. Sipas tij, Harari i paska dh\u00ebn\u00eb t\u00eb drejt\u00eb Kryeministrit lidhur me protest\u00ebn dhe \u00e7far\u00eb e shkaktoi at\u00eb. Sigurisht, Edi Ram\u00ebs dikush ja ka nisur k\u00ebt\u00eb material. Ai as &hellip;<\/p>\n","protected":false},"author":4,"featured_media":149527,"comment_status":"closed","ping_status":"closed","sticky":false,"template":"","format":"standard","meta":{"footnotes":""},"categories":[37],"tags":[],"class_list":["post-152217","post","type-post","status-publish","format-standard","has-post-thumbnail","","category-politike"],"_links":{"self":[{"href":"https:\/\/rdnews.al\/index.php\/wp-json\/wp\/v2\/posts\/152217","targetHints":{"allow":["GET"]}}],"collection":[{"href":"https:\/\/rdnews.al\/index.php\/wp-json\/wp\/v2\/posts"}],"about":[{"href":"https:\/\/rdnews.al\/index.php\/wp-json\/wp\/v2\/types\/post"}],"author":[{"embeddable":true,"href":"https:\/\/rdnews.al\/index.php\/wp-json\/wp\/v2\/users\/4"}],"replies":[{"embeddable":true,"href":"https:\/\/rdnews.al\/index.php\/wp-json\/wp\/v2\/comments?post=152217"}],"version-history":[{"count":1,"href":"https:\/\/rdnews.al\/index.php\/wp-json\/wp\/v2\/posts\/152217\/revisions"}],"predecessor-version":[{"id":152218,"href":"https:\/\/rdnews.al\/index.php\/wp-json\/wp\/v2\/posts\/152217\/revisions\/152218"}],"wp:featuredmedia":[{"embeddable":true,"href":"https:\/\/rdnews.al\/index.php\/wp-json\/wp\/v2\/media\/149527"}],"wp:attachment":[{"href":"https:\/\/rdnews.al\/index.php\/wp-json\/wp\/v2\/media?parent=152217"}],"wp:term":[{"taxonomy":"category","embeddable":true,"href":"https:\/\/rdnews.al\/index.php\/wp-json\/wp\/v2\/categories?post=152217"},{"taxonomy":"post_tag","embeddable":true,"href":"https:\/\/rdnews.al\/index.php\/wp-json\/wp\/v2\/tags?post=152217"}],"curies":[{"name":"wp","href":"https:\/\/api.w.org\/{rel}","templated":true}]}}