{"id":152219,"date":"2026-08-31T11:15:17","date_gmt":"2026-08-31T11:15:17","guid":{"rendered":"https:\/\/rdnews.al\/?p=152219"},"modified":"2026-08-31T11:15:17","modified_gmt":"2026-08-31T11:15:17","slug":"berisha-vucic-po-perdor-per-qellime-elektorale-kufomen-e-monstres-se-bosnjes-ratko-mlladic","status":"publish","type":"post","link":"https:\/\/rdnews.al\/index.php\/2026\/08\/31\/berisha-vucic-po-perdor-per-qellime-elektorale-kufomen-e-monstres-se-bosnjes-ratko-mlladic\/","title":{"rendered":"Berisha: Vu\u00e7i\u00e7 po p\u00ebrdor p\u00ebr q\u00ebllime elektorale kufom\u00ebn e monstr\u00ebs s\u00eb Bosnj\u00ebs, Ratko Mlladi\u00e7"},"content":{"rendered":"<p>Kryetari i Partis\u00eb Demokratike, Prof. Dr. Sali Berisha, p\u00ebrmes nj\u00eb statusi publik akuzon presidentin serb, Aleksand\u00ebr Vu\u00e7i\u00e7, dhe drejtues t\u00eb tjer\u00eb n\u00eb Beograd p\u00ebr glorifikimin e Ratko Mlladi\u00e7, t\u00eb d\u00ebnuarit me burgim t\u00eb p\u00ebrjetsh\u00ebm p\u00ebr gjenocid dhe krime lufte. Berisha e cil\u00ebson k\u00ebt\u00eb q\u00ebndrim si t\u00eb rreziksh\u00ebm p\u00ebr paqen dhe stabilitetin n\u00eb rajon, nd\u00ebrsa i b\u00ebn thirrje Gjykat\u00ebs s\u00eb Hag\u00ebs t\u00eb mos lejoj\u00eb q\u00eb varrimi dhe figura e Mlladi\u00e7 t\u00eb shfryt\u00ebzohen p\u00ebr q\u00ebllime elektorale dhe propagandistike.<\/p>\n<p><strong>Reagimi i plot\u00eb<\/strong><\/p>\n<p>Aleksander Vu\u00e7i\u00e7 p\u00ebrdor p\u00ebr q\u00ebllime elektorale kufom\u00ebn e monstr\u00ebs s\u00eb Bosnj\u00ebs.<br \/>\nGlorifikimi n\u00eb Beograd i Ratko Mladi\u00e7, orkestruesit t\u00eb gjenocidit t\u00eb Srebrenic\u00ebs, \u00ebsht\u00eb ushqim i rreziksh\u00ebm p\u00ebr psikologjin\u00eb e kombit serb.<\/p>\n<p>T\u00eb dashur miq, prej nj\u00eb jave Presidenti i Serbomadhis\u00eb, Aleksand\u00ebr Vu\u00e7i\u00e7, dhe drejtues t\u00eb tjer\u00eb serb po qajn\u00eb e vajtojn\u00eb vdekjen n\u00eb nj\u00eb spital t\u00eb Gjykat\u00ebs Nd\u00ebrkomb\u00ebtare n\u00eb Hag\u00eb t\u00eb kasapit t\u00eb Bosnj\u00ebs, Ratko Mladi\u00e7, si dhe po glorifikojn\u00eb figur\u00ebn e tij. Ata sulmojn\u00eb gjykat\u00ebn dhe spitalin se nuk e lejuan t\u00eb mjekohej n\u00eb Beograd, nd\u00ebrsa tani kan\u00eb paraqitur k\u00ebrkes\u00eb zyrtare pran\u00eb Gjykat\u00ebs p\u00ebr t\u00eb marr\u00eb trupin e tij, me q\u00ebllim q\u00eb ta varrosin me nderime t\u00eb larta ceremoniale, shtet\u00ebrore dhe ushtarake k\u00ebt\u00eb monst\u00ebr t\u00eb njer\u00ebzimit.<br \/>\nRikujtoj k\u00ebtu se Ratko Mladi\u00e7 \u00ebsht\u00eb i d\u00ebnuar me burgim t\u00eb p\u00ebrjetsh\u00ebm p\u00ebr gjenocid, krime kund\u00ebr njer\u00ebzimit dhe krime lufte p\u00ebr orkestrimin e masakr\u00ebs s\u00eb vitit 1995, n\u00eb t\u00eb cil\u00ebn u vran\u00eb t\u00eb pakt\u00ebn 8,000 djem dhe burra mysliman\u00eb n\u00eb Srebrenic\u00eb, nj\u00eb &#8220;zon\u00eb e mbrojtur&#8221; nga OKB-ja n\u00eb Bosnj\u00eb. Kjo masak\u00ebr konsiderohet mizoria m\u00eb e r\u00ebnd\u00eb n\u00eb Evrop\u00eb q\u00eb nga Lufta e Dyt\u00eb Bot\u00ebrore. Mladi\u00e7 udh\u00ebhoqi gjithashtu bombardimin me artileri p\u00ebr tre vjet me radh\u00eb t\u00eb Sarajev\u00ebs s\u00eb rrethuar nga ushtria serbe, duke vrar\u00eb k\u00ebshtu n\u00eb kryeqytetin e Bosnj\u00ebs t\u00eb pakt\u00ebn 10,000 f\u00ebmij\u00eb, gra dhe burra t\u00eb paarmatosur.<br \/>\nGlorifikimi i autorit kryesor t\u00eb gjenocidit t\u00eb Srebrenic\u00ebs dhe rrethimit te Sarajeves d\u00ebshmon edhe nj\u00eb her\u00eb se p\u00ebr elit\u00ebn kriminele dhe nacionalist\u00ebt primitiv\u00eb serb\u00eb, gjenocidi dhe shfarosja p\u00ebr motive etnike e kombit tjet\u00ebr \u00ebsht\u00eb lavdi. Ky q\u00ebndrim d\u00ebshmon rrezikun e madh q\u00eb paraqet udh\u00ebheqja e Beogradit, me psikologjin\u00eb e saj primitive ultranacionaliste, p\u00ebr paqen dhe stabilitetin n\u00eb rajon. Ky akt \u00ebsht\u00eb festa e xhelatit mbi varret e viktimave t\u00eb tij t\u00eb pafajshme dhe nj\u00eb fyerje e r\u00ebnd\u00eb p\u00ebr nd\u00ebrgjegjen njer\u00ebzore t\u00eb kombeve t\u00eb lira. Duke denuar me forc\u00ebn m\u00eb t\u00eb madhe k\u00ebto qendrime t\u00eb verb\u00ebta rraciste kriminale t\u00eb presidentit t\u00eb serbomadhis\u00eb Vu\u00e7i\u00e7 dhe bashk\u00ebpun\u00ebtorve t\u00eb tij i b\u00ebj thirrje Gjykat\u00ebs s\u00eb Hag\u00ebs t\u00eb mos lejoj\u00eb p\u00ebrdorimin e kufom\u00ebs s\u00eb monstr\u00ebs serbe t\u00eb Ballkanit p\u00ebr t\u00eb ushqyer psikologjin\u00eb gjenocidale t\u00eb ultranacionalist\u00ebve serb\u00eb dhe shfryt\u00ebzimin e saj p\u00ebr q\u00ebllime elektorale prej tyre.<\/p>\n","protected":false},"excerpt":{"rendered":"<p>Kryetari i Partis\u00eb Demokratike, Prof. Dr. Sali Berisha, p\u00ebrmes nj\u00eb statusi publik akuzon presidentin serb, Aleksand\u00ebr Vu\u00e7i\u00e7, dhe drejtues t\u00eb tjer\u00eb n\u00eb Beograd p\u00ebr glorifikimin e Ratko Mlladi\u00e7, t\u00eb d\u00ebnuarit me burgim t\u00eb p\u00ebrjetsh\u00ebm p\u00ebr gjenocid dhe krime lufte. Berisha e cil\u00ebson k\u00ebt\u00eb q\u00ebndrim si t\u00eb rreziksh\u00ebm p\u00ebr paqen dhe stabilitetin n\u00eb rajon, nd\u00ebrsa i &hellip;<\/p>\n","protected":false},"author":4,"featured_media":151547,"comment_status":"closed","ping_status":"closed","sticky":false,"template":"","format":"standard","meta":{"footnotes":""},"categories":[37],"tags":[],"class_list":["post-152219","post","type-post","status-publish","format-standard","has-post-thumbnail","","category-politike"],"_links":{"self":[{"href":"https:\/\/rdnews.al\/index.php\/wp-json\/wp\/v2\/posts\/152219","targetHints":{"allow":["GET"]}}],"collection":[{"href":"https:\/\/rdnews.al\/index.php\/wp-json\/wp\/v2\/posts"}],"about":[{"href":"https:\/\/rdnews.al\/index.php\/wp-json\/wp\/v2\/types\/post"}],"author":[{"embeddable":true,"href":"https:\/\/rdnews.al\/index.php\/wp-json\/wp\/v2\/users\/4"}],"replies":[{"embeddable":true,"href":"https:\/\/rdnews.al\/index.php\/wp-json\/wp\/v2\/comments?post=152219"}],"version-history":[{"count":1,"href":"https:\/\/rdnews.al\/index.php\/wp-json\/wp\/v2\/posts\/152219\/revisions"}],"predecessor-version":[{"id":152220,"href":"https:\/\/rdnews.al\/index.php\/wp-json\/wp\/v2\/posts\/152219\/revisions\/152220"}],"wp:featuredmedia":[{"embeddable":true,"href":"https:\/\/rdnews.al\/index.php\/wp-json\/wp\/v2\/media\/151547"}],"wp:attachment":[{"href":"https:\/\/rdnews.al\/index.php\/wp-json\/wp\/v2\/media?parent=152219"}],"wp:term":[{"taxonomy":"category","embeddable":true,"href":"https:\/\/rdnews.al\/index.php\/wp-json\/wp\/v2\/categories?post=152219"},{"taxonomy":"post_tag","embeddable":true,"href":"https:\/\/rdnews.al\/index.php\/wp-json\/wp\/v2\/tags?post=152219"}],"curies":[{"name":"wp","href":"https:\/\/api.w.org\/{rel}","templated":true}]}}