{"id":152221,"date":"2026-08-31T12:05:25","date_gmt":"2026-08-31T12:05:25","guid":{"rendered":"https:\/\/rdnews.al\/?p=152221"},"modified":"2026-08-31T12:05:25","modified_gmt":"2026-08-31T12:05:25","slug":"bekim-sejdiu-kandidati-per-president-te-kosoves-arrihet-marreveshja","status":"publish","type":"post","link":"https:\/\/rdnews.al\/index.php\/2026\/08\/31\/bekim-sejdiu-kandidati-per-president-te-kosoves-arrihet-marreveshja\/","title":{"rendered":"Bekim Sejdiu, kandidati p\u00ebr President t\u00eb Kosov\u00ebs\/ Arrihet marr\u00ebveshja"},"content":{"rendered":"<p>Bekim Sejdiu do te jet\u00eb kandidati p\u00ebr President t\u00eb Kopsoves. Ai u propozua nga VV dhe LDK p\u00ebr President t\u00eb Kosov\u00ebs, ka pranuar kandidatur\u00ebn, duke th\u00ebn\u00eb se \u00ebsht\u00eb v\u00ebn\u00eb n\u00eb sh\u00ebrbim t\u00eb Republik\u00ebs s\u00eb Kosov\u00ebs dhe qytetar\u00ebve t\u00eb saj.<\/p>\n<p>N\u00eb konferenc\u00ebn p\u00ebr media pas takimit t\u00eb fundit midis kreut t\u00eb LVV-s\u00eb, Albin Kurti dhe atij t\u00eb LDK-s\u00eb, Lumir Abdixhiku, ku i pranish\u00ebm ishte edhe vet\u00eb Sejdiu, ai ka th\u00ebn\u00eb se ndon\u00ebse ambicia e tij ka qen\u00eb kryesisht e orientuar drejt fushave akademike dhe profesionale, ka vendosur ta pranoj\u00eb propozimin duke pasur parasysh p\u00ebrgjegj\u00ebsin\u00eb q\u00eb jep posti i presidentit dhe rrethanat aktuale politike n\u00eb vend.<\/p>\n<p>Sejdiu m\u00eb tej ka shprehur shpres\u00ebn se institucionet dhe subjektet politike do t\u00eb gjejn\u00eb nj\u00eb rrug\u00eb p\u00ebr tejkalimin e situat\u00ebs aktuale.<\/p>\n<p>\u201cShpresojm\u00eb dhe besojm\u00eb q\u00eb Republika e Kosov\u00ebs do t\u00eb gjej\u00eb rrug\u00eb p\u00ebr t\u00eb ecur p\u00ebrpara dhe p\u00ebr t\u2019u p\u00ebrballur me sfidat e m\u00ebdha q\u00eb na presin\u201d, ka p\u00ebrfunduar Sejdiu.<\/p>\n<p>kandidat pwr President tw Kosovws. Ai u propozua nga VV dhe LDK p\u00ebr President t\u00eb Kosov\u00ebs, ka pranuar kandidatur\u00ebn, duke th\u00ebn\u00eb se \u00ebsht\u00eb v\u00ebn\u00eb n\u00eb sh\u00ebrbim t\u00eb Republik\u00ebs s\u00eb Kosov\u00ebs dhe qytetar\u00ebve t\u00eb saj.<\/p>\n<p>N\u00eb konferenc\u00ebn p\u00ebr media pas takimit t\u00eb fundit midis kreut t\u00eb LVV-s\u00eb, Albin Kurti dhe atij t\u00eb LDK-s\u00eb, Lumir Abdixhiku, ku i pranish\u00ebm ishte edhe vet\u00eb Sejdiu, ai ka th\u00ebn\u00eb se ndon\u00ebse ambicia e tij ka qen\u00eb kryesisht e orientuar drejt fushave akademike dhe profesionale, ka vendosur ta pranoj\u00eb propozimin duke pasur parasysh p\u00ebrgjegj\u00ebsin\u00eb q\u00eb jep posti i presidentit dhe rrethanat aktuale politike n\u00eb vend.<\/p>\n<p>\u201cM\u00eb b\u00ebn t\u00eb nderuar besimi q\u00eb t\u00eb dyja partit\u00eb m\u00eb kan\u00eb dh\u00ebn\u00eb, \u00ebsht\u00eb nder i madh. Duke qen\u00eb i vet\u00ebdijsh\u00ebm p\u00ebr barr\u00ebn e p\u00ebrgjegj\u00ebsin\u00eb q\u00eb sjell posti i presidentit, por edhe me kontekstin aktual politik, jam vendosur n\u00eb sh\u00ebrbim t\u00eb Republik\u00ebs dhe qytetar\u00ebve tan\u00eb q\u00eb t\u00eb sh\u00ebrbej me devotshm\u00ebri\u201d, ka th\u00ebn\u00eb ai.<\/p>\n<p>Sejdiu m\u00eb tej ka shprehur shpres\u00ebn se institucionet dhe subjektet politike do t\u00eb gjejn\u00eb nj\u00eb rrug\u00eb p\u00ebr tejkalimin e situat\u00ebs aktuale.<\/p>\n<p>\u201cShpresojm\u00eb dhe besojm\u00eb q\u00eb Republika e Kosov\u00ebs do t\u00eb gjej\u00eb rrug\u00eb p\u00ebr t\u00eb ecur p\u00ebrpara dhe p\u00ebr t\u2019u p\u00ebrballur me sfidat e m\u00ebdha q\u00eb na presin\u201d, ka p\u00ebrfunduar Sejdiu.<\/p>\n","protected":false},"excerpt":{"rendered":"<p>Bekim Sejdiu do te jet\u00eb kandidati p\u00ebr President t\u00eb Kopsoves. Ai u propozua nga VV dhe LDK p\u00ebr President t\u00eb Kosov\u00ebs, ka pranuar kandidatur\u00ebn, duke th\u00ebn\u00eb se \u00ebsht\u00eb v\u00ebn\u00eb n\u00eb sh\u00ebrbim t\u00eb Republik\u00ebs s\u00eb Kosov\u00ebs dhe qytetar\u00ebve t\u00eb saj. N\u00eb konferenc\u00ebn p\u00ebr media pas takimit t\u00eb fundit midis kreut t\u00eb LVV-s\u00eb, Albin Kurti dhe atij &hellip;<\/p>\n","protected":false},"author":3,"featured_media":152222,"comment_status":"closed","ping_status":"closed","sticky":false,"template":"","format":"standard","meta":{"footnotes":""},"categories":[38],"tags":[],"class_list":["post-152221","post","type-post","status-publish","format-standard","has-post-thumbnail","","category-bota"],"_links":{"self":[{"href":"https:\/\/rdnews.al\/index.php\/wp-json\/wp\/v2\/posts\/152221","targetHints":{"allow":["GET"]}}],"collection":[{"href":"https:\/\/rdnews.al\/index.php\/wp-json\/wp\/v2\/posts"}],"about":[{"href":"https:\/\/rdnews.al\/index.php\/wp-json\/wp\/v2\/types\/post"}],"author":[{"embeddable":true,"href":"https:\/\/rdnews.al\/index.php\/wp-json\/wp\/v2\/users\/3"}],"replies":[{"embeddable":true,"href":"https:\/\/rdnews.al\/index.php\/wp-json\/wp\/v2\/comments?post=152221"}],"version-history":[{"count":1,"href":"https:\/\/rdnews.al\/index.php\/wp-json\/wp\/v2\/posts\/152221\/revisions"}],"predecessor-version":[{"id":152223,"href":"https:\/\/rdnews.al\/index.php\/wp-json\/wp\/v2\/posts\/152221\/revisions\/152223"}],"wp:featuredmedia":[{"embeddable":true,"href":"https:\/\/rdnews.al\/index.php\/wp-json\/wp\/v2\/media\/152222"}],"wp:attachment":[{"href":"https:\/\/rdnews.al\/index.php\/wp-json\/wp\/v2\/media?parent=152221"}],"wp:term":[{"taxonomy":"category","embeddable":true,"href":"https:\/\/rdnews.al\/index.php\/wp-json\/wp\/v2\/categories?post=152221"},{"taxonomy":"post_tag","embeddable":true,"href":"https:\/\/rdnews.al\/index.php\/wp-json\/wp\/v2\/tags?post=152221"}],"curies":[{"name":"wp","href":"https:\/\/api.w.org\/{rel}","templated":true}]}}