{"id":152229,"date":"2026-08-31T16:36:41","date_gmt":"2026-08-31T16:36:41","guid":{"rendered":"https:\/\/rdnews.al\/?p=152229"},"modified":"2026-08-31T16:37:07","modified_gmt":"2026-08-31T16:37:07","slug":"tragjedia-ne-nepal-berisha-ngushellime-familjeve-te-viktimave-dhe-autoriteteve-per-jetet-e-humbura","status":"publish","type":"post","link":"https:\/\/rdnews.al\/index.php\/2026\/08\/31\/tragjedia-ne-nepal-berisha-ngushellime-familjeve-te-viktimave-dhe-autoriteteve-per-jetet-e-humbura\/","title":{"rendered":"Tragjedia n\u00eb Nepal, Berisha: Ngush\u00ebllime familjeve t\u00eb viktimave dhe autoriteteve p\u00ebr jet\u00ebt e humbura"},"content":{"rendered":"<div id=\"rekl-49\">Lideri i opozit\u00ebs, Sali Berisha ka reaguar pas tragjedis\u00eb n\u00eb Nepal ku humb\u00ebn jet\u00ebn m\u00eb qindra njer\u00ebz nga shk\u00ebputja e akullnaj\u00ebs nga lart\u00ebsit\u00eb e Himalajave.<\/div>\n<div class=\"readmore-text-here\">\n<p>\u201cNgush\u00ebllimet m\u00eb t\u00eb ndjera familjeve t\u00eb viktimave dhe autoriteteve p\u00ebr jet\u00ebt e humbura!\u201d. Shkruna kreu demokrat.<\/p>\n<p><strong>Reagimi<\/strong><\/p>\n<p>Tragjedia e madhe njer\u00ebzore n\u00eb Nepal dhe Tibet erdhi nga shk\u00ebputja e akullnaj\u00ebs nga lart\u00ebsit\u00eb e Himalajave dhe st\u00ebrmbushja e liqejve q\u00eb v\u00ebrshuan dhe mor\u00ebn mij\u00ebra jet\u00eb njer\u00ebzish!<\/p>\n<p>Ngush\u00ebllimet m\u00eb t\u00eb ndjera familjeve t\u00eb viktimave dhe autoriteteve p\u00ebr jet\u00ebt e humbura!<\/p>\n<p><strong>Ndiqeni sipas d\u00ebshir\u00ebs videon.<\/strong><\/p>\n<p><iframe loading=\"lazy\" src=\"https:\/\/www.facebook.com\/plugins\/video.php?height=476&amp;href=https%3A%2F%2Fwww.facebook.com%2Freel%2F893923470210654%2F&amp;show_text=false&amp;width=267&amp;t=0\" width=\"267\" height=\"476\" frameborder=\"0\" scrolling=\"no\" allowfullscreen=\"allowfullscreen\" data-mce-fragment=\"1\"><\/iframe><\/p>\n<\/div>\n<div id=\"rekl-33\"><\/div>\n","protected":false},"excerpt":{"rendered":"<p>Lideri i opozit\u00ebs, Sali Berisha ka reaguar pas tragjedis\u00eb n\u00eb Nepal ku humb\u00ebn jet\u00ebn m\u00eb qindra njer\u00ebz nga shk\u00ebputja e akullnaj\u00ebs nga lart\u00ebsit\u00eb e Himalajave. \u201cNgush\u00ebllimet m\u00eb t\u00eb ndjera familjeve t\u00eb viktimave dhe autoriteteve p\u00ebr jet\u00ebt e humbura!\u201d. Shkruna kreu demokrat. Reagimi Tragjedia e madhe njer\u00ebzore n\u00eb Nepal dhe Tibet erdhi nga shk\u00ebputja e akullnaj\u00ebs &hellip;<\/p>\n","protected":false},"author":4,"featured_media":143764,"comment_status":"closed","ping_status":"closed","sticky":false,"template":"","format":"standard","meta":{"footnotes":""},"categories":[37],"tags":[],"class_list":["post-152229","post","type-post","status-publish","format-standard","has-post-thumbnail","","category-politike"],"_links":{"self":[{"href":"https:\/\/rdnews.al\/index.php\/wp-json\/wp\/v2\/posts\/152229","targetHints":{"allow":["GET"]}}],"collection":[{"href":"https:\/\/rdnews.al\/index.php\/wp-json\/wp\/v2\/posts"}],"about":[{"href":"https:\/\/rdnews.al\/index.php\/wp-json\/wp\/v2\/types\/post"}],"author":[{"embeddable":true,"href":"https:\/\/rdnews.al\/index.php\/wp-json\/wp\/v2\/users\/4"}],"replies":[{"embeddable":true,"href":"https:\/\/rdnews.al\/index.php\/wp-json\/wp\/v2\/comments?post=152229"}],"version-history":[{"count":2,"href":"https:\/\/rdnews.al\/index.php\/wp-json\/wp\/v2\/posts\/152229\/revisions"}],"predecessor-version":[{"id":152231,"href":"https:\/\/rdnews.al\/index.php\/wp-json\/wp\/v2\/posts\/152229\/revisions\/152231"}],"wp:featuredmedia":[{"embeddable":true,"href":"https:\/\/rdnews.al\/index.php\/wp-json\/wp\/v2\/media\/143764"}],"wp:attachment":[{"href":"https:\/\/rdnews.al\/index.php\/wp-json\/wp\/v2\/media?parent=152229"}],"wp:term":[{"taxonomy":"category","embeddable":true,"href":"https:\/\/rdnews.al\/index.php\/wp-json\/wp\/v2\/categories?post=152229"},{"taxonomy":"post_tag","embeddable":true,"href":"https:\/\/rdnews.al\/index.php\/wp-json\/wp\/v2\/tags?post=152229"}],"curies":[{"name":"wp","href":"https:\/\/api.w.org\/{rel}","templated":true}]}}