{"id":152232,"date":"2026-08-31T16:41:16","date_gmt":"2026-08-31T16:41:16","guid":{"rendered":"https:\/\/rdnews.al\/?p=152232"},"modified":"2026-08-31T16:41:16","modified_gmt":"2026-08-31T16:41:16","slug":"tabaku-rama-po-perdor-tragjedine-e-martin-canit-si-alibi-per-smart-city","status":"publish","type":"post","link":"https:\/\/rdnews.al\/index.php\/2026\/08\/31\/tabaku-rama-po-perdor-tragjedine-e-martin-canit-si-alibi-per-smart-city\/","title":{"rendered":"Tabaku: Rama po p\u00ebrdor tragjedin\u00eb e Martin Canit si alibi p\u00ebr \u201cSmart City\u201d"},"content":{"rendered":"<p>Deputetja e PD, Jorida Tabaku, ka reaguar ndaj m\u00ebnyr\u00ebs se si qeveria po p\u00ebrdor tragjedin\u00eb e Martin Canit p\u00ebr t\u00eb justifikuar projektin \u201cSmart City\u201d.<\/p>\n<p>P\u00ebrmes nj\u00eb postimi n\u00eb rrjetet sociale, Tabaku akuzon kryeministrin Edi Rama se po e shnd\u00ebrron dhimbjen e familjes n\u00eb alibi p\u00ebr nj\u00eb projekt q\u00eb, sipas saj, ngre dyshime p\u00ebr koston, tenderimin dhe transparenc\u00ebn.<\/p>\n<p>\u201cT\u00eb p\u00ebrdor\u00ebsh nj\u00eb tragjedi p\u00ebr t\u00eb justifikuar nj\u00eb vendimmarrje korruptive \u00ebsht\u00eb nj\u00eb tragjedi e nj\u00eb lloji tjet\u00ebr. Prej disa koh\u00ebsh, Kryeministri po p\u00ebrdor tragjedin\u00eb e Martin Canit si alibi p\u00ebr projektin \u201cSmart City\u201d. Po p\u00ebrdor dhimbjen e nj\u00eb familjeje, s\u00eb cil\u00ebs qeveria nuk pati guximin as t\u2019i trokiste nj\u00eb her\u00eb t\u00eb vetme n\u00eb der\u00eb.<\/p>\n<p>T\u00eb nj\u00ebjt\u00ebs familje i mbyllen vesh\u00ebt kur k\u00ebrkon nj\u00eb p\u00ebrkujtimore p\u00ebr djalin e saj, vet\u00ebm sepse ka q\u00ebndruar me dinjitet dhe ka k\u00ebrkuar drejt\u00ebsi, jo kompromis. Ky ciniz\u00ebm duhet t\u00eb marr\u00eb fund, aq m\u00eb tep\u00ebr kur sh\u00ebrben si mburoj\u00eb p\u00ebr t\u00eb fshehur korrupsionin.<\/p>\n<p>Tragjedia dhe dhimbja e familjes nuk mund t\u00eb p\u00ebrdoren p\u00ebr t\u00eb justifikuar nj\u00eb projekt q\u00eb sot kushton m\u00eb shum\u00eb se dyfishi i vler\u00ebs reale, q\u00eb realizohet pa tender e pa transparenc\u00eb dhe p\u00ebrfshin n\u00ebnkontraktor\u00eb t\u00eb dyshimt\u00eb. Tragjedia e Martinit nuk mund t\u00eb shnd\u00ebrrohet n\u00eb alibi.<\/p>\n<p>As cinizmi i Kryeministrit nuk mund t\u00eb p\u00ebrdoret si justifikim p\u00ebr vendosjen e kamerave brenda shkollave. Jan\u00eb prind\u00ebrit, p\u00ebrmes p\u00ebrfaq\u00ebsimit t\u00eb tyre real n\u00eb bordet e shkollave, ata q\u00eb duhet t\u00eb vendosin n\u00ebse duan kamera brenda mjediseve shkollore dhe jo nga bordet korrupsionit t\u00eb qeveris\u00eb. F\u00ebmij\u00ebt shqiptar\u00eb duhen mbrojtur si nga tragjedi t\u00eb tilla, ashtu edhe nga cinizmi i nj\u00eb qeverie q\u00eb k\u00ebrkon t\u00eb p\u00ebrdor\u00eb edhe dhimbjen p\u00ebr t\u00eb mbuluar zullumet e veta. Politika duhet t\u00eb ket\u00eb nj\u00eb kufi. L\u00ebreni t\u00eb qet\u00eb Martinin dhe familjen e tij! Mos p\u00ebrdorni emrin dhe dhimbjen e tyre si mbules\u00eb p\u00ebr zullumet tuaja!\u00a0\u201c, shkruan Tabaku.<\/p>\n","protected":false},"excerpt":{"rendered":"<p>Deputetja e PD, Jorida Tabaku, ka reaguar ndaj m\u00ebnyr\u00ebs se si qeveria po p\u00ebrdor tragjedin\u00eb e Martin Canit p\u00ebr t\u00eb justifikuar projektin \u201cSmart City\u201d. P\u00ebrmes nj\u00eb postimi n\u00eb rrjetet sociale, Tabaku akuzon kryeministrin Edi Rama se po e shnd\u00ebrron dhimbjen e familjes n\u00eb alibi p\u00ebr nj\u00eb projekt q\u00eb, sipas saj, ngre dyshime p\u00ebr koston, tenderimin &hellip;<\/p>\n","protected":false},"author":4,"featured_media":152233,"comment_status":"closed","ping_status":"closed","sticky":false,"template":"","format":"standard","meta":{"footnotes":""},"categories":[37],"tags":[],"class_list":["post-152232","post","type-post","status-publish","format-standard","has-post-thumbnail","","category-politike"],"_links":{"self":[{"href":"https:\/\/rdnews.al\/index.php\/wp-json\/wp\/v2\/posts\/152232","targetHints":{"allow":["GET"]}}],"collection":[{"href":"https:\/\/rdnews.al\/index.php\/wp-json\/wp\/v2\/posts"}],"about":[{"href":"https:\/\/rdnews.al\/index.php\/wp-json\/wp\/v2\/types\/post"}],"author":[{"embeddable":true,"href":"https:\/\/rdnews.al\/index.php\/wp-json\/wp\/v2\/users\/4"}],"replies":[{"embeddable":true,"href":"https:\/\/rdnews.al\/index.php\/wp-json\/wp\/v2\/comments?post=152232"}],"version-history":[{"count":1,"href":"https:\/\/rdnews.al\/index.php\/wp-json\/wp\/v2\/posts\/152232\/revisions"}],"predecessor-version":[{"id":152234,"href":"https:\/\/rdnews.al\/index.php\/wp-json\/wp\/v2\/posts\/152232\/revisions\/152234"}],"wp:featuredmedia":[{"embeddable":true,"href":"https:\/\/rdnews.al\/index.php\/wp-json\/wp\/v2\/media\/152233"}],"wp:attachment":[{"href":"https:\/\/rdnews.al\/index.php\/wp-json\/wp\/v2\/media?parent=152232"}],"wp:term":[{"taxonomy":"category","embeddable":true,"href":"https:\/\/rdnews.al\/index.php\/wp-json\/wp\/v2\/categories?post=152232"},{"taxonomy":"post_tag","embeddable":true,"href":"https:\/\/rdnews.al\/index.php\/wp-json\/wp\/v2\/tags?post=152232"}],"curies":[{"name":"wp","href":"https:\/\/api.w.org\/{rel}","templated":true}]}}