{"id":152239,"date":"2026-08-31T16:51:53","date_gmt":"2026-08-31T16:51:53","guid":{"rendered":"https:\/\/rdnews.al\/?p=152239"},"modified":"2026-08-31T16:51:53","modified_gmt":"2026-08-31T16:51:53","slug":"veliaj-i-hoqi-te-drejtat-e-deleguara-ristani-largohem-me-krenari-perulesi-dhe-plot-dashuri","status":"publish","type":"post","link":"https:\/\/rdnews.al\/index.php\/2026\/08\/31\/veliaj-i-hoqi-te-drejtat-e-deleguara-ristani-largohem-me-krenari-perulesi-dhe-plot-dashuri\/","title":{"rendered":"Veliaj i hoqi t\u00eb drejtat e deleguara, Ristani: Largohem me krenari, p\u00ebrul\u00ebsi dhe plot dashuri&#8230;"},"content":{"rendered":"<p>Anuela Ristani ka njoftuar largimin e saj nga detyra, pas vendimit t\u00eb kryebashkiakut Erion Veliaj p\u00ebr t\u2019i hequr t\u00eb drejtat e deleguara.<\/p>\n<p>P\u00ebrmes nj\u00eb reagimi n\u00eb rrjetet sociale, Ristani ka fal\u00ebnderuar qytetin dhe qytetar\u00ebt, duke e cil\u00ebsuar eksperienc\u00ebn e saj n\u00eb administrat\u00ebn e Tiran\u00ebs si t\u00eb pap\u00ebrs\u00ebritshme.<\/p>\n<p>Ajo shprehet se largohet me \u201c<em>krenari, p\u00ebrul\u00ebsi dhe plot dashuri p\u00ebr Tiran\u00ebn<\/em>\u201d, nd\u00ebrsa n\u00eb mesazhin e saj kujton transformimin e kryeqytetit gjat\u00eb 11 viteve t\u00eb angazhimit t\u00eb saj.<\/p>\n<p>N\u00eb mesazhin e saj, Ristani thekson edhe r\u00ebnd\u00ebsin\u00eb e koh\u00ebs si gjykat\u00ebsi m\u00eb i drejt\u00eb p\u00ebr t\u00eb vler\u00ebsuar pun\u00ebn e b\u00ebr\u00eb.<\/p>\n<p><strong>Reagimi\u00a0<\/strong><\/p>\n<p>Pas m\u00eb shum\u00eb se nj\u00eb dekade n\u00eb sh\u00ebrbim t\u00eb qytetit m\u00eb t\u00eb bukur n\u00eb bot\u00eb, largohem sot me krenari, p\u00ebrul\u00ebsi dhe plot dashuri p\u00ebr Tiran\u00ebn. At\u00eb q\u00eb t\u00eb gjith\u00eb e lakmojn\u00eb, shum\u00eb e duan, por pak e kuptojn\u00eb.<\/p>\n<p>Qyteti p\u00ebr t\u00eb cilin fillova t\u00eb punoj 11 vite m\u00eb par\u00eb, kur kaloja distanc\u00ebn e shkurt\u00ebr por t\u00eb gjat\u00eb t\u00eb sheshit \u201cSk\u00ebnderbej\u201c q\u00eb vet\u00ebm shesh nuk mund t\u00eb quhej, \u00ebsht\u00eb sot pik\u00eb takimi p\u00ebr vizitor\u00eb nga e gjith\u00eb bota, q\u00eb nuk din\u00eb t\u2019i v\u00ebn\u00eb tamam nj\u00eb em\u00ebr joshjes q\u00eb ndjejn\u00eb, pasi pika m\u00eb e fort\u00eb e Tiran\u00ebs \u00ebsht\u00eb ndjesia e mir\u00eb q\u00eb t\u00eb jep.<\/p>\n<p>Jam pa mas\u00eb mir\u00ebnjoh\u00ebse p\u00ebr t\u00eb gjith\u00eb bashk\u00ebudh\u00ebtar\u00ebt e k\u00ebsaj p\u00ebrvoje t\u00eb pap\u00ebrs\u00ebritshme, dhe p\u00ebr qytetar\u00ebt q\u00eb thyen paragjykime shekullore dhe stereotipe brezash p\u00ebr t\u2019u shfaqur t\u00eb bukur dhe krenar\u00eb n\u00eb t\u00eb gjith\u00eb bot\u00ebn.<\/p>\n<p>Koha \u00ebsht\u00eb gjykat\u00ebsi m\u00eb i drejt\u00eb, m\u00eb i paansh\u00ebm dhe m\u00eb i pakapsh\u00ebm. N\u00eb respekt t\u00eb koh\u00ebs, asaj q\u00eb do t\u00eb vij\u00eb, lipset q\u00eb qytetin ta shohim pak m\u00eb tonin e ta duam p\u00ebr at\u00eb q\u00eb jemi, jo p\u00ebr at\u00eb q\u00eb mund t\u00eb na b\u00ebj\u00eb.<\/p>\n<p>Dhe sa p\u00ebr mua, un\u00eb do t\u00eb mbetem gjithmon\u00eb \u201cxhomllikse\u201d edhe pse kam lindur n\u00eb Tiran\u00eb t\u00eb Re dhe jam rritur p\u00ebrtej oqeanit. Largohem sot me mb\u00ebshtetjen dhe dashurin\u00eb e atyre q\u00eb p\u00ebr mua kan\u00eb m\u00eb shum\u00eb r\u00ebnd\u00ebsi.<\/p>\n<p>Faleminderit t\u00eb gjith\u00ebve!<\/p>\n","protected":false},"excerpt":{"rendered":"<p>Anuela Ristani ka njoftuar largimin e saj nga detyra, pas vendimit t\u00eb kryebashkiakut Erion Veliaj p\u00ebr t\u2019i hequr t\u00eb drejtat e deleguara. P\u00ebrmes nj\u00eb reagimi n\u00eb rrjetet sociale, Ristani ka fal\u00ebnderuar qytetin dhe qytetar\u00ebt, duke e cil\u00ebsuar eksperienc\u00ebn e saj n\u00eb administrat\u00ebn e Tiran\u00ebs si t\u00eb pap\u00ebrs\u00ebritshme. Ajo shprehet se largohet me \u201ckrenari, p\u00ebrul\u00ebsi dhe &hellip;<\/p>\n","protected":false},"author":4,"featured_media":152240,"comment_status":"closed","ping_status":"closed","sticky":false,"template":"","format":"standard","meta":{"footnotes":""},"categories":[37],"tags":[],"class_list":["post-152239","post","type-post","status-publish","format-standard","has-post-thumbnail","","category-politike"],"_links":{"self":[{"href":"https:\/\/rdnews.al\/index.php\/wp-json\/wp\/v2\/posts\/152239","targetHints":{"allow":["GET"]}}],"collection":[{"href":"https:\/\/rdnews.al\/index.php\/wp-json\/wp\/v2\/posts"}],"about":[{"href":"https:\/\/rdnews.al\/index.php\/wp-json\/wp\/v2\/types\/post"}],"author":[{"embeddable":true,"href":"https:\/\/rdnews.al\/index.php\/wp-json\/wp\/v2\/users\/4"}],"replies":[{"embeddable":true,"href":"https:\/\/rdnews.al\/index.php\/wp-json\/wp\/v2\/comments?post=152239"}],"version-history":[{"count":1,"href":"https:\/\/rdnews.al\/index.php\/wp-json\/wp\/v2\/posts\/152239\/revisions"}],"predecessor-version":[{"id":152241,"href":"https:\/\/rdnews.al\/index.php\/wp-json\/wp\/v2\/posts\/152239\/revisions\/152241"}],"wp:featuredmedia":[{"embeddable":true,"href":"https:\/\/rdnews.al\/index.php\/wp-json\/wp\/v2\/media\/152240"}],"wp:attachment":[{"href":"https:\/\/rdnews.al\/index.php\/wp-json\/wp\/v2\/media?parent=152239"}],"wp:term":[{"taxonomy":"category","embeddable":true,"href":"https:\/\/rdnews.al\/index.php\/wp-json\/wp\/v2\/categories?post=152239"},{"taxonomy":"post_tag","embeddable":true,"href":"https:\/\/rdnews.al\/index.php\/wp-json\/wp\/v2\/tags?post=152239"}],"curies":[{"name":"wp","href":"https:\/\/api.w.org\/{rel}","templated":true}]}}