{"id":152242,"date":"2026-08-31T16:57:06","date_gmt":"2026-08-31T16:57:06","guid":{"rendered":"https:\/\/rdnews.al\/?p=152242"},"modified":"2026-08-31T16:57:06","modified_gmt":"2026-08-31T16:57:06","slug":"berisha-vlereson-marreveshjen-lvv-ldk-per-presidentin-zgjedhje-ne-interes-te-kosoves","status":"publish","type":"post","link":"https:\/\/rdnews.al\/index.php\/2026\/08\/31\/berisha-vlereson-marreveshjen-lvv-ldk-per-presidentin-zgjedhje-ne-interes-te-kosoves\/","title":{"rendered":"Berisha vler\u00ebson marr\u00ebveshjen LVV-LDK p\u00ebr Presidentin: Zgjedhje n\u00eb interes t\u00eb Kosov\u00ebs!"},"content":{"rendered":"<div id=\"rekl-3\">Kryetari i PD, Sali Berisha, ka uruar Bekim Sejdiun p\u00ebr kandidatur\u00ebn p\u00ebr President t\u00eb Republik\u00ebs s\u00eb Kosov\u00ebs, pas marr\u00ebveshjes s\u00eb arritur mes L\u00ebvizjes Vet\u00ebvendosje dhe Lidhjes Demokratike t\u00eb Kosov\u00ebs.<\/div>\n<div class=\"readmore-text-here\">\n<p>Berisha ka vler\u00ebsuar marr\u00ebveshjen e n\u00ebnshkruar nga kryetari i LVV-s\u00eb, Albin Kurti, dhe kryetari i LDK-s\u00eb, Lumir Abdixhiku, p\u00ebr zgjedhjen e Sejdiut n\u00eb postin e presidentit.<\/p>\n<p>N\u00eb nj\u00eb reagim t\u00eb publikuar n\u00eb rrjetet sociale, Berisha e ka cil\u00ebsuar Sejdiun si personalitet t\u00eb shquar n\u00eb fush\u00ebn e jurisprudenc\u00ebs kushtetuese dhe diplomacis\u00eb, duke p\u00ebrmendur angazhimin e tij si ish-an\u00ebtar i Gjykat\u00ebs Kushtetuese dhe ish-ambasador i Kosov\u00ebs.<\/p>\n<p><strong>Reagimi i kryetarit t\u00eb PD, Berisha<\/strong><\/p>\n<p>Zoti Bekim Sejdiu, President i Kosov\u00ebs.<\/p>\n<p>T\u00eb dashur miq,<\/p>\n<p>Kryeministri i Republik\u00ebs s\u00eb Kosov\u00ebs dhe kryetar i L\u00ebvizjes Vet\u00ebvendosje zoti Albin Kurti si dhe z. Lumir Abdixhiku, kryetar i Lidhjes Demokratike t\u00eb Kosov\u00ebs, firmos\u00ebn marr\u00ebveshjen p\u00ebr t\u00eb zgjedhur n\u00eb postin e Presidentit t\u00eb Republik\u00ebs s\u00eb Kosov\u00ebs zotin Bekim Sejdiu, nj\u00eb personalitet i shquar i Kosov\u00ebs n\u00eb fush\u00ebn e jurisprudenc\u00ebs kushtetuese (ish-an\u00ebtar i Gjykat\u00ebs Kushtetuese t\u00eb Kosov\u00ebs) dhe n\u00eb fush\u00ebn e diplomacis\u00eb (ish-ambasador i Republik\u00ebs s\u00eb Kosov\u00ebs n\u00eb vende t\u00eb r\u00ebnd\u00ebsishme).<\/p>\n<p>Me k\u00ebt\u00eb rast, n\u00eb em\u00ebr t\u00eb Partis\u00eb Demokratike t\u00eb Shqip\u00ebris\u00eb, i d\u00ebrgoj urimet m\u00eb t\u00eb p\u00ebrzem\u00ebrta zotit Bekim Sejdiu p\u00ebr postin e lart\u00eb te Presidentit t\u00eb Kosov\u00ebs. I uroj shum\u00eb suksese dhe mbar\u00ebsi n\u00eb k\u00ebt\u00eb detyr\u00eb t\u00eb lart\u00eb, n\u00eb realizimin e integrimit t\u00eb Kosov\u00ebs n\u00eb BE e NATO, si dhe n\u00eb forcimin e kontributit t\u00eb saj p\u00ebr paqen, stabilitetin dhe bashk\u00ebpunimin rajonal!<\/p>\n<p>Gjithashtu, me k\u00ebt\u00eb rast uroj p\u00ebrzem\u00ebrsisht Kryeministrin Kurti, nj\u00ebher\u00ebsh kryetar i L\u00ebvizjes Vet\u00ebvendosja, dhe kryetarin e LDK-s\u00eb, z. Abdixhiku, p\u00ebr marr\u00ebveshjen e arritur dhe p\u00ebr p\u00ebrzgjedhjen e tyre dinjitoze n\u00eb interesin m\u00eb t\u00eb mir\u00eb t\u00eb Republik\u00ebs s\u00eb Kosov\u00ebs dhe qytetar\u00ebve t\u00eb saj.<\/p>\n<p><iframe loading=\"lazy\" src=\"https:\/\/www.facebook.com\/plugins\/post.php?href=https%3A%2F%2Fwww.facebook.com%2FSaliBerisha%2Fposts%2Fpfbid024TTsQBNMeY4Ry5SishW3i2e9UufsWqhwNiEHGK1meKMHpvyS21jeWmBnmka1xCzCl&amp;show_text=true&amp;width=500\" width=\"500\" height=\"750\" frameborder=\"0\" scrolling=\"no\" allowfullscreen=\"allowfullscreen\" data-mce-fragment=\"1\"><\/iframe><\/p>\n<\/div>\n","protected":false},"excerpt":{"rendered":"<p>Kryetari i PD, Sali Berisha, ka uruar Bekim Sejdiun p\u00ebr kandidatur\u00ebn p\u00ebr President t\u00eb Republik\u00ebs s\u00eb Kosov\u00ebs, pas marr\u00ebveshjes s\u00eb arritur mes L\u00ebvizjes Vet\u00ebvendosje dhe Lidhjes Demokratike t\u00eb Kosov\u00ebs. Berisha ka vler\u00ebsuar marr\u00ebveshjen e n\u00ebnshkruar nga kryetari i LVV-s\u00eb, Albin Kurti, dhe kryetari i LDK-s\u00eb, Lumir Abdixhiku, p\u00ebr zgjedhjen e Sejdiut n\u00eb postin e presidentit. &hellip;<\/p>\n","protected":false},"author":4,"featured_media":152243,"comment_status":"closed","ping_status":"closed","sticky":false,"template":"","format":"standard","meta":{"footnotes":""},"categories":[37],"tags":[],"class_list":["post-152242","post","type-post","status-publish","format-standard","has-post-thumbnail","","category-politike"],"_links":{"self":[{"href":"https:\/\/rdnews.al\/index.php\/wp-json\/wp\/v2\/posts\/152242","targetHints":{"allow":["GET"]}}],"collection":[{"href":"https:\/\/rdnews.al\/index.php\/wp-json\/wp\/v2\/posts"}],"about":[{"href":"https:\/\/rdnews.al\/index.php\/wp-json\/wp\/v2\/types\/post"}],"author":[{"embeddable":true,"href":"https:\/\/rdnews.al\/index.php\/wp-json\/wp\/v2\/users\/4"}],"replies":[{"embeddable":true,"href":"https:\/\/rdnews.al\/index.php\/wp-json\/wp\/v2\/comments?post=152242"}],"version-history":[{"count":1,"href":"https:\/\/rdnews.al\/index.php\/wp-json\/wp\/v2\/posts\/152242\/revisions"}],"predecessor-version":[{"id":152244,"href":"https:\/\/rdnews.al\/index.php\/wp-json\/wp\/v2\/posts\/152242\/revisions\/152244"}],"wp:featuredmedia":[{"embeddable":true,"href":"https:\/\/rdnews.al\/index.php\/wp-json\/wp\/v2\/media\/152243"}],"wp:attachment":[{"href":"https:\/\/rdnews.al\/index.php\/wp-json\/wp\/v2\/media?parent=152242"}],"wp:term":[{"taxonomy":"category","embeddable":true,"href":"https:\/\/rdnews.al\/index.php\/wp-json\/wp\/v2\/categories?post=152242"},{"taxonomy":"post_tag","embeddable":true,"href":"https:\/\/rdnews.al\/index.php\/wp-json\/wp\/v2\/tags?post=152242"}],"curies":[{"name":"wp","href":"https:\/\/api.w.org\/{rel}","templated":true}]}}