{"id":152245,"date":"2026-08-31T17:00:27","date_gmt":"2026-08-31T17:00:27","guid":{"rendered":"https:\/\/rdnews.al\/?p=152245"},"modified":"2026-08-31T17:00:27","modified_gmt":"2026-08-31T17:00:27","slug":"kush-e-ka-ne-dore-bashkine-e-tiranes-pd-kerkon-seance-urgjente-per-shkarkimin-e-ristanit-dhe-firmen-e-veliajt","status":"publish","type":"post","link":"https:\/\/rdnews.al\/index.php\/2026\/08\/31\/kush-e-ka-ne-dore-bashkine-e-tiranes-pd-kerkon-seance-urgjente-per-shkarkimin-e-ristanit-dhe-firmen-e-veliajt\/","title":{"rendered":"Kush e ka n\u00eb dor\u00eb Bashkin\u00eb e Tiran\u00ebs\/ PD k\u00ebrkon seanc\u00eb urgjente p\u00ebr shkarkimin e Ristanit dhe firm\u00ebn e Veliajt"},"content":{"rendered":"<div id=\"rekl-49\">K\u00ebshilltarja bashkiake e PD, Ilda Zhulali, i ka k\u00ebrkuar kryetares s\u00eb K\u00ebshillit Bashkiak t\u00eb Tiran\u00ebs sqarime zyrtare mbi drejtimin e bashkis\u00eb pas raportimeve p\u00ebr shkarkimin e dyt\u00eb t\u00eb Anuela Ristanit nga detyra.<\/div>\n<div class=\"readmore-text-here\">\n<p>Zhulali k\u00ebrkon t\u00eb b\u00ebhet publike shkresa e shkarkimit, t\u00eb p\u00ebrcaktohet kush e drejton aktualisht bashkin\u00eb dhe kush ka autoritetin p\u00ebr t\u00eb firmosur kontrata, marr\u00ebveshje financiare dhe akte administrative. Ajo k\u00ebrkon gjithashtu sqarime n\u00ebse firma e Erion Veliajt njihet ende si vullnet legjitim vendimmarr\u00ebs.<\/p>\n<p>N\u00eb k\u00ebrkes\u00ebn e saj, Zhulali ngre edhe shqet\u00ebsimin p\u00ebr kriz\u00ebn e paralajm\u00ebruar n\u00eb transportin publik dhe k\u00ebrkon informacion mbi arsyet e v\u00ebshtir\u00ebsive financiare t\u00eb operator\u00ebve, negociatat e bashkis\u00eb dhe masat p\u00ebr t\u00eb shmangur reduktimin e autobus\u00ebve.<\/p>\n<p>N\u00eb p\u00ebrfundim, k\u00ebshilltarja e PD-s\u00eb k\u00ebrkon thirrjen e nj\u00eb seance urgjente t\u00eb K\u00ebshillit Bashkiak, p\u00ebrgjigje me shkrim p\u00ebr t\u00eb gjitha \u00e7\u00ebshtjet dhe v\u00ebnien n\u00eb dispozicion t\u00eb dokumentacionit zyrtar p\u00ebrkat\u00ebs.<\/p>\n<p><strong>Reagimi\u00a0<\/strong><\/p>\n<p>E nderuar Zj. Kryetare,<\/p>\n<p>I. P\u00ebrmes medias jam njohur me lajmin se Erion Veliaj, aktualisht n\u00eb gjendje paraburgimi, ka shkarkuar p\u00ebr her\u00eb t\u00eb dyt\u00eb brenda pak muajsh znj. Anuela Ristani nga funksioni i kryetares s\u00eb komanduar\/ushtruese t\u00eb detyr\u00ebs s\u00eb Bashkis\u00eb Tiran\u00eb. Ky lajm ka krijuar pasiguri t\u00eb plot\u00eb ligjore dhe publike mbi drejtimin aktual t\u00eb Bashkis\u00eb Tiran\u00eb, dhe k\u00ebrkon sqarim t\u00eb menj\u00ebhersh\u00ebm dhe zyrtar p\u00ebrpara K\u00ebshillit Bashkiak dhe qytetar\u00ebve t\u00eb Tiran\u00ebs.<\/p>\n<p>N\u00eb k\u00ebt\u00eb kuad\u00ebr, k\u00ebrkoj t\u00eb informohem zyrtarisht dhe n\u00eb m\u00ebnyr\u00eb shterruese mbi sa vijon:<\/p>\n<p>1. Njohjen me shkres\u00ebn zyrtare p\u00ebrmes s\u00eb cil\u00ebs \u00ebsht\u00eb kryer ky shkarkim i dyt\u00eb, dhe koh\u00ebn kur \u00ebsht\u00eb firmosur dhe protokolluar ajo?<\/p>\n<p>2. Kush ushtron aktualisht, n\u00eb m\u00ebnyr\u00eb t\u00eb ligjshme dhe zyrtare, funksionin e kryetarit\/es t\u00eb Bashkis\u00eb Tiran\u00eb, apo t\u00eb ushtruesit\/es t\u00eb detyr\u00ebs, pas lajmit t\u00eb shkarkimit t\u00eb znj. Anuela Ristani?<\/p>\n<p>3. Kush ka aktualisht autoritetin institucional p\u00ebr t\u00eb negociuar, vendosur dhe firmosur n\u00eb em\u00ebr t\u00eb Bashkis\u00eb Tiran\u00eb, p\u00ebrfshir\u00eb kontrata, marr\u00ebveshje financiare, akte administrative dhe vendime me efekt mbi buxhetin e bashkis\u00eb?<\/p>\n<p>4. A ekziston sot nj\u00eb zinxhir i qart\u00eb dhe i pand\u00ebrprer\u00eb komandimi institucional brenda Bashkis\u00eb Tiran\u00eb, dhe n\u00ebse po, k\u00ebrkoj t\u00eb na vihet n\u00eb dispozicion dokumentacioni zyrtar p\u00ebrkat\u00ebs?<\/p>\n<p>5. Cilat masa jan\u00eb marr\u00eb apo parashikohet t\u00eb merren p\u00ebr t\u00eb garantuar vazhdim\u00ebsin\u00eb e funksionimit normal institucional t\u00eb bashkis\u00eb, n\u00eb kushtet e k\u00ebsaj paq\u00ebndrueshm\u00ebrie drejtuese?<\/p>\n<p>6.A njihet zyrtarisht prej Bashkis\u00eb Tiran\u00eb firma e Erion Veliaj si vullnet legjitim vendimmarr\u00ebs?<\/p>\n<p><strong>Kujtoj se nj\u00eb situat\u00eb e ngjashme\u00a0 u krijua disa muaj m\u00eb her\u00ebt, kur u shkarkua znj.Ristani dhe n\u00eb vend t\u00eb saj u em\u00ebrua znj.Goxhaj, p\u00ebr t\u00eb cil\u00ebn nuk pati asnj\u00ebher\u00eb nj\u00eb p\u00ebrgjigje zyrtare!!<\/strong><\/p>\n<p>II. Paralelisht, p\u00ebrmes medias jam njohur me paralajm\u00ebrimin e Shoqat\u00ebs Komb\u00ebtare te Transportit Qytetas dhe Shoqat\u00ebs se Transportit Urban dhe Interurban, dat\u00eb 11 gusht 2026, mbi rrezikun e reduktimit t\u00eb kapaciteteve t\u00eb flot\u00ebs s\u00eb transportit publik.<\/p>\n<p>Duke patur parasysh r\u00ebnd\u00ebsin\u00eb dhe pesh\u00ebn e k\u00ebtij sh\u00ebrbimi p\u00ebr jet\u00ebn e p\u00ebrditshme t\u00eb banor\u00ebve t\u00eb Tiran\u00ebs, si dhe personave t\u00eb tjer\u00eb (vendas apo t\u00eb huaj) q\u00eb p\u00ebrdorin transportin publik, k\u00ebrkoj sqarime zyrtare mbi sa vijon:<\/p>\n<p>7. Cilat jan\u00eb arsyet konkrete t\u00eb kriz\u00ebs financiare t\u00eb operator\u00ebve t\u00eb transportit publik urban?<\/p>\n<p>8. Kush \u00ebsht\u00eb aktualisht, n\u00eb em\u00ebr t\u00eb Bashkis\u00eb Tiran\u00eb, n\u00eb kontakt dhe\/ose negociata me Shoqat\u00ebn Komb\u00ebtare t\u00eb Transportit Qytetas dhe Shoqat\u00ebn e Transportit Urban dhe Interurban, dhe me institucionet qendrore p\u00ebrgjegj\u00ebse?<\/p>\n<p>9. Cilat masa konkrete po nd\u00ebrmerren nga Bashkia Tiran\u00eb p\u00ebr t\u00eb parandaluar reduktimin e numrit t\u00eb autobus\u00ebve n\u00eb qarkullim dhe p\u00ebr t\u00eb garantuar vijim\u00ebsin\u00eb normale t\u00eb sh\u00ebrbimit t\u00eb transportit publik?<\/p>\n<p>10. A \u00ebsht\u00eb realizuar ndonj\u00eb komunikim zyrtar deri m\u00eb sot mbi k\u00ebt\u00eb \u00e7\u00ebshtje, dhe n\u00ebse po, k\u00ebrkoj kopje t\u00eb korrespondenc\u00ebs p\u00ebrkat\u00ebse.<\/p>\n<p><strong>N\u00eb baz\u00eb t\u00eb sa m\u00eb sip\u00ebr, k\u00ebrkoj<\/strong><\/p>\n<p>1. Thirrjen e nj\u00eb seance urgjente\/t\u00eb jasht\u00ebzakonshme t\u00eb K\u00ebshillit Bashkiak Tiran\u00eb, me rend t\u00eb dit\u00ebs situat\u00ebn e drejtimit t\u00eb Bashkis\u00eb Tiran\u00eb dhe kriz\u00ebn e paralajm\u00ebruar t\u00eb transportit publik urban.<\/p>\n<p>2. P\u00ebrgjigje zyrtare me shkrim ndaj \u00e7do pike t\u00eb ngritur, brenda afateve t\u00eb parashikuara nga ligji dhe rregullorja e K\u00ebshillit Bashkiak.<\/p>\n<p>3. V\u00ebnien n\u00eb dispozicion t\u00eb \u00e7do dokumentacioni zyrtar mb\u00ebshtet\u00ebs, p\u00ebrfshir\u00eb akte administrative, korrespondenc\u00eb institucionale dhe informacion financiar p\u00ebrkat\u00ebs.<\/p>\n<p>Qytetar\u00ebt dhe K\u00ebshilli Bashkiak i Tiran\u00ebs kan\u00eb t\u00eb drejt\u00ebn ligjore dhe legjitime t\u00eb din\u00eb se kush drejton institucionin q\u00eb administron buxhetin dhe sh\u00ebrbimet e kryeqytetit, dhe t\u00eb ken\u00eb siguri se vazhdim\u00ebsia e sh\u00ebrbimeve publike thelb\u00ebsore, si transporti urban, nuk rrezikohet nga kaosi institucional.<\/p>\n<p>N\u00eb pritje t\u00eb nj\u00eb p\u00ebrgjigjeje t\u00eb shpejt\u00eb, duke ju fal\u00ebnderuar,<\/p>\n<p>Ilda Zhulali &#8211;\u00a0K\u00ebshilltare, N\u00ebnkryetare e Grupit<\/p>\n<p>Partia Demokratike<\/p>\n<p><img decoding=\"async\" src=\"https:\/\/www.syri.net\/uploads\/syri.net\/images\/2026\/August\/31\/auto_Screenshot_2026-08-31_1547021788184043.png\" alt=\"Image\" \/><img decoding=\"async\" src=\"https:\/\/www.syri.net\/uploads\/syri.net\/images\/2026\/August\/31\/auto_Screenshot_2026-08-31_1547071788184050.png\" alt=\"Image\" \/><\/p>\n<\/div>\n<div id=\"rekl-45\"><\/div>\n<div id=\"rekl-16\"><\/div>\n<div id=\"rekl-33\"><\/div>\n","protected":false},"excerpt":{"rendered":"<p>K\u00ebshilltarja bashkiake e PD, Ilda Zhulali, i ka k\u00ebrkuar kryetares s\u00eb K\u00ebshillit Bashkiak t\u00eb Tiran\u00ebs sqarime zyrtare mbi drejtimin e bashkis\u00eb pas raportimeve p\u00ebr shkarkimin e dyt\u00eb t\u00eb Anuela Ristanit nga detyra. Zhulali k\u00ebrkon t\u00eb b\u00ebhet publike shkresa e shkarkimit, t\u00eb p\u00ebrcaktohet kush e drejton aktualisht bashkin\u00eb dhe kush ka autoritetin p\u00ebr t\u00eb firmosur kontrata, &hellip;<\/p>\n","protected":false},"author":4,"featured_media":82085,"comment_status":"closed","ping_status":"closed","sticky":false,"template":"","format":"standard","meta":{"footnotes":""},"categories":[37],"tags":[],"class_list":["post-152245","post","type-post","status-publish","format-standard","has-post-thumbnail","","category-politike"],"_links":{"self":[{"href":"https:\/\/rdnews.al\/index.php\/wp-json\/wp\/v2\/posts\/152245","targetHints":{"allow":["GET"]}}],"collection":[{"href":"https:\/\/rdnews.al\/index.php\/wp-json\/wp\/v2\/posts"}],"about":[{"href":"https:\/\/rdnews.al\/index.php\/wp-json\/wp\/v2\/types\/post"}],"author":[{"embeddable":true,"href":"https:\/\/rdnews.al\/index.php\/wp-json\/wp\/v2\/users\/4"}],"replies":[{"embeddable":true,"href":"https:\/\/rdnews.al\/index.php\/wp-json\/wp\/v2\/comments?post=152245"}],"version-history":[{"count":1,"href":"https:\/\/rdnews.al\/index.php\/wp-json\/wp\/v2\/posts\/152245\/revisions"}],"predecessor-version":[{"id":152246,"href":"https:\/\/rdnews.al\/index.php\/wp-json\/wp\/v2\/posts\/152245\/revisions\/152246"}],"wp:featuredmedia":[{"embeddable":true,"href":"https:\/\/rdnews.al\/index.php\/wp-json\/wp\/v2\/media\/82085"}],"wp:attachment":[{"href":"https:\/\/rdnews.al\/index.php\/wp-json\/wp\/v2\/media?parent=152245"}],"wp:term":[{"taxonomy":"category","embeddable":true,"href":"https:\/\/rdnews.al\/index.php\/wp-json\/wp\/v2\/categories?post=152245"},{"taxonomy":"post_tag","embeddable":true,"href":"https:\/\/rdnews.al\/index.php\/wp-json\/wp\/v2\/tags?post=152245"}],"curies":[{"name":"wp","href":"https:\/\/api.w.org\/{rel}","templated":true}]}}