{"id":152247,"date":"2026-08-31T17:06:17","date_gmt":"2026-08-31T17:06:17","guid":{"rendered":"https:\/\/rdnews.al\/?p=152247"},"modified":"2026-08-31T17:06:17","modified_gmt":"2026-08-31T17:06:17","slug":"dita-e-93-te-e-protestes-rama-ciao","status":"publish","type":"post","link":"https:\/\/rdnews.al\/index.php\/2026\/08\/31\/dita-e-93-te-e-protestes-rama-ciao\/","title":{"rendered":"Dita e 93-t\u00eb e protest\u00ebs\/ Rama ciao!"},"content":{"rendered":"<p>Protesta qytetare kund\u00ebr qeveris\u00eb Rama hyn sot n\u00eb dit\u00ebn e saj t\u00eb 93-t\u00eb radhazi, duke sh\u00ebnuar mbi tre muaj mobilizim t\u00eb pand\u00ebrprer\u00eb n\u00eb rrug\u00ebt e Tiran\u00ebs.<\/p>\n<p>Qytetar\u00ebt pritet t\u00eb mblidhen s\u00ebrish n\u00eb sheshin \u2018Sk\u00ebnderbej\u2019, p\u00ebr t\u00eb marshuar m\u00eb pas p\u00ebrgjat\u00eb Bulevardit \u2018D\u00ebshmor\u00ebt e Kombit\u2019 drejt Kryeministris\u00eb, aty ku prej m\u00eb shum\u00eb se tre muajsh \u00ebsht\u00eb artikuluar e nj\u00ebjta k\u00ebrkes\u00eb: largimi i Edi Ram\u00ebs dhe i qeveris\u00eb s\u00eb tij nga pushteti.<\/p>\n<p>Prej 93 dit\u00ebsh, protestuesit kan\u00eb deklaruar se nuk do t\u00eb t\u00ebrhiqen dhe se protesta do t\u00eb vijoj\u00eb deri n\u00eb realizimin e k\u00ebrkesave t\u00eb tyre. P\u00ebrve\u00e7 dor\u00ebheqjes s\u00eb kryeministrit dhe largimit t\u00eb kabinetit qeveritar, qytetar\u00ebt k\u00ebrkojn\u00eb ngritjen e nj\u00eb qeverie transitore.<\/p>\n<p>Edhe protesta e nj\u00eb dite m\u00eb par\u00eb u shoq\u00ebrua me thirrje t\u00eb forta kund\u00ebr qeveris\u00eb. Qytetar\u00ebt marshuan nga sheshi \u2018Sk\u00ebnderbej\u2019 drejt Kryeministris\u00eb me pankarta, bilbila dhe thirrje p\u00ebr dor\u00ebheqjen e Edi Ram\u00ebs.<\/p>\n<p>Gjat\u00eb marshimit qytetar\u00ebt kan\u00eb b\u00ebr\u00eb thirrje \u2018arresto Ballukun\u2019, nd\u00ebrsa protestuesit akuzuan qeverin\u00eb p\u00ebr korrupsion, keqqeverisje dhe largimin masiv t\u00eb shqiptar\u00ebve nga vendi.<\/p>\n<p>Pas 93 dit\u00ebsh, mesazhi i qytetar\u00ebve mbetet i pandryshuar: protesta do t\u00eb vazhdoj\u00eb dhe presioni ndaj qeveris\u00eb do t\u00eb rritet, nd\u00ebrsa k\u00ebrkesa p\u00ebr largimin e Edi Ram\u00ebs mbetet n\u00eb qend\u00ebr t\u00eb revolt\u00ebs qytetare.<\/p>\n","protected":false},"excerpt":{"rendered":"<p>Protesta qytetare kund\u00ebr qeveris\u00eb Rama hyn sot n\u00eb dit\u00ebn e saj t\u00eb 93-t\u00eb radhazi, duke sh\u00ebnuar mbi tre muaj mobilizim t\u00eb pand\u00ebrprer\u00eb n\u00eb rrug\u00ebt e Tiran\u00ebs. Qytetar\u00ebt pritet t\u00eb mblidhen s\u00ebrish n\u00eb sheshin \u2018Sk\u00ebnderbej\u2019, p\u00ebr t\u00eb marshuar m\u00eb pas p\u00ebrgjat\u00eb Bulevardit \u2018D\u00ebshmor\u00ebt e Kombit\u2019 drejt Kryeministris\u00eb, aty ku prej m\u00eb shum\u00eb se tre muajsh \u00ebsht\u00eb &hellip;<\/p>\n","protected":false},"author":4,"featured_media":146724,"comment_status":"closed","ping_status":"closed","sticky":false,"template":"","format":"standard","meta":{"footnotes":""},"categories":[37],"tags":[],"class_list":["post-152247","post","type-post","status-publish","format-standard","has-post-thumbnail","","category-politike"],"_links":{"self":[{"href":"https:\/\/rdnews.al\/index.php\/wp-json\/wp\/v2\/posts\/152247","targetHints":{"allow":["GET"]}}],"collection":[{"href":"https:\/\/rdnews.al\/index.php\/wp-json\/wp\/v2\/posts"}],"about":[{"href":"https:\/\/rdnews.al\/index.php\/wp-json\/wp\/v2\/types\/post"}],"author":[{"embeddable":true,"href":"https:\/\/rdnews.al\/index.php\/wp-json\/wp\/v2\/users\/4"}],"replies":[{"embeddable":true,"href":"https:\/\/rdnews.al\/index.php\/wp-json\/wp\/v2\/comments?post=152247"}],"version-history":[{"count":1,"href":"https:\/\/rdnews.al\/index.php\/wp-json\/wp\/v2\/posts\/152247\/revisions"}],"predecessor-version":[{"id":152248,"href":"https:\/\/rdnews.al\/index.php\/wp-json\/wp\/v2\/posts\/152247\/revisions\/152248"}],"wp:featuredmedia":[{"embeddable":true,"href":"https:\/\/rdnews.al\/index.php\/wp-json\/wp\/v2\/media\/146724"}],"wp:attachment":[{"href":"https:\/\/rdnews.al\/index.php\/wp-json\/wp\/v2\/media?parent=152247"}],"wp:term":[{"taxonomy":"category","embeddable":true,"href":"https:\/\/rdnews.al\/index.php\/wp-json\/wp\/v2\/categories?post=152247"},{"taxonomy":"post_tag","embeddable":true,"href":"https:\/\/rdnews.al\/index.php\/wp-json\/wp\/v2\/tags?post=152247"}],"curies":[{"name":"wp","href":"https:\/\/api.w.org\/{rel}","templated":true}]}}