{"id":152249,"date":"2026-08-31T17:42:30","date_gmt":"2026-08-31T17:42:30","guid":{"rendered":"https:\/\/rdnews.al\/?p=152249"},"modified":"2026-08-31T17:42:30","modified_gmt":"2026-08-31T17:42:30","slug":"make-albania-affordable","status":"publish","type":"post","link":"https:\/\/rdnews.al\/index.php\/2026\/08\/31\/make-albania-affordable\/","title":{"rendered":"Make Albania Affordable"},"content":{"rendered":"<p><strong>Nga\u00a0Andi BEJTJA<\/strong><\/p>\n<p>Nuk ka nevoj\u00eb t\u00eb shikosh t\u00eb dh\u00ebnat e Eurostat ku n\u00ebnvizohet se \u00e7mimet e ushqimeve n\u00eb Shqip\u00ebri jan\u00eb rritur 5 her\u00eb m\u00eb shum\u00eb se mesatarja europiane.<\/p>\n<p>Mjafton t\u00eb marr\u00ebsh mundimin t\u00eb besh nj\u00eb xhiro, sidomos p\u00ebrgjat\u00eb fundjave n\u00eb zonat kufitare dhe do shikosh duzina njer\u00ebzish nga Veriu i Shqip\u00ebris\u00eb q\u00eb dynden p\u00ebr t\u00eb b\u00ebr\u00eb pazar n\u00eb Prizren, madje shumica vizitohen n\u00eb spital n\u00eb Prishtin\u00eb, madje kan\u00eb filluar dhe makinat i \u00e7ojn\u00eb t\u00eb mekanik\u00ebt n\u00eb Kosov\u00eb; E nj\u00ebjta situat\u00eb \u00ebsht\u00eb edhe me jugun q\u00eb zbarkon n\u00eb Janin\u00eb apo Igumenic\u00eb; po ashtu dhe Shkodra n\u00eb Mal t\u00eb Zi; vet\u00ebm Vlora nuk ka \u00e7fare ti b\u00ebj\u00eb detit\u2026..<\/p>\n<p>\u00cbsht\u00eb e tragjike dhe e trisht\u00eb nj\u00ebkoh\u00ebsisht, po n\u00ebqoftese do t\u00eb b\u00ebhej nj\u00eb ndarje e ndershme territoriale bazuar n\u00eb kritere ekonomike sipas standardeve t\u00eb BE do ishte e udh\u00ebs q\u00eb Kuk\u00ebsi t\u00eb ishte n\u00eb nj\u00eb zon\u00eb me Prizrenin, Shkodra minimumi me Tuzin, e Saranda me Gjirokastr\u00ebn nuk po na e z\u00eb goja, po e kuptoni vet\u00eb\u2026.<\/p>\n<p>Make Albania Affordable mund t\u00eb duket ide e vjedhur nga Mandami, mund t\u00eb duket majtiste apo sorosiste, por \u00ebsht\u00eb imperative. Mund t\u00eb duket dhe utopike se q\u00eb t\u00eb ulen \u00e7mimet duhet t\u00eb funksionoje minimumi bujq\u00ebsia e blegtoria q\u00eb jan\u00eb n\u00eb dit\u00ebt m\u00eb t\u00eb k\u00ebqia, por serish kjo l\u00ebvizje duhet t\u00eb filloj\u00eb se rrug\u00ebs do kuptohen dhe gjith\u00eb gabimet, defektet, sigurisht bashk\u00eb me vjedhjet dhe korrupsionin\u2026.Make Albania Affordable nuk \u00ebsht\u00eb thjesht nj\u00eb parull\u00eb, por \u00ebsht\u00eb nj\u00eb pasqyr\u00eb dhe nj\u00eb mekaniz\u00ebm nj\u00ebkoh\u00ebsisht p\u00ebr t\u00eb par\u00eb, evidentuar dhe n\u00eb t\u00eb nj\u00ebjt\u00ebn koh\u00eb p\u00ebr t\u00eb korrektuar llumin, korrupsionin si gjith\u00eb paaft\u00ebsin\u00eb e qeverisjes. Fundja fundit k\u00ebshtu si ka ardhur puna \u00ebsht\u00eb e vetmja m\u00ebnyr\u00eb jo thjesht p\u00ebr t\u00eb ulur varf\u00ebrin\u00eb, jo vet\u00ebm p\u00ebr t\u00eb luftuar shpopullimin, por dhe p\u00ebr ta mbajtur k\u00ebt\u00eb vend t\u00eb bashkuar territorialisht\u2026.Ndryshe \u00ebndrra e Haxhi Qamilit do t\u00eb plot\u00ebsohet shum\u00eb shpejt!<\/p>\n","protected":false},"excerpt":{"rendered":"<p>Nga\u00a0Andi BEJTJA Nuk ka nevoj\u00eb t\u00eb shikosh t\u00eb dh\u00ebnat e Eurostat ku n\u00ebnvizohet se \u00e7mimet e ushqimeve n\u00eb Shqip\u00ebri jan\u00eb rritur 5 her\u00eb m\u00eb shum\u00eb se mesatarja europiane. Mjafton t\u00eb marr\u00ebsh mundimin t\u00eb besh nj\u00eb xhiro, sidomos p\u00ebrgjat\u00eb fundjave n\u00eb zonat kufitare dhe do shikosh duzina njer\u00ebzish nga Veriu i Shqip\u00ebris\u00eb q\u00eb dynden p\u00ebr t\u00eb &hellip;<\/p>\n","protected":false},"author":4,"featured_media":152250,"comment_status":"closed","ping_status":"closed","sticky":false,"template":"","format":"standard","meta":{"footnotes":""},"categories":[44],"tags":[],"class_list":["post-152249","post","type-post","status-publish","format-standard","has-post-thumbnail","","category-editorial"],"_links":{"self":[{"href":"https:\/\/rdnews.al\/index.php\/wp-json\/wp\/v2\/posts\/152249","targetHints":{"allow":["GET"]}}],"collection":[{"href":"https:\/\/rdnews.al\/index.php\/wp-json\/wp\/v2\/posts"}],"about":[{"href":"https:\/\/rdnews.al\/index.php\/wp-json\/wp\/v2\/types\/post"}],"author":[{"embeddable":true,"href":"https:\/\/rdnews.al\/index.php\/wp-json\/wp\/v2\/users\/4"}],"replies":[{"embeddable":true,"href":"https:\/\/rdnews.al\/index.php\/wp-json\/wp\/v2\/comments?post=152249"}],"version-history":[{"count":1,"href":"https:\/\/rdnews.al\/index.php\/wp-json\/wp\/v2\/posts\/152249\/revisions"}],"predecessor-version":[{"id":152251,"href":"https:\/\/rdnews.al\/index.php\/wp-json\/wp\/v2\/posts\/152249\/revisions\/152251"}],"wp:featuredmedia":[{"embeddable":true,"href":"https:\/\/rdnews.al\/index.php\/wp-json\/wp\/v2\/media\/152250"}],"wp:attachment":[{"href":"https:\/\/rdnews.al\/index.php\/wp-json\/wp\/v2\/media?parent=152249"}],"wp:term":[{"taxonomy":"category","embeddable":true,"href":"https:\/\/rdnews.al\/index.php\/wp-json\/wp\/v2\/categories?post=152249"},{"taxonomy":"post_tag","embeddable":true,"href":"https:\/\/rdnews.al\/index.php\/wp-json\/wp\/v2\/tags?post=152249"}],"curies":[{"name":"wp","href":"https:\/\/api.w.org\/{rel}","templated":true}]}}