{"id":152252,"date":"2026-08-31T17:53:35","date_gmt":"2026-08-31T17:53:35","guid":{"rendered":"https:\/\/rdnews.al\/?p=152252"},"modified":"2026-08-31T17:53:35","modified_gmt":"2026-08-31T17:53:35","slug":"10-te-vdekur-nen-kujdestarine-e-shtetit-ne-vetem-8-muaj","status":"publish","type":"post","link":"https:\/\/rdnews.al\/index.php\/2026\/08\/31\/10-te-vdekur-nen-kujdestarine-e-shtetit-ne-vetem-8-muaj\/","title":{"rendered":"10 t\u00eb vdekur n\u00ebn kujdestarin\u00eb e shtetit n\u00eb vet\u00ebm 8 muaj!"},"content":{"rendered":"<p><strong>Franci NURI &#8211; Sekretar p\u00ebr t\u00eb Drejtat e Njeriut n\u00eb PD<\/strong><\/p>\n<p>Vet\u00ebm gjat\u00eb 8 muajve t\u00eb par\u00eb t\u00eb vitit 2026, t\u00eb pakt\u00ebn 10 persona kan\u00eb nd\u00ebrruar jet\u00eb nd\u00ebrsa ndodheshin t\u00eb arrestuar, t\u00eb paraburgosur apo duke vuajtur d\u00ebnimin n\u00eb institucionet e shtetit shqiptar.<\/p>\n<p>Rasti i sot\u00ebm n\u00eb Vlor\u00eb \u00ebsht\u00eb alarmues. Nj\u00eb 32-vje\u00e7ar, i arrestuar dy dit\u00eb m\u00eb par\u00eb, u gjet n\u00eb gjendje t\u00eb r\u00ebnd\u00eb n\u00eb dhomat e shoq\u00ebrimit t\u00eb Komisariatit dhe nd\u00ebrroi jet\u00eb pas transportimit n\u00eb spital.<\/p>\n<p>Por ky nuk \u00ebsht\u00eb rast i izoluar.<\/p>\n<p>N\u00eb mars, nj\u00eb 41-vje\u00e7ar nd\u00ebrroi jet\u00eb n\u00eb Bllokun e Siguris\u00eb s\u00eb Policis\u00eb n\u00eb Tiran\u00eb, vet\u00ebm dy dit\u00eb pas arrestimit. Komiteti Shqiptar i Helsinkit evidentoi m\u00eb pas se ai ishte d\u00ebrguar tri her\u00eb n\u00eb spital dhe ngriti shqet\u00ebsime lidhur me zbatimin e rekomandimeve mjek\u00ebsore.<\/p>\n<p>N\u00eb shkurt, nj\u00eb tjet\u00ebr shtetas, i cili ndodhej n\u00eb ambientet e siguris\u00eb s\u00eb Komisariatit t\u00eb Durr\u00ebsit n\u00eb pritje t\u00eb transferimit n\u00eb IEVP, shfaqi probleme sh\u00ebndet\u00ebsore dhe m\u00eb pas humbi jet\u00ebn n\u00eb spital.<\/p>\n<p>Dhe lista vazhdon n\u00eb burgjet dhe paraburgimet e vendit.<\/p>\n<p>Nga janari deri m\u00eb 31 gusht, raste vdekjesh jan\u00eb raportuar n\u00eb ose n\u00eb lidhje me IEVP Burrel, Shkod\u00ebr, Kor\u00e7\u00eb, Lezh\u00eb dhe Fier, p\u00ebrfshir\u00eb persona t\u00eb transportuar nga institucionet drejt spitaleve ku m\u00eb pas kan\u00eb nd\u00ebrruar jet\u00eb.<\/p>\n<p>10 jet\u00eb t\u00eb humbura n\u00eb 8 muaj n\u00ebn kujdestarin\u00eb e shtetit nuk mund t\u00eb kalojn\u00eb thjesht si kronik\u00eb e zez\u00eb.<\/p>\n<p>P\u00ebr \u00e7do person t\u00eb privuar nga liria, shteti merr p\u00ebrsip\u00ebr p\u00ebrgjegj\u00ebsin\u00eb p\u00ebr jet\u00ebn, sigurin\u00eb, integritetin dhe kujdesin sh\u00ebndet\u00ebsor t\u00eb tij.<\/p>\n<p>Neni 2 i Konvent\u00ebs Europiane p\u00ebr t\u00eb Drejtat e Njeriut garanton t\u00eb drejt\u00ebn p\u00ebr jet\u00ebn dhe vendos mbi shtetin detyrime serioze p\u00ebr mbrojtjen e saj.<\/p>\n<p>P\u00ebr \u00e7do vdekje n\u00ebn kujdestarin\u00eb e shtetit duhet hetim i plot\u00eb, efektiv, i pavarur dhe transparent.<\/p>\n<p>10 persona n\u00eb 8 muaj.<\/p>\n<p>Shteti duhet t\u00eb jap\u00eb llogari!<\/p>\n","protected":false},"excerpt":{"rendered":"<p>Franci NURI &#8211; Sekretar p\u00ebr t\u00eb Drejtat e Njeriut n\u00eb PD Vet\u00ebm gjat\u00eb 8 muajve t\u00eb par\u00eb t\u00eb vitit 2026, t\u00eb pakt\u00ebn 10 persona kan\u00eb nd\u00ebrruar jet\u00eb nd\u00ebrsa ndodheshin t\u00eb arrestuar, t\u00eb paraburgosur apo duke vuajtur d\u00ebnimin n\u00eb institucionet e shtetit shqiptar. Rasti i sot\u00ebm n\u00eb Vlor\u00eb \u00ebsht\u00eb alarmues. Nj\u00eb 32-vje\u00e7ar, i arrestuar dy dit\u00eb &hellip;<\/p>\n","protected":false},"author":4,"featured_media":152253,"comment_status":"closed","ping_status":"closed","sticky":false,"template":"","format":"standard","meta":{"footnotes":""},"categories":[37],"tags":[],"class_list":["post-152252","post","type-post","status-publish","format-standard","has-post-thumbnail","","category-politike"],"_links":{"self":[{"href":"https:\/\/rdnews.al\/index.php\/wp-json\/wp\/v2\/posts\/152252","targetHints":{"allow":["GET"]}}],"collection":[{"href":"https:\/\/rdnews.al\/index.php\/wp-json\/wp\/v2\/posts"}],"about":[{"href":"https:\/\/rdnews.al\/index.php\/wp-json\/wp\/v2\/types\/post"}],"author":[{"embeddable":true,"href":"https:\/\/rdnews.al\/index.php\/wp-json\/wp\/v2\/users\/4"}],"replies":[{"embeddable":true,"href":"https:\/\/rdnews.al\/index.php\/wp-json\/wp\/v2\/comments?post=152252"}],"version-history":[{"count":1,"href":"https:\/\/rdnews.al\/index.php\/wp-json\/wp\/v2\/posts\/152252\/revisions"}],"predecessor-version":[{"id":152254,"href":"https:\/\/rdnews.al\/index.php\/wp-json\/wp\/v2\/posts\/152252\/revisions\/152254"}],"wp:featuredmedia":[{"embeddable":true,"href":"https:\/\/rdnews.al\/index.php\/wp-json\/wp\/v2\/media\/152253"}],"wp:attachment":[{"href":"https:\/\/rdnews.al\/index.php\/wp-json\/wp\/v2\/media?parent=152252"}],"wp:term":[{"taxonomy":"category","embeddable":true,"href":"https:\/\/rdnews.al\/index.php\/wp-json\/wp\/v2\/categories?post=152252"},{"taxonomy":"post_tag","embeddable":true,"href":"https:\/\/rdnews.al\/index.php\/wp-json\/wp\/v2\/tags?post=152252"}],"curies":[{"name":"wp","href":"https:\/\/api.w.org\/{rel}","templated":true}]}}