{"id":152258,"date":"2026-08-31T19:10:42","date_gmt":"2026-08-31T19:10:42","guid":{"rendered":"https:\/\/rdnews.al\/?p=152258"},"modified":"2026-08-31T19:10:42","modified_gmt":"2026-08-31T19:10:42","slug":"rama-ben-te-fortin-ketu-e-perulet-jashte-spak-ta-arrestoje-bashke-me-ballukun-brenda-shtatorit","status":"publish","type":"post","link":"https:\/\/rdnews.al\/index.php\/2026\/08\/31\/rama-ben-te-fortin-ketu-e-perulet-jashte-spak-ta-arrestoje-bashke-me-ballukun-brenda-shtatorit\/","title":{"rendered":"Rama b\u00ebn t\u00eb fortin k\u00ebtu e p\u00ebrulet jasht\u00eb! SPAK ta arrestoj\u00eb bashk\u00eb me Ballukun brenda shtatorit!"},"content":{"rendered":"<p>N\u00eb vijim t\u00eb fjalimeve p\u00ebrball\u00eb godin\u00ebs s\u00eb ekzekutivit, nj\u00eb nga protestuesit ka l\u00ebshuar akuza t\u00eb ashpra ndaj kryeministrit Edi Rama, si dhe i ka b\u00ebr\u00eb nj\u00eb thirrje t\u00eb drejtp\u00ebrdrejt\u00eb SPAK-ut dhe organit t\u00eb drejt\u00ebsis\u00eb p\u00ebr nisjen e menj\u00ebhershme t\u00eb arrestimeve n\u00eb radh\u00ebt e kabinetit qeveritar.<\/p>\n<p>Protestuesi e akuzoi kreun e qeveris\u00eb se tregon forc\u00eb vet\u00ebm p\u00ebrball\u00eb qytetar\u00ebve t\u00eb tij, nd\u00ebrsa jasht\u00eb kufijve shfaqet i dob\u00ebt.<\/p>\n<p>\u201cEdi Rama b\u00ebn t\u00eb fortin me popullin shqiptar. Nuk i vjen turp q\u00eb e t\u00ebrheq popullin zvarr\u00eb! Si mund t\u00eb jesh i fort\u00eb brenda Shqip\u00ebris\u00eb kur shkon jasht\u00eb shtetit dhe p\u00ebrulesh n\u00eb gjunj\u00eb si mi arash? Nuk je i fort\u00eb, je i dob\u00ebt, je nj\u00eb kriminel!\u201d\u00a0\u2013 u shpreh ai nga tribuna e protest\u00ebs.<\/p>\n<p>M\u00eb tej, ai i k\u00ebrkoi sistemit t\u00eb drejt\u00ebsis\u00eb t\u00eb nd\u00ebrpres\u00eb procedimet ndaj protestuesve dhe t\u00eb p\u00ebrqendrohet te hetimi dhe prangosja e zyrtar\u00ebve t\u00eb lart\u00eb shtet\u00ebror\u00eb.<\/p>\n<p>\u201cU b\u00ebjm\u00eb thirrje prokuror\u00ebve dhe gjyqtar\u00ebve t\u00eb mos e arrestojn\u00eb e gjykojn\u00eb popullin pse hedh nj\u00eb vez\u00eb, por t\u00eb arrestojn\u00eb kriminel\u00ebt. Korrupsionin e kan\u00eb n\u00eb qeveri, me band\u00ebn e kryeministrit. O SPAK mjeran, a e dini se paguheni nga populli shqiptar? E keni rrog\u00ebn 6 mij\u00eb deri 8 mij\u00eb euro. \u00c7far\u00eb po b\u00ebni? Asgj\u00eb nuk po b\u00ebni, turp t\u00eb keni!\u201d \u2013\u00a0deklaroi protestuesi.<\/p>\n<p>N\u00eb p\u00ebrmbyllje, ai u b\u00ebri thirrje prokuror\u00ebve t\u00eb posa\u00e7\u00ebm t\u00eb nd\u00ebrmarrin veprime konkrete brenda muajit t\u00eb ardhsh\u00ebm: \u201cU b\u00ebjm\u00eb thirrje SPAK-ut jo thjesht t\u00eb hetoj\u00eb Ram\u00ebn, Ballukun e vart\u00ebsit e tyre, por t\u2019i arrestoj\u00eb menj\u00ebher\u00eb brenda shtatorit!\u201d<\/p>\n","protected":false},"excerpt":{"rendered":"<p>N\u00eb vijim t\u00eb fjalimeve p\u00ebrball\u00eb godin\u00ebs s\u00eb ekzekutivit, nj\u00eb nga protestuesit ka l\u00ebshuar akuza t\u00eb ashpra ndaj kryeministrit Edi Rama, si dhe i ka b\u00ebr\u00eb nj\u00eb thirrje t\u00eb drejtp\u00ebrdrejt\u00eb SPAK-ut dhe organit t\u00eb drejt\u00ebsis\u00eb p\u00ebr nisjen e menj\u00ebhershme t\u00eb arrestimeve n\u00eb radh\u00ebt e kabinetit qeveritar. Protestuesi e akuzoi kreun e qeveris\u00eb se tregon forc\u00eb vet\u00ebm &hellip;<\/p>\n","protected":false},"author":4,"featured_media":147719,"comment_status":"closed","ping_status":"closed","sticky":false,"template":"","format":"standard","meta":{"footnotes":""},"categories":[37],"tags":[],"class_list":["post-152258","post","type-post","status-publish","format-standard","has-post-thumbnail","","category-politike"],"_links":{"self":[{"href":"https:\/\/rdnews.al\/index.php\/wp-json\/wp\/v2\/posts\/152258","targetHints":{"allow":["GET"]}}],"collection":[{"href":"https:\/\/rdnews.al\/index.php\/wp-json\/wp\/v2\/posts"}],"about":[{"href":"https:\/\/rdnews.al\/index.php\/wp-json\/wp\/v2\/types\/post"}],"author":[{"embeddable":true,"href":"https:\/\/rdnews.al\/index.php\/wp-json\/wp\/v2\/users\/4"}],"replies":[{"embeddable":true,"href":"https:\/\/rdnews.al\/index.php\/wp-json\/wp\/v2\/comments?post=152258"}],"version-history":[{"count":1,"href":"https:\/\/rdnews.al\/index.php\/wp-json\/wp\/v2\/posts\/152258\/revisions"}],"predecessor-version":[{"id":152259,"href":"https:\/\/rdnews.al\/index.php\/wp-json\/wp\/v2\/posts\/152258\/revisions\/152259"}],"wp:featuredmedia":[{"embeddable":true,"href":"https:\/\/rdnews.al\/index.php\/wp-json\/wp\/v2\/media\/147719"}],"wp:attachment":[{"href":"https:\/\/rdnews.al\/index.php\/wp-json\/wp\/v2\/media?parent=152258"}],"wp:term":[{"taxonomy":"category","embeddable":true,"href":"https:\/\/rdnews.al\/index.php\/wp-json\/wp\/v2\/categories?post=152258"},{"taxonomy":"post_tag","embeddable":true,"href":"https:\/\/rdnews.al\/index.php\/wp-json\/wp\/v2\/tags?post=152258"}],"curies":[{"name":"wp","href":"https:\/\/api.w.org\/{rel}","templated":true}]}}