{"id":152262,"date":"2026-08-31T20:25:21","date_gmt":"2026-08-31T20:25:21","guid":{"rendered":"https:\/\/rdnews.al\/?p=152262"},"modified":"2026-08-31T20:36:50","modified_gmt":"2026-08-31T20:36:50","slug":"si-deshtoi-rama-te-pengonte-marrjen-e-vizes-amerikane-nga-berisha-reagimi-i-ambasades","status":"publish","type":"post","link":"https:\/\/rdnews.al\/index.php\/2026\/08\/31\/si-deshtoi-rama-te-pengonte-marrjen-e-vizes-amerikane-nga-berisha-reagimi-i-ambasades\/","title":{"rendered":"Si d\u00ebshtoi Rama t\u00eb pengonte marrjen e viz\u00ebs amerikane nga Berisha\/ Reagimi i Ambasad\u00ebs"},"content":{"rendered":"<p><strong>&#8220;RD&#8221;<\/strong><\/p>\n<p>\u00c7\u00ebshtja e pajisjes s\u00eb Kryetarit t\u00eb opozit\u00ebs Sali Berish\u00ebs me viz\u00eb p\u00ebr t\u00eb udh\u00ebtuar n\u00eb Shtetet e Bashkuara t\u00eb Amerik\u00ebs ngjalli disa diskutime n\u00eb mediat e Ram\u00ebs, ve\u00e7an\u00ebrisht p\u00ebr rolin e not\u00ebs verbale t\u00eb Ministris\u00eb p\u00ebr Evrop\u00ebn dhe Pun\u00ebt e Jashtme t\u00eb Shqip\u00ebris\u00eb drejtuar Ambasad\u00ebs Amerikane.<\/p>\n<p>Mediat e Ram\u00ebs pyesnin me ironi; a do ta marr\u00eb viz\u00ebn Berisha? Problemi n\u00eb t\u00eb v\u00ebrtet\u00eb nuk q\u00ebndronte tek Ambasda amerikane , por tek shpresat e kota t\u00eb Ram\u00ebs se mund ta bllokonte Berish\u00ebn p\u00ebr t\u00eb shkuar n\u00eb Shtetet e Bashkuara.<\/p>\n<p>Duhet b\u00ebr\u00eb nj\u00eb dallim i r\u00ebnd\u00ebsish\u00ebm:\u00a0nota verbale nuk \u00ebsht\u00eb nj\u00eb dokument q\u00eb i jep viz\u00ebn nj\u00eb shtetasi shqiptar dhe as nuk e detyron Ambasad\u00ebn e SHBA-s\u00eb t\u00eb l\u00ebshoj\u00eb viz\u00ebn. Vendimi p\u00ebr dh\u00ebnien e viz\u00ebs \u00ebsht\u00eb kompetenc\u00eb e autoriteteve amerikane dhe merret n\u00eb p\u00ebrputhje me legjislacionin dhe procedurat konsullore t\u00eb Shteteve t\u00eb Bashkuara.<\/p>\n<p>At\u00ebher\u00eb, p\u00ebrse ishte e nevojshme nota verbale?<\/p>\n<p>N\u00eb rastin e Berish\u00ebs, nota verbale kishte r\u00ebnd\u00ebsi si nj\u00eb\u00a0komunikim zyrtar diplomatik\u00a0nd\u00ebrmjet institucioneve t\u00eb dy vendeve. Ajo mund t\u00eb sh\u00ebrbej\u00eb p\u00ebr t\u00eb konfirmuar zyrtarisht statusin e personit, funksionin q\u00eb mban, q\u00ebllimin e udh\u00ebtimit dhe arsyen p\u00ebr t\u00eb cil\u00ebn k\u00ebrkohet hyrja n\u00eb territorin amerikan.<\/p>\n<p>N\u00eb k\u00ebt\u00eb rast, udh\u00ebtimi lidhej me pjes\u00ebmarrjen e Kryetarit t\u00eb opozit\u00ebs, Berisha n\u00eb nj\u00eb aktivitet politik nd\u00ebrkomb\u00ebtar n\u00eb Shtetet e Bashkuara. P\u00ebr k\u00ebt\u00eb arsye, Ministria e Jashtme shqiptare mund t\u00eb formalizonte p\u00ebrmes nj\u00eb note verbale faktin se b\u00ebhej fjal\u00eb p\u00ebr nj\u00eb udh\u00ebtim me karakter t\u00eb caktuar zyrtar ose politik dhe se k\u00ebrkesa p\u00ebr viz\u00eb lidhej me nj\u00eb aktivitet t\u00eb p\u00ebrcaktuar.<\/p>\n<p>\u00c7\u00ebshtja e zotit Berisha nuk \u00ebsht\u00eb nj\u00eb aplikim i zakonsh\u00ebm p\u00ebr viz\u00eb turistike. P\u00ebr k\u00ebt\u00eb arsye, dokumentacioni diplomatik mund t\u00eb ndihmoj\u00eb n\u00eb sqarimin e rrethanave t\u00eb udh\u00ebtimit dhe n\u00eb p\u00ebrcaktimin e kuadrit institucional t\u00eb k\u00ebrkes\u00ebs.<\/p>\n<p><strong>Rama vonoi procedur\u00ebn<\/strong><\/p>\n<p>Kjo k\u00ebrkes\u00eb e cila duhet t\u00eb ishte dicka krejt formale nga ana e ministris\u00eb s\u00eb Jashtme, dhe duhej q\u00eb t\u00eb realizohej brenda 24 or\u00ebve, n\u00eb t\u00eb v\u00ebrtet\u00eb u zgjat p\u00ebr 10 dit\u00eb. Q\u00ebllimi i vones\u00ebs lidhej me synimin politik t\u00eb Ram\u00ebs p\u00ebr t\u00eb vonuar n\u00eb limite procesin e marrjes s\u00eb vizi\u00ebs. Duke shkaktuar nj\u00eb vones\u00eb 10 ditore, Rama besonte se kjo do t\u00eb kishte ndikim m\u00eb pas n\u00eb ambasad\u00ebn Amerikane, e cila ka edhe ajo afatet e veta p\u00ebr dh\u00ebnien e viz\u00ebs.<\/p>\n<p>Rama shpresonte se duke bllokuar not\u00ebn verbale t\u00eb ministris\u00eb s\u00eb Jashtme, do t\u00eb mbetej shum\u00eb pak koh\u00eb q\u00eb Ambasada t\u00eb konfirmonte viz\u00ebn p\u00ebr Berish\u00ebn. E gjitha kjo synonte q\u00eb procesi t\u00eb vonohej p\u00ebrtej Konvent\u00ebs republikane e parashkuar me 7 shtator, por edhe me ndikimin e aktiviteteve dhe takimeve q\u00eb Berisha kishte p\u00ebrgatitur para k\u00ebsaj date n\u00eb Shtetet e Bashkuara.<\/p>\n<p><strong>Reagimi i Ambasad\u00ebs amerikane<\/strong><\/p>\n<p>Surpriza ka qen\u00eb reagimi i Ambasad\u00ebs amerikane dhe institucioneve amerikane. Ata e kan\u00eb realizuar t\u00eb gjith\u00eb procesin e dh\u00ebnies s\u00eb vizi\u00ebs p\u00ebr Kryetarin e opozit\u00ebs shqiptare n\u00eb vet\u00ebm 48 or\u00eb, n\u00eb nj\u00eb koh\u00eb q\u00eb parashikohej se do t\u00eb duhej t\u00eb merrte edhe m\u00eb shum\u00eb koh\u00eb si proces.<\/p>\n<p>Rama d\u00ebshtoi edhe nj\u00eb her\u00eb tjet\u00ebr me turp t\u00eb ndaloj\u00eb Berish\u00ebn t\u00eb shkoj\u00eb n\u00eb Shtetet e Bashkuara. K\u00ebto jan\u00eb lojrat e nj\u00eb t\u00eb mbyturi q\u00eb k\u00ebrkon t\u00eb shp\u00ebtoj\u00eb duke u kapur pas fijes s\u00eb kasht\u00ebs.<\/p>\n<p>&nbsp;<\/p>\n<p>&nbsp;<\/p>\n<p>&nbsp;<\/p>\n<p>&nbsp;<\/p>\n","protected":false},"excerpt":{"rendered":"<p>&#8220;RD&#8221; \u00c7\u00ebshtja e pajisjes s\u00eb Kryetarit t\u00eb opozit\u00ebs Sali Berish\u00ebs me viz\u00eb p\u00ebr t\u00eb udh\u00ebtuar n\u00eb Shtetet e Bashkuara t\u00eb Amerik\u00ebs ngjalli disa diskutime n\u00eb mediat e Ram\u00ebs, ve\u00e7an\u00ebrisht p\u00ebr rolin e not\u00ebs verbale t\u00eb Ministris\u00eb p\u00ebr Evrop\u00ebn dhe Pun\u00ebt e Jashtme t\u00eb Shqip\u00ebris\u00eb drejtuar Ambasad\u00ebs Amerikane. Mediat e Ram\u00ebs pyesnin me ironi; a do &hellip;<\/p>\n","protected":false},"author":3,"featured_media":152263,"comment_status":"closed","ping_status":"closed","sticky":false,"template":"","format":"standard","meta":{"footnotes":""},"categories":[37,40],"tags":[],"class_list":["post-152262","post","type-post","status-publish","format-standard","has-post-thumbnail","","category-politike","category-aktualitet"],"_links":{"self":[{"href":"https:\/\/rdnews.al\/index.php\/wp-json\/wp\/v2\/posts\/152262","targetHints":{"allow":["GET"]}}],"collection":[{"href":"https:\/\/rdnews.al\/index.php\/wp-json\/wp\/v2\/posts"}],"about":[{"href":"https:\/\/rdnews.al\/index.php\/wp-json\/wp\/v2\/types\/post"}],"author":[{"embeddable":true,"href":"https:\/\/rdnews.al\/index.php\/wp-json\/wp\/v2\/users\/3"}],"replies":[{"embeddable":true,"href":"https:\/\/rdnews.al\/index.php\/wp-json\/wp\/v2\/comments?post=152262"}],"version-history":[{"count":4,"href":"https:\/\/rdnews.al\/index.php\/wp-json\/wp\/v2\/posts\/152262\/revisions"}],"predecessor-version":[{"id":152267,"href":"https:\/\/rdnews.al\/index.php\/wp-json\/wp\/v2\/posts\/152262\/revisions\/152267"}],"wp:featuredmedia":[{"embeddable":true,"href":"https:\/\/rdnews.al\/index.php\/wp-json\/wp\/v2\/media\/152263"}],"wp:attachment":[{"href":"https:\/\/rdnews.al\/index.php\/wp-json\/wp\/v2\/media?parent=152262"}],"wp:term":[{"taxonomy":"category","embeddable":true,"href":"https:\/\/rdnews.al\/index.php\/wp-json\/wp\/v2\/categories?post=152262"},{"taxonomy":"post_tag","embeddable":true,"href":"https:\/\/rdnews.al\/index.php\/wp-json\/wp\/v2\/tags?post=152262"}],"curies":[{"name":"wp","href":"https:\/\/api.w.org\/{rel}","templated":true}]}}