{"id":152268,"date":"2026-08-31T20:35:08","date_gmt":"2026-08-31T20:35:08","guid":{"rendered":"https:\/\/rdnews.al\/?p=152268"},"modified":"2026-08-31T20:35:08","modified_gmt":"2026-08-31T20:35:08","slug":"kush-eshte-njeriu-i-linda-rames-qe-kercenoi-gazetarin-konomi","status":"publish","type":"post","link":"https:\/\/rdnews.al\/index.php\/2026\/08\/31\/kush-eshte-njeriu-i-linda-rames-qe-kercenoi-gazetarin-konomi\/","title":{"rendered":"Kush \u00ebsht\u00eb njeriu i Linda Ram\u00ebs q\u00eb k\u00ebrc\u00ebnoi gazetarin, Konomi"},"content":{"rendered":"<p class=\"chapo\">Gazetari Arjan Konomi ka njoftuar se nj\u00eb person q\u00eb, sipas tij, e kishte k\u00ebrc\u00ebnuar p\u00ebr shkak t\u00eb videos ku p\u00ebrballej me kryeministrin dhe gruan e tij, Linda Ram\u00ebn.<\/p>\n<p>Konomi ka b\u00ebr\u00eb t\u00eb ditur se \u00ebsht\u00eb njoftuar nga Policia e Shtetit se personi \u00ebsht\u00eb ndaluar dhe shoq\u00ebruar n\u00eb Komisariatin e Policis\u00eb nr. 2 n\u00eb Tiran\u00eb dhe rezulton kush\u00ebri i Lind\u00ebs.<\/p>\n<p>Sipas gazetarit, personi \u00ebsht\u00eb Muharrem Sheta nga Kruja, t\u00eb cilin e identifikon me nofk\u00ebn \u201cRrema\u201d dhe pretendon se ka precedent\u00eb penal\u00eb. Konomi thot\u00eb gjithashtu se Sheta ka pranuar faktin p\u00ebr t\u00eb cilin \u00ebsht\u00eb ndaluar, nd\u00ebrsa thekson se nuk ka ende holl\u00ebsi t\u00eb tjera mbi rastin.<\/p>\n<p>N\u00eb reagimin e tij, Konomi ngre akuza t\u00eb drejtp\u00ebrdrejta ndaj Linda Ram\u00ebs, duke pretenduar se personi q\u00eb e ka k\u00ebrc\u00ebnuar \u00ebsht\u00eb i lidhur me t\u00eb.<\/p>\n<p>\u201cJa pra si Linda Rama vepron me k\u00ebrc\u00ebnime me njer\u00ebzit e saj. Kjo \u00ebsht\u00eb mafia q\u00eb drejton shtetin\u201d, shkruan Konomi.<\/p>\n<p>Deri n\u00eb k\u00ebt\u00eb moment, akuzat p\u00ebr lidhjen e personit t\u00eb ndaluar me Linda Ram\u00ebn dhe pretendimi se k\u00ebrc\u00ebnimi \u00ebsht\u00eb b\u00ebr\u00eb n\u00eb funksion t\u00eb saj mbeten deklarime t\u00eb Arjan Konomit. Nuk ka nj\u00eb konfirmim zyrtar nga Policia e Shtetit.<\/p>\n","protected":false},"excerpt":{"rendered":"<p>Gazetari Arjan Konomi ka njoftuar se nj\u00eb person q\u00eb, sipas tij, e kishte k\u00ebrc\u00ebnuar p\u00ebr shkak t\u00eb videos ku p\u00ebrballej me kryeministrin dhe gruan e tij, Linda Ram\u00ebn. Konomi ka b\u00ebr\u00eb t\u00eb ditur se \u00ebsht\u00eb njoftuar nga Policia e Shtetit se personi \u00ebsht\u00eb ndaluar dhe shoq\u00ebruar n\u00eb Komisariatin e Policis\u00eb nr. 2 n\u00eb Tiran\u00eb dhe &hellip;<\/p>\n","protected":false},"author":3,"featured_media":152269,"comment_status":"closed","ping_status":"closed","sticky":false,"template":"","format":"standard","meta":{"footnotes":""},"categories":[37],"tags":[],"class_list":["post-152268","post","type-post","status-publish","format-standard","has-post-thumbnail","","category-politike"],"_links":{"self":[{"href":"https:\/\/rdnews.al\/index.php\/wp-json\/wp\/v2\/posts\/152268","targetHints":{"allow":["GET"]}}],"collection":[{"href":"https:\/\/rdnews.al\/index.php\/wp-json\/wp\/v2\/posts"}],"about":[{"href":"https:\/\/rdnews.al\/index.php\/wp-json\/wp\/v2\/types\/post"}],"author":[{"embeddable":true,"href":"https:\/\/rdnews.al\/index.php\/wp-json\/wp\/v2\/users\/3"}],"replies":[{"embeddable":true,"href":"https:\/\/rdnews.al\/index.php\/wp-json\/wp\/v2\/comments?post=152268"}],"version-history":[{"count":1,"href":"https:\/\/rdnews.al\/index.php\/wp-json\/wp\/v2\/posts\/152268\/revisions"}],"predecessor-version":[{"id":152270,"href":"https:\/\/rdnews.al\/index.php\/wp-json\/wp\/v2\/posts\/152268\/revisions\/152270"}],"wp:featuredmedia":[{"embeddable":true,"href":"https:\/\/rdnews.al\/index.php\/wp-json\/wp\/v2\/media\/152269"}],"wp:attachment":[{"href":"https:\/\/rdnews.al\/index.php\/wp-json\/wp\/v2\/media?parent=152268"}],"wp:term":[{"taxonomy":"category","embeddable":true,"href":"https:\/\/rdnews.al\/index.php\/wp-json\/wp\/v2\/categories?post=152268"},{"taxonomy":"post_tag","embeddable":true,"href":"https:\/\/rdnews.al\/index.php\/wp-json\/wp\/v2\/tags?post=152268"}],"curies":[{"name":"wp","href":"https:\/\/api.w.org\/{rel}","templated":true}]}}