{"id":152291,"date":"2026-09-01T10:21:15","date_gmt":"2026-09-01T10:21:15","guid":{"rendered":"https:\/\/rdnews.al\/?p=152291"},"modified":"2026-09-01T10:21:49","modified_gmt":"2026-09-01T10:21:49","slug":"abuzimi-miliona-euro-me-tenderat-e-akshi-t-karcanaj-paraqitet-ne-spak","status":"publish","type":"post","link":"https:\/\/rdnews.al\/index.php\/2026\/09\/01\/abuzimi-miliona-euro-me-tenderat-e-akshi-t-karcanaj-paraqitet-ne-spak\/","title":{"rendered":"Abuzimi miliona euro me tenderat e AKSHI-t, Kar\u00e7anaj paraqitet n\u00eb SPAK"},"content":{"rendered":"<p>Ish-drejtoresha e AKSHI-t, Mirlinda Kar\u00e7anaj, \u00ebsht\u00eb paraqitur k\u00ebt\u00eb t\u00eb mart\u00eb n\u00eb Prokurorin\u00eb e Posa\u00e7me, SPAK.<\/p>\n<div class=\"jeg_ad jeg_ad_article jnews_content_inline_ads \"><\/div>\n<p>Kar\u00e7anaj, ndaj t\u00eb cil\u00ebs \u00ebsht\u00eb vendosur masa \u2018detyrim paraqitje\u2019 p\u00ebr skandalin n\u00eb AKSH, \u00ebsht\u00eb futur e vetme n\u00eb ambientet e Prokuroris\u00eb s\u00eb Posa\u00e7me Antikorrupsion, n\u00eb zbatim t\u00eb mas\u00ebs s\u00eb caktuar nga gjykata.<\/p>\n<p>Kujtojm\u00eb se ajo ishte n\u00eb arrest sht\u00ebpie, por Gjykata e Lart\u00eb i leht\u00ebsoi mas\u00ebn e siguris\u00eb, duke e l\u00ebn\u00eb n\u00eb detyrim paraqitje.<\/p>\n<p>Kar\u00e7anaj \u00ebsht\u00eb n\u00eb mesin e 8 t\u00eb pandehurve p\u00ebr skandalin me tenderat e AKSHI-t, t\u00eb cil\u00ebt akuzohen si pjes\u00eb e nj\u00eb grupi t\u00eb strukturuar kriminal, duke manipuluar procedurat tenderuese, favorizuar kompani dhe ushtruar presion ndaj operator\u00ebve konkurrues.<\/p>\n<p>Ndaj tyre u ngrit\u00ebn akuzat p\u00ebr veprat penale: konkurrenc\u00eb e paligjshme n\u00ebp\u00ebrmjet dhun\u00ebs, heqje e paligjshme e liris\u00eb, shkelje e barazis\u00eb n\u00eb tendera, grup i strukturuar kriminal, si edhe pastrim parash.<\/p>\n","protected":false},"excerpt":{"rendered":"<p>Ish-drejtoresha e AKSHI-t, Mirlinda Kar\u00e7anaj, \u00ebsht\u00eb paraqitur k\u00ebt\u00eb t\u00eb mart\u00eb n\u00eb Prokurorin\u00eb e Posa\u00e7me, SPAK. Kar\u00e7anaj, ndaj t\u00eb cil\u00ebs \u00ebsht\u00eb vendosur masa \u2018detyrim paraqitje\u2019 p\u00ebr skandalin n\u00eb AKSH, \u00ebsht\u00eb futur e vetme n\u00eb ambientet e Prokuroris\u00eb s\u00eb Posa\u00e7me Antikorrupsion, n\u00eb zbatim t\u00eb mas\u00ebs s\u00eb caktuar nga gjykata. Kujtojm\u00eb se ajo ishte n\u00eb arrest sht\u00ebpie, por &hellip;<\/p>\n","protected":false},"author":4,"featured_media":144657,"comment_status":"closed","ping_status":"closed","sticky":false,"template":"","format":"standard","meta":{"footnotes":""},"categories":[37],"tags":[],"class_list":["post-152291","post","type-post","status-publish","format-standard","has-post-thumbnail","","category-politike"],"_links":{"self":[{"href":"https:\/\/rdnews.al\/index.php\/wp-json\/wp\/v2\/posts\/152291","targetHints":{"allow":["GET"]}}],"collection":[{"href":"https:\/\/rdnews.al\/index.php\/wp-json\/wp\/v2\/posts"}],"about":[{"href":"https:\/\/rdnews.al\/index.php\/wp-json\/wp\/v2\/types\/post"}],"author":[{"embeddable":true,"href":"https:\/\/rdnews.al\/index.php\/wp-json\/wp\/v2\/users\/4"}],"replies":[{"embeddable":true,"href":"https:\/\/rdnews.al\/index.php\/wp-json\/wp\/v2\/comments?post=152291"}],"version-history":[{"count":2,"href":"https:\/\/rdnews.al\/index.php\/wp-json\/wp\/v2\/posts\/152291\/revisions"}],"predecessor-version":[{"id":152293,"href":"https:\/\/rdnews.al\/index.php\/wp-json\/wp\/v2\/posts\/152291\/revisions\/152293"}],"wp:featuredmedia":[{"embeddable":true,"href":"https:\/\/rdnews.al\/index.php\/wp-json\/wp\/v2\/media\/144657"}],"wp:attachment":[{"href":"https:\/\/rdnews.al\/index.php\/wp-json\/wp\/v2\/media?parent=152291"}],"wp:term":[{"taxonomy":"category","embeddable":true,"href":"https:\/\/rdnews.al\/index.php\/wp-json\/wp\/v2\/categories?post=152291"},{"taxonomy":"post_tag","embeddable":true,"href":"https:\/\/rdnews.al\/index.php\/wp-json\/wp\/v2\/tags?post=152291"}],"curies":[{"name":"wp","href":"https:\/\/api.w.org\/{rel}","templated":true}]}}