{"id":152301,"date":"2026-09-01T10:56:23","date_gmt":"2026-09-01T10:56:23","guid":{"rendered":"https:\/\/rdnews.al\/?p=152301"},"modified":"2026-09-01T10:56:51","modified_gmt":"2026-09-01T10:56:51","slug":"emiri-teatri-prova-e-drejtesise-se-spak-ut","status":"publish","type":"post","link":"https:\/\/rdnews.al\/index.php\/2026\/09\/01\/emiri-teatri-prova-e-drejtesise-se-spak-ut\/","title":{"rendered":"Emiri: Teatri Komb\u00ebtar, prova e drejt\u00ebsis\u00eb s\u00eb SPAK-ut!"},"content":{"rendered":"<p>Kryetarja e K\u00ebshillit Komb\u00ebtar t\u00eb PD, Julinda Emiri, n\u00eb nj\u00eb deklarat\u00eb p\u00ebr mediat, e cil\u00ebsoi \u00e7\u00ebshtjen e Teatrit Komb\u00ebtar si prov\u00ebn m\u00eb t\u00eb par\u00eb dhe m\u00eb t\u00eb fuqishme t\u00eb drejt\u00ebsis\u00eb s\u00eb SPAK-ut, duke akuzuar Prokurorin\u00eb e Posa\u00e7me p\u00ebr zvarritjen e hetimeve mbi shkeljet q\u00ebkan\u00eb nisur q\u00eb n\u00eb vitin 2018.<\/p>\n<p>Emiri theksoi se kan\u00eb kaluar tet\u00eb vite, jan\u00eb nd\u00ebrruar tre drejtues t\u00eb SPAK-ut dhe ende nuk ka nj\u00eb p\u00ebrgjigje mbi hetimet, pavar\u00ebsisht kall\u00ebzimeve t\u00eb shumta t\u00eb Aleanc\u00ebs p\u00ebr Mbrojtjen e Teatrit.<\/p>\n<p>Ajo k\u00ebrkoi nga SPAK-u dhe prokurori Braho t\u00eb japin p\u00ebrgjigje se ku kan\u00eb mbetur hetimet dhe pse jan\u00eb shkelur afatet e drejt\u00ebsis\u00eb.<\/p>\n<p><strong>Deklarata\u00a0<\/strong><\/p>\n<p>Teatri \u00ebsht\u00eb prova m\u00eb e par\u00eb dhe m\u00eb e fuqishme e drejt\u00ebsis\u00eb s\u00eb SPAK-ut. Kan\u00eb filluar shkeljet kushtetuese p\u00ebr teatrin q\u00eb n\u00eb vitin 2018 dhe sot tet\u00eb vjet m\u00eb mbrapa, jo vet\u00ebm q\u00eb jan\u00eb nd\u00ebrruar tre drejtor\u00eb t\u00eb SPAK-ut dhe akoma nuk kemi asnj\u00eb p\u00ebrgjigje ku jan\u00eb hetimet p\u00ebr shkeljen e, q\u00eb jan\u00eb, p\u00ebr shkeljet q\u00eb jan\u00eb b\u00ebr\u00eb me Teatrin Komb\u00ebtar.<\/p>\n<p>\u00cbsht\u00eb, jan\u00eb shkeljet, kall\u00ebzimet e Aleanc\u00ebs p\u00ebr Mbrojtjen e Teatrit jan\u00eb pafund, n\u00eb vend q\u00eb t&#8217;i b\u00ebnte SPAK-u vet\u00eb sepse e ka detyr\u00eb SPAK-u vet\u00eb q\u00eb t&#8217;i, t&#8217;i ngrej\u00eb, t\u00eb b\u00ebj\u00eb detyr\u00ebn p\u00ebr t\u00eb cil\u00ebn paguhet. I ka b\u00ebr\u00eb, ia ka \u00e7uar Aleanca p\u00ebr Mbrojtjen e Teatrit dhe jo vet\u00ebm q\u00eb s&#8217;i ka b\u00ebr\u00eb vet\u00eb, por nuk i kthen as p\u00ebrgjigje Aleanc\u00ebs p\u00ebr Mbrojtjen e Teatrit.<\/p>\n<p>Dhe shum\u00eb paturp\u00ebsisht, zoti Braho n\u00eb nj\u00eb pyetje t\u00eb para pak koh\u00ebve thonte q\u00eb n\u00eb qoft\u00eb se keni prova p\u00ebr Ram\u00ebn, mi d\u00ebrgoni. Zoti Braho akoma nuk kishte prova p\u00ebr Ram\u00ebn. P\u00ebrve\u00e7 gjith\u00eb provave p\u00ebr shkeljet e tjera, vet\u00ebm provat, sikur vet\u00ebm provat p\u00ebr Teatrin Komb\u00ebtar t\u00eb merren, at- vet\u00ebm aty, zoti Rama dhe gjith\u00eb qeveria e tij bie me shkeljet q\u00eb jan\u00eb b\u00ebr\u00eb p\u00ebr Teatrin Komb\u00ebtar. Duam p\u00ebrgjigje si\u00e7 e ka detyr\u00ebn, zot-, nga zoti Braho, nga SPAK-u, ku jan\u00eb hetimet p\u00ebr Teatrin Komb\u00ebtar dhe pse jan\u00eb shkelur t\u00eb gjitha afatet sepse duhet t\u00eb ishte b\u00ebr\u00eb drejt\u00ebsia shum\u00eb vite p\u00ebrpara. Kan\u00eb kaluar tet\u00eb vjet.<\/p>\n","protected":false},"excerpt":{"rendered":"<p>Kryetarja e K\u00ebshillit Komb\u00ebtar t\u00eb PD, Julinda Emiri, n\u00eb nj\u00eb deklarat\u00eb p\u00ebr mediat, e cil\u00ebsoi \u00e7\u00ebshtjen e Teatrit Komb\u00ebtar si prov\u00ebn m\u00eb t\u00eb par\u00eb dhe m\u00eb t\u00eb fuqishme t\u00eb drejt\u00ebsis\u00eb s\u00eb SPAK-ut, duke akuzuar Prokurorin\u00eb e Posa\u00e7me p\u00ebr zvarritjen e hetimeve mbi shkeljet q\u00ebkan\u00eb nisur q\u00eb n\u00eb vitin 2018. Emiri theksoi se kan\u00eb kaluar tet\u00eb &hellip;<\/p>\n","protected":false},"author":4,"featured_media":148427,"comment_status":"closed","ping_status":"closed","sticky":false,"template":"","format":"standard","meta":{"footnotes":""},"categories":[37],"tags":[],"class_list":["post-152301","post","type-post","status-publish","format-standard","has-post-thumbnail","","category-politike"],"_links":{"self":[{"href":"https:\/\/rdnews.al\/index.php\/wp-json\/wp\/v2\/posts\/152301","targetHints":{"allow":["GET"]}}],"collection":[{"href":"https:\/\/rdnews.al\/index.php\/wp-json\/wp\/v2\/posts"}],"about":[{"href":"https:\/\/rdnews.al\/index.php\/wp-json\/wp\/v2\/types\/post"}],"author":[{"embeddable":true,"href":"https:\/\/rdnews.al\/index.php\/wp-json\/wp\/v2\/users\/4"}],"replies":[{"embeddable":true,"href":"https:\/\/rdnews.al\/index.php\/wp-json\/wp\/v2\/comments?post=152301"}],"version-history":[{"count":2,"href":"https:\/\/rdnews.al\/index.php\/wp-json\/wp\/v2\/posts\/152301\/revisions"}],"predecessor-version":[{"id":152303,"href":"https:\/\/rdnews.al\/index.php\/wp-json\/wp\/v2\/posts\/152301\/revisions\/152303"}],"wp:featuredmedia":[{"embeddable":true,"href":"https:\/\/rdnews.al\/index.php\/wp-json\/wp\/v2\/media\/148427"}],"wp:attachment":[{"href":"https:\/\/rdnews.al\/index.php\/wp-json\/wp\/v2\/media?parent=152301"}],"wp:term":[{"taxonomy":"category","embeddable":true,"href":"https:\/\/rdnews.al\/index.php\/wp-json\/wp\/v2\/categories?post=152301"},{"taxonomy":"post_tag","embeddable":true,"href":"https:\/\/rdnews.al\/index.php\/wp-json\/wp\/v2\/tags?post=152301"}],"curies":[{"name":"wp","href":"https:\/\/api.w.org\/{rel}","templated":true}]}}