{"id":152304,"date":"2026-09-01T11:05:47","date_gmt":"2026-09-01T11:05:47","guid":{"rendered":"https:\/\/rdnews.al\/?p=152304"},"modified":"2026-09-01T11:05:47","modified_gmt":"2026-09-01T11:05:47","slug":"nje-aeroport-nuk-eshte-vetem-nje-piste-ku-ulen-avionet","status":"publish","type":"post","link":"https:\/\/rdnews.al\/index.php\/2026\/09\/01\/nje-aeroport-nuk-eshte-vetem-nje-piste-ku-ulen-avionet\/","title":{"rendered":"Nj\u00eb aeroport nuk \u00ebsht\u00eb vet\u00ebm nj\u00eb pist\u00eb ku ulen avion\u00ebt\u2026!"},"content":{"rendered":"<p><strong>Nga Ylli ASLLANI<\/strong><\/p>\n<p><img loading=\"lazy\" decoding=\"async\" class=\"\" src=\"https:\/\/scontent.ftia9-1.fna.fbcdn.net\/v\/t39.30808-6\/788964037_2338494746960955_8654833293438728349_n.jpg?stp=dst-jpg_tt6&amp;cstp=mx601x800&amp;ctp=s601x800&amp;_nc_cat=110&amp;ccb=1-7&amp;_nc_sid=833d8c&amp;_nc_ohc=SQopCHu0bIkQ7kNvwFDD8WX&amp;_nc_oc=Adrz0lqCEXDy2dE-mSTrSyvqpTywb37y_9_kprDUNh5y2lO-4HRPToQallh6HZvXgNs&amp;_nc_zt=23&amp;_nc_ht=scontent.ftia9-1.fna&amp;_nc_gid=C7CVloqor_SM-Mgldzv5Mw&amp;_nc_ss=7f2a8&amp;oh=00_AQLwTf3nqm0wqqJmsJi4qEtiviKBNtkb3rr5JoaEMybf0Q&amp;oe=6A9C695A\" alt=\"Mund t\u00eb jet\u00eb nj\u00eb imazh i helikopter\" width=\"196\" height=\"261\" \/><\/p>\n<p>97 vjet nga \u00e7elja e aktivitetit t\u00eb Aeroportit t\u00eb Gjirokastr\u00ebs, n\u00eb gusht t\u00eb vitit 1929! \u2708\ufe0f<br \/>\nNj\u00eb kujtes\u00eb n\u00eb nderim t\u00eb kontributit dhe mb\u00ebshtetjes s\u00eb miqve t\u00eb mi t\u00eb Forumit p\u00ebr Aeroportin e Gjirokastr\u00ebs.<br \/>\nMe k\u00ebt\u00eb rast po ndaj disa foto me personalitete t\u00eb larta q\u00eb kam pasur rastin t\u00eb pres si kryebashkiak n\u00eb pist\u00ebn e k\u00ebtij aerodromi.<br \/>\nM\u00eb shum\u00eb se nj\u00eb vizit\u00eb jo e zakonshme, mb\u00ebrritja e tyre n\u00eb k\u00ebt\u00eb aeroport ishte nj\u00eb sinjal dometh\u00ebn\u00ebs se Gjirokastra ka nevoj\u00eb, por dhe nj\u00eb mund\u00ebsi reale t\u00eb lidhet p\u00ebrs\u00ebri me bot\u00ebn p\u00ebrmes qiellit.<br \/>\nNd\u00ebr ta, ve\u00e7oj me k\u00ebnaq\u00ebsi Kryetaren e Kongresit t\u00eb K\u00ebshillit t\u00eb Evrop\u00ebs, Catherine Lalumi\u00e8re, Kryeministrin italian Romano Prodi, Kancelarin austriak Franz Vranitzky, Ismail Kadaren\u00eb dhe shum\u00eb personalitete t\u00eb tjera, fotografit\u00eb e t\u00eb cil\u00ebve, p\u00ebr fat t\u00eb keq, nuk kam mundur t\u2019i ruaj.<br \/>\nN\u00eb vitet m\u00eb t\u00eb v\u00ebshtira, gjirokastrit\u00ebt, Forumi p\u00ebr Aeroportin dhe kryebashkiak\u00ebt e qytetit b\u00ebn\u00eb di\u00e7ka t\u00eb r\u00ebnd\u00ebsishme:<br \/>\nE ruajt\u00ebn t\u00eb paprekur \u201cfush\u00ebn e aeroplanit\u201d, si nj\u00eb pasuri t\u00eb \u00e7muar, me besimin se nj\u00eb dit\u00eb ajo do t\u2019i sh\u00ebrbente s\u00ebrish qytetit dhe gjith\u00eb Jugut.<br \/>\nPozicioni skajor dhe izolimi i gjat\u00eb e kan\u00eb d\u00ebmtuar pozicionin e Gjirokastr\u00ebs n\u00eb marr\u00ebdh\u00ebniet me bot\u00ebn e jashtme. Prandaj, hapja ndaj bot\u00ebs, shk\u00ebmbimi i kulturave, l\u00ebvizja e njer\u00ebzve dhe nxitja e bashk\u00ebpunimit nd\u00ebrkomb\u00ebtar duhet t\u00eb jen\u00eb nd\u00ebr prioritetet e m\u00ebdha t\u00eb Gjirokastr\u00ebs dhe t\u00eb gjith\u00eb rajonit jugor.<br \/>\nPor pas p\u00ebrfshirjes s\u00eb Gjirokastr\u00ebs n\u00eb UNESCO, rikthimi n\u00eb funksion i aeroportit nuk \u00ebsht\u00eb thjesht nj\u00eb \u00e7\u00ebshtje infrastrukture. \u00cbsht\u00eb nj\u00eb domosdoshm\u00ebri p\u00ebr t\u00eb shtuar fluksin e vizitor\u00ebve dhe p\u00ebr t\u2019i dh\u00ebn\u00eb frym\u00ebmarrje t\u00eb q\u00ebndrueshme turizmit, ekonomis\u00eb dhe hapjes s\u00eb rajonit ndaj bot\u00ebs.<br \/>\nNj\u00eb aeroport nuk \u00ebsht\u00eb vet\u00ebm nj\u00eb pist\u00eb ku ulen avion\u00ebt.<br \/>\n\u00cbsht\u00eb nj\u00eb port\u00eb. \u00cbsht\u00eb nj\u00eb ur\u00eb. \u00cbsht\u00eb nj\u00eb mund\u00ebsi p\u00ebr t\u2019i dh\u00ebn\u00eb Jugut t\u00eb Shqip\u00ebris\u00eb at\u00eb lidhje me bot\u00ebn q\u00eb e ka k\u00ebrkuar prej dekadash.<br \/>\nPas 97 vitesh, ndoshta ka ardhur koha q\u00eb \u201cfusha e aeroplanit\u201d t\u00eb mos jet\u00eb m\u00eb vet\u00ebm nj\u00eb kujtim i s\u00eb kaluar\u00ebs, por nj\u00eb premtim p\u00ebr t\u00eb ardhmen.<br \/>\nMe k\u00ebt\u00eb rast, do t\u00eb doja ta p\u00ebrs\u00ebrisja edhe nj\u00eb her\u00eb vler\u00ebsimin tim: n\u00ebse lajmi p\u00ebr rind\u00ebrtimin e Aeroportit t\u00eb Gjirokastr\u00ebs \u00ebsht\u00eb real, ai do t\u00eb ishte nj\u00eb lajm i madh p\u00ebr qytetin dhe p\u00ebr gjith\u00eb Jugun.<br \/>\nPor, n\u00ebse do t\u00eb jet\u00eb vet\u00ebm nj\u00eb tjet\u00ebr premtim q\u00eb harrohet sapo t\u00eb mbaroj\u00eb truku politik i rradh\u00ebs, at\u00ebher\u00eb Gjirokastra do t\u00eb ket\u00eb humbur edhe nj\u00eb her\u00eb nj\u00eb mund\u00ebsi q\u00eb e meriton prej koh\u00ebsh. Nj\u00eb aeroport nuk \u00ebsht\u00eb vet\u00ebm nj\u00eb pist\u00eb ku ulen avion\u00ebt\u2026!<br \/>\n97 vjet nga \u00e7elja e aktivitetit t\u00eb Aeroportit t\u00eb Gjirokastr\u00ebs, n\u00eb gusht t\u00eb vitit 1929! \u2708\ufe0f<br \/>\nNj\u00eb kujtes\u00eb n\u00eb nderim t\u00eb kontributit dhe mb\u00ebshtetjes s\u00eb miqve t\u00eb mi t\u00eb Forumit p\u00ebr Aeroportin e Gjirokastr\u00ebs.<br \/>\nMe k\u00ebt\u00eb rast po ndaj disa foto me personalitete t\u00eb larta q\u00eb kam pasur rastin t\u00eb pres si kryebashkiak n\u00eb pist\u00ebn e k\u00ebtij aerodromi.<br \/>\nM\u00eb shum\u00eb se nj\u00eb vizit\u00eb jo e zakonshme, mb\u00ebrritja e tyre n\u00eb k\u00ebt\u00eb aeroport ishte nj\u00eb sinjal dometh\u00ebn\u00ebs se Gjirokastra ka nevoj\u00eb, por dhe nj\u00eb mund\u00ebsi reale t\u00eb lidhet p\u00ebrs\u00ebri me bot\u00ebn p\u00ebrmes qiellit.<br \/>\nNd\u00ebr ta, ve\u00e7oj me k\u00ebnaq\u00ebsi Kryetaren e Kongresit t\u00eb K\u00ebshillit t\u00eb Evrop\u00ebs, Catherine Lalumi\u00e8re, Kryeministrin italian Romano Prodi, Kancelarin austriak Franz Vranitzky, Ismail Kadaren\u00eb dhe shum\u00eb personalitete t\u00eb tjera, fotografit\u00eb e t\u00eb cil\u00ebve, p\u00ebr fat t\u00eb keq, nuk kam mundur t\u2019i ruaj.<br \/>\nN\u00eb vitet m\u00eb t\u00eb v\u00ebshtira, gjirokastrit\u00ebt, Forumi p\u00ebr Aeroportin dhe kryebashkiak\u00ebt e qytetit b\u00ebn\u00eb di\u00e7ka t\u00eb r\u00ebnd\u00ebsishme:<br \/>\nE ruajt\u00ebn t\u00eb paprekur \u201cfush\u00ebn e aeroplanit\u201d, si nj\u00eb pasuri t\u00eb \u00e7muar, me besimin se nj\u00eb dit\u00eb ajo do t\u2019i sh\u00ebrbente s\u00ebrish qytetit dhe gjith\u00eb Jugut.<br \/>\nPozicioni skajor dhe izolimi i gjat\u00eb e kan\u00eb d\u00ebmtuar pozicionin e Gjirokastr\u00ebs n\u00eb marr\u00ebdh\u00ebniet me bot\u00ebn e jashtme. Prandaj, hapja ndaj bot\u00ebs, shk\u00ebmbimi i kulturave, l\u00ebvizja e njer\u00ebzve dhe nxitja e bashk\u00ebpunimit nd\u00ebrkomb\u00ebtar duhet t\u00eb jen\u00eb nd\u00ebr prioritetet e m\u00ebdha t\u00eb Gjirokastr\u00ebs dhe t\u00eb gjith\u00eb rajonit jugor.<br \/>\nPor pas p\u00ebrfshirjes s\u00eb Gjirokastr\u00ebs n\u00eb UNESCO, rikthimi n\u00eb funksion i aeroportit nuk \u00ebsht\u00eb thjesht nj\u00eb \u00e7\u00ebshtje infrastrukture. \u00cbsht\u00eb nj\u00eb domosdoshm\u00ebri p\u00ebr t\u00eb shtuar fluksin e vizitor\u00ebve dhe p\u00ebr t\u2019i dh\u00ebn\u00eb frym\u00ebmarrje t\u00eb q\u00ebndrueshme turizmit, ekonomis\u00eb dhe hapjes s\u00eb rajonit ndaj bot\u00ebs.<br \/>\nNj\u00eb aeroport nuk \u00ebsht\u00eb vet\u00ebm nj\u00eb pist\u00eb ku ulen avion\u00ebt.<br \/>\n\u00cbsht\u00eb nj\u00eb port\u00eb. \u00cbsht\u00eb nj\u00eb ur\u00eb. \u00cbsht\u00eb nj\u00eb mund\u00ebsi p\u00ebr t\u2019i dh\u00ebn\u00eb Jugut t\u00eb Shqip\u00ebris\u00eb at\u00eb lidhje me bot\u00ebn q\u00eb e ka k\u00ebrkuar prej dekadash.<br \/>\nPas 97 vitesh, ndoshta ka ardhur koha q\u00eb \u201cfusha e aeroplanit\u201d t\u00eb mos jet\u00eb m\u00eb vet\u00ebm nj\u00eb kujtim i s\u00eb kaluar\u00ebs, por nj\u00eb premtim p\u00ebr t\u00eb ardhmen.<br \/>\nMe k\u00ebt\u00eb rast, do t\u00eb doja ta p\u00ebrs\u00ebrisja edhe nj\u00eb her\u00eb vler\u00ebsimin tim: n\u00ebse lajmi p\u00ebr rind\u00ebrtimin e Aeroportit t\u00eb Gjirokastr\u00ebs \u00ebsht\u00eb real, ai do t\u00eb ishte nj\u00eb lajm i madh p\u00ebr qytetin dhe p\u00ebr gjith\u00eb Jugun.<br \/>\nPor, n\u00ebse do t\u00eb jet\u00eb vet\u00ebm nj\u00eb tjet\u00ebr premtim q\u00eb harrohet sapo t\u00eb mbaroj\u00eb truku politik i rradh\u00ebs, at\u00ebher\u00eb Gjirokastra do t\u00eb ket\u00eb humbur edhe nj\u00eb her\u00eb nj\u00eb mund\u00ebsi q\u00eb e meriton prej koh\u00ebsh.<\/p>\n<p><img decoding=\"async\" src=\"https:\/\/scontent.ftia9-1.fna.fbcdn.net\/v\/t39.30808-6\/788562779_2338495060294257_8970499156809644588_n.jpg?stp=dst-jpg_tt6&amp;cstp=mx885x569&amp;ctp=s885x569&amp;_nc_cat=105&amp;ccb=1-7&amp;_nc_sid=833d8c&amp;_nc_ohc=1Y8bhOHYnIsQ7kNvwGwcWng&amp;_nc_oc=AdqF-L_RngDlu3NGcu-7TJbdDuv99OGeUIqMkO6FxuRD8oAv5N4ghjY0YmCRFFB2zNE&amp;_nc_zt=23&amp;_nc_ht=scontent.ftia9-1.fna&amp;_nc_gid=TcTmfHMvfuIoOK9ipiWXVw&amp;_nc_ss=7f2a8&amp;oh=00_AQLF_rdGkmcIPJUjzQFr9yZILIUJGErc94nYoTn0gI1KWg&amp;oe=6A9C6BBB\" alt=\"Mund t\u00eb jet\u00eb nj\u00eb imazh i helikopter\" \/><\/p>\n<p><img decoding=\"async\" src=\"https:\/\/scontent.ftia9-1.fna.fbcdn.net\/v\/t39.30808-6\/789325553_2338495146960915_8806347606309344286_n.jpg?stp=dst-jpg_tt6&amp;cstp=mx874x568&amp;ctp=s874x568&amp;_nc_cat=103&amp;ccb=1-7&amp;_nc_sid=833d8c&amp;_nc_ohc=hbEReT6ydYoQ7kNvwFS-4NX&amp;_nc_oc=AdoGPwap6e-D5hN-m-O4Cj5k-YS-4JExtmQYEXU-4brq6lhCZn8dfiOsWAX9THfGwVE&amp;_nc_zt=23&amp;_nc_ht=scontent.ftia9-1.fna&amp;_nc_gid=lgu_Q2CdasPPfxtppFLSuA&amp;_nc_ss=7f2a8&amp;oh=00_AQJCGb-4R9SkWum37rG8B-9LG5heI267pjWKFo5o7-mszg&amp;oe=6A9C76BA\" alt=\"Mund t\u00eb jet\u00eb nj\u00eb imazh i nj\u00eb ose m\u00eb shum\u00eb persona\" \/><\/p>\n<p><img decoding=\"async\" src=\"https:\/\/scontent.ftia9-1.fna.fbcdn.net\/v\/t39.30808-6\/788413611_2338495140294249_4183695342178501855_n.jpg?stp=dst-jpg_tt6&amp;cstp=mx690x438&amp;ctp=s690x438&amp;_nc_cat=106&amp;ccb=1-7&amp;_nc_sid=833d8c&amp;_nc_ohc=1ChhITATzLwQ7kNvwEGw9XC&amp;_nc_oc=AdpghFubavW1d5SNu2Mm7jF5qh2tSJeq6WFIItSlvrIC-grXvxo3Kbik5FHXJeqDJ5E&amp;_nc_zt=23&amp;_nc_ht=scontent.ftia9-1.fna&amp;_nc_gid=EEez33v2mEX9o2HYf2KEWQ&amp;_nc_ss=7f2a8&amp;oh=00_AQLrHQb0z-4FBUY9L9lQP6btihjVJZk4nsLp5i0GDYYh8w&amp;oe=6A9C867A\" alt=\"P\u00ebrshkrimi i fotografis\u00eb nuk \u00ebsht\u00eb i disponuesh\u00ebm.\" \/><\/p>\n<p><img decoding=\"async\" src=\"https:\/\/scontent.ftia9-1.fna.fbcdn.net\/v\/t39.30808-6\/790880288_2338495053627591_3006973167398673742_n.jpg?stp=dst-jpg_tt6&amp;cstp=mx669x508&amp;ctp=s669x508&amp;_nc_cat=110&amp;ccb=1-7&amp;_nc_sid=833d8c&amp;_nc_ohc=258WGpZgEAMQ7kNvwHET7aH&amp;_nc_oc=AdqUhBo9FzBc4h2PXwCFNtujXkClLryiChpBO_0MbQpgy7g3vqxGWkpOLa-3g-uZX08&amp;_nc_zt=23&amp;_nc_ht=scontent.ftia9-1.fna&amp;_nc_gid=x0Mt47ZtSEDRbDW3YwnetA&amp;_nc_ss=7f2a8&amp;oh=00_AQK1Mv9_KJ5mJ3pbDhhCps2UXGG43zzEht6s1JeVMDfXEg&amp;oe=6A9C8A9A\" alt=\"Mund t\u00eb jet\u00eb nj\u00eb imazh i nj\u00eb ose m\u00eb shum\u00eb persona\" \/><\/p>\n","protected":false},"excerpt":{"rendered":"<p>Nga Ylli ASLLANI 97 vjet nga \u00e7elja e aktivitetit t\u00eb Aeroportit t\u00eb Gjirokastr\u00ebs, n\u00eb gusht t\u00eb vitit 1929! \u2708\ufe0f Nj\u00eb kujtes\u00eb n\u00eb nderim t\u00eb kontributit dhe mb\u00ebshtetjes s\u00eb miqve t\u00eb mi t\u00eb Forumit p\u00ebr Aeroportin e Gjirokastr\u00ebs. Me k\u00ebt\u00eb rast po ndaj disa foto me personalitete t\u00eb larta q\u00eb kam pasur rastin t\u00eb pres si &hellip;<\/p>\n","protected":false},"author":4,"featured_media":133075,"comment_status":"closed","ping_status":"closed","sticky":false,"template":"","format":"standard","meta":{"footnotes":""},"categories":[37],"tags":[],"class_list":["post-152304","post","type-post","status-publish","format-standard","has-post-thumbnail","","category-politike"],"_links":{"self":[{"href":"https:\/\/rdnews.al\/index.php\/wp-json\/wp\/v2\/posts\/152304","targetHints":{"allow":["GET"]}}],"collection":[{"href":"https:\/\/rdnews.al\/index.php\/wp-json\/wp\/v2\/posts"}],"about":[{"href":"https:\/\/rdnews.al\/index.php\/wp-json\/wp\/v2\/types\/post"}],"author":[{"embeddable":true,"href":"https:\/\/rdnews.al\/index.php\/wp-json\/wp\/v2\/users\/4"}],"replies":[{"embeddable":true,"href":"https:\/\/rdnews.al\/index.php\/wp-json\/wp\/v2\/comments?post=152304"}],"version-history":[{"count":2,"href":"https:\/\/rdnews.al\/index.php\/wp-json\/wp\/v2\/posts\/152304\/revisions"}],"predecessor-version":[{"id":152306,"href":"https:\/\/rdnews.al\/index.php\/wp-json\/wp\/v2\/posts\/152304\/revisions\/152306"}],"wp:featuredmedia":[{"embeddable":true,"href":"https:\/\/rdnews.al\/index.php\/wp-json\/wp\/v2\/media\/133075"}],"wp:attachment":[{"href":"https:\/\/rdnews.al\/index.php\/wp-json\/wp\/v2\/media?parent=152304"}],"wp:term":[{"taxonomy":"category","embeddable":true,"href":"https:\/\/rdnews.al\/index.php\/wp-json\/wp\/v2\/categories?post=152304"},{"taxonomy":"post_tag","embeddable":true,"href":"https:\/\/rdnews.al\/index.php\/wp-json\/wp\/v2\/tags?post=152304"}],"curies":[{"name":"wp","href":"https:\/\/api.w.org\/{rel}","templated":true}]}}