{"id":152311,"date":"2026-09-01T11:35:23","date_gmt":"2026-09-01T11:35:23","guid":{"rendered":"https:\/\/rdnews.al\/?p=152311"},"modified":"2026-09-01T11:37:05","modified_gmt":"2026-09-01T11:37:05","slug":"krim-shteteror-puken-e-dogjen-per-te-ndertuar-parqe-eolike-dokumenti","status":"publish","type":"post","link":"https:\/\/rdnews.al\/index.php\/2026\/09\/01\/krim-shteteror-puken-e-dogjen-per-te-ndertuar-parqe-eolike-dokumenti\/","title":{"rendered":"Krim shtet\u00ebror\/ Puk\u00ebn e dogj\u00ebn p\u00ebr t\u00eb nd\u00ebrtuar parqe eolike, dokumenti"},"content":{"rendered":"<p>Pak dit\u00eb pasi zjarret masive p\u00ebrfshin\u00eb pyjet e mbrojtura t\u00eb Puk\u00ebs, m\u00ebsohet se bashkia e qytetit, ka njoftuar hapjen e konsultimeve publike, p\u00ebr P\u00ebrdorimin e Fondit Pyjor p\u00ebr Instalimin e Turbinave Eolike.<\/p>\n<p>Konsultimet publike p\u00ebr at\u00eb q\u00eb bashkia e cil\u00ebson ekonomi pyjore, b\u00ebhen pik\u00ebrisht p\u00ebr zonat e p\u00ebrfshira nga zjarret si: \u201cT\u00ebrbun\u201d, \u201cLivadh-Ham\u00ebz\u201d, \u201cKuzhnen\u201d, \u201cGojan-Shkoz\u00eb\u201d dhe \u201cGomsiqe\u201d.<\/p>\n<p>Nga uebsajti zyrtar i bashkis\u00eb, rezulton se njoftimi \u00ebsht\u00eb publikuar n\u00eb dat\u00ebn 20 gusht, koh\u00eb kur banor\u00ebt dhe zjarrfik\u00ebset ishin n\u00eb luft\u00eb me flak\u00ebt. Datat e publikuara p\u00ebr mbajtjen e konsultimeve jan\u00eb 9-10 shtator, por banor\u00ebt e zonave t\u00eb prekura nga zjarret dhe nisma, kan\u00eb shprehur indinjat\u00ebn e tyre, duke e lidhur r\u00ebnien e zjarreve, me projektet e zhvillimit.<\/p>\n<p><img decoding=\"async\" src=\"https:\/\/cdnimpuls.com\/kapitali.al\/media3\/-900-0-1788093072xpuka-508.png\" alt=\"Puk\u00ebn e dogj\u00ebn p\u00ebr t\u00eb nd\u00ebrtuar parqe eolike\" width=\"100%\" data-size=\"x\" data-id=\"41313\" \/><\/p>\n<p>\u201cMe sa duket, kjo qenka arsyeja q\u00eb malet tona u dogj\u00ebn. Ne rrezikuam jet\u00ebt tona dhe t\u00eb foshnjave n\u00eb djep q\u00eb t\u00eb mos p\u00ebrhapeshin zjarret, por n\u00ebse kjo \u00ebsht\u00eb arsyeja, ju b\u00ebj thirrje banor\u00ebve t\u00eb nj\u00ebsis\u00eb administrative Gjegjan duhet t\u00eb kund\u00ebrshtojn\u00eb masivisht k\u00ebt\u00eb projekt\u201d, thot\u00eb nj\u00eb prej banor\u00ebve.<\/p>\n<p>P\u00ebr pothuaj 10 dit\u00eb, zjarret p\u00ebrfshin\u00eb T\u00ebrbunin, Kuzhnenin, Gojanin e Madh e t\u00eb Vog\u00ebl dhe Gjegjanin, duke shkrumbuar 10-tra hektar\u00eb pyje e duke rrezikuar edhe banesat.<\/p>\n<p>N\u00eb fillim, banor\u00ebt akuzuan institucionet se nd\u00ebrhyn\u00eb me vones\u00eb, duke i lejuar zjarret t\u00eb dalin jasht\u00eb kontrollit. Por nd\u00ebrsa pyjet p\u00ebrpiheshin nga flak\u00ebt, p\u00ebr t\u00eb nj\u00ebjtat zona, bashkia e Puk\u00ebs kishte hapur thirrje p\u00ebr konsultime publike p\u00ebr instalime Turbinash Eolike.<\/p>\n<p>Por \u00e7far\u00eb jan\u00eb k\u00ebto turbina dhe si ndikojn\u00eb n\u00eb mjedis? Nj\u00eb turbin\u00eb me er\u00eb \u00ebsht\u00eb nj\u00eb pajisje mekanike q\u00eb shnd\u00ebrron energjin\u00eb e er\u00ebs n\u00eb energji elektrike. Parqet eolike, kontribuojn\u00eb n\u00eb gjenerimin e energjis\u00eb s\u00eb rinovueshme, zvog\u00eblojn\u00eb gjurm\u00ebt e karbonit dhe ofrojn\u00eb pavar\u00ebsi energjetike, megjithat\u00eb, ato e p\u00ebrballin shoq\u00ebrin\u00eb dhe rajonet ku instalohen, me sfida t\u00eb tilla si p\u00ebrdorimi i tok\u00ebs dhe ndikimi n\u00eb jet\u00ebn e eg\u00ebr.<\/p>\n<p>Parqet eolike kund\u00ebrshtohen p\u00ebr shkak se mund t\u00eb d\u00ebmtojn\u00eb zonat e mbrojtura dhe vendet e trash\u00ebgimis\u00eb. Bashkia e Puk\u00ebs, njofton se vendosja e stacioneve dhe bazamenteve p\u00ebr instalimin e turbinave eolike, ka q\u00ebllim prodhimin e energjis\u00eb elektrike dhe kjo b\u00ebhet, pasi n\u00eb zon\u00ebn p\u00ebr t\u00eb cil\u00ebn flitet, jan\u00eb nd\u00ebrtuar nj\u00eb s\u00ebr\u00eb hidrocentralesh q\u00eb kan\u00eb mbledhur burimet ujore duke shkaktuar that\u00ebsir\u00eb p\u00ebr banor\u00ebt.\/ Kapitali<\/p>\n","protected":false},"excerpt":{"rendered":"<p>Pak dit\u00eb pasi zjarret masive p\u00ebrfshin\u00eb pyjet e mbrojtura t\u00eb Puk\u00ebs, m\u00ebsohet se bashkia e qytetit, ka njoftuar hapjen e konsultimeve publike, p\u00ebr P\u00ebrdorimin e Fondit Pyjor p\u00ebr Instalimin e Turbinave Eolike. Konsultimet publike p\u00ebr at\u00eb q\u00eb bashkia e cil\u00ebson ekonomi pyjore, b\u00ebhen pik\u00ebrisht p\u00ebr zonat e p\u00ebrfshira nga zjarret si: \u201cT\u00ebrbun\u201d, \u201cLivadh-Ham\u00ebz\u201d, \u201cKuzhnen\u201d, \u201cGojan-Shkoz\u00eb\u201d &hellip;<\/p>\n","protected":false},"author":3,"featured_media":152312,"comment_status":"closed","ping_status":"closed","sticky":false,"template":"","format":"standard","meta":{"footnotes":""},"categories":[46],"tags":[],"class_list":["post-152311","post","type-post","status-publish","format-standard","has-post-thumbnail","","category-ekonomi"],"_links":{"self":[{"href":"https:\/\/rdnews.al\/index.php\/wp-json\/wp\/v2\/posts\/152311","targetHints":{"allow":["GET"]}}],"collection":[{"href":"https:\/\/rdnews.al\/index.php\/wp-json\/wp\/v2\/posts"}],"about":[{"href":"https:\/\/rdnews.al\/index.php\/wp-json\/wp\/v2\/types\/post"}],"author":[{"embeddable":true,"href":"https:\/\/rdnews.al\/index.php\/wp-json\/wp\/v2\/users\/3"}],"replies":[{"embeddable":true,"href":"https:\/\/rdnews.al\/index.php\/wp-json\/wp\/v2\/comments?post=152311"}],"version-history":[{"count":2,"href":"https:\/\/rdnews.al\/index.php\/wp-json\/wp\/v2\/posts\/152311\/revisions"}],"predecessor-version":[{"id":152314,"href":"https:\/\/rdnews.al\/index.php\/wp-json\/wp\/v2\/posts\/152311\/revisions\/152314"}],"wp:featuredmedia":[{"embeddable":true,"href":"https:\/\/rdnews.al\/index.php\/wp-json\/wp\/v2\/media\/152312"}],"wp:attachment":[{"href":"https:\/\/rdnews.al\/index.php\/wp-json\/wp\/v2\/media?parent=152311"}],"wp:term":[{"taxonomy":"category","embeddable":true,"href":"https:\/\/rdnews.al\/index.php\/wp-json\/wp\/v2\/categories?post=152311"},{"taxonomy":"post_tag","embeddable":true,"href":"https:\/\/rdnews.al\/index.php\/wp-json\/wp\/v2\/tags?post=152311"}],"curies":[{"name":"wp","href":"https:\/\/api.w.org\/{rel}","templated":true}]}}