{"id":152315,"date":"2026-09-01T11:46:51","date_gmt":"2026-09-01T11:46:51","guid":{"rendered":"https:\/\/rdnews.al\/?p=152315"},"modified":"2026-09-01T11:46:51","modified_gmt":"2026-09-01T11:46:51","slug":"veliaj-shkarkoi-ristanin-avokati-nje-ngjarje-tipike-mafioze","status":"publish","type":"post","link":"https:\/\/rdnews.al\/index.php\/2026\/09\/01\/veliaj-shkarkoi-ristanin-avokati-nje-ngjarje-tipike-mafioze\/","title":{"rendered":"Veliaj shkarkoi Ristanin\/ Avokati: Nj\u00eb ngjarje tipike mafioze!"},"content":{"rendered":"<p>Avokati i njohur, Genc Gjokutaj ka reaguar me nj\u00eb postim n\u00eb faqen e tij n\u00eb Facebook pas letr\u00ebs s\u00eb Erjon Veliajt q\u00eb shkarkonte Ristanin nga drejtimi i Bashkis\u00eb Tiran\u00eb.<\/p>\n<p>Gjokutaj shkruan se, kjo ngjarje tipike mafioze provon kat\u00ebrcip\u00ebrisht dhe paralajm\u00ebron lirimin e gjith\u00eb t\u00eb arrestuarve p\u00ebr korrupsion t\u00eb cil\u00ebve Rama ju ka borxh 4 mandatet e qeverisjes s\u00eb tij!<\/p>\n<p><strong>Postimi<\/strong><\/p>\n<p>T\u00eb nderuar Miq!<\/p>\n<p>Nuk ka b\u00ebr\u00eb vaki n\u00eb bot\u00eb q\u00eb nj\u00eb i burgosur p\u00ebr korrupsion me nj\u00eb mandat t\u00eb rikthyer nga nj\u00eb Gjykat\u00eb Kushtetuese e korruptuar moralisht dhe e kapur politikisht pas 1 viti e gjys\u00ebm n\u00eb burg kujtohet q\u00eb na qenka Kryetar i Bashkis\u00eb Tiran\u00eb dhe t\u00ebrheq delegimin e Kryetares s\u00eb komanduar duke e l\u00ebn\u00eb Kryeqytetin pa Bashki q\u00eb do t\u00eb thot\u00eb nj\u00eb qytet n\u00eb koma!<\/p>\n<p>Por ky dekapitim i Tiran\u00ebs nuk ka ndodhur as n\u00eb respekt t\u00eb Ligjit dhe as nga padija!<\/p>\n<p>Kjo ngjarje tipike mafioze provon kat\u00ebrcip\u00ebrisht dhe paralajm\u00ebron lirimin e gjith\u00eb t\u00eb arrestuarve p\u00ebr korrupsion t\u00eb cil\u00ebve Rama ju ka borxh 4 mandatet e qeverisjes s\u00eb tij!<\/p>\n<p>L\u00ebnia e Bashkis\u00eb Tiran\u00eb pa drejtues i hap rrug\u00eb propagand\u00ebs Gebelsiane t\u00eb Ram\u00ebs q\u00eb lirimi i Erion Veliajt \u00ebsht\u00eb emergjenc\u00eb pasi Bashkia ka mbetur pa Kryetar!<\/p>\n<p>Nd\u00ebrkoh\u00eb t\u00eb gjith\u00eb e kujtojm\u00eb momentin e arrestimit t\u00eb Veliajt kur Rama pa pritur as verifikimin e ekzekutimit t\u00eb vendimit t\u00eb mas\u00ebs s\u00eb sigurimit \u201carrest n\u00eb burg\u201d nga GjKKO vajti n\u00eb Bashki dhe mori \u201c\u00e7el\u00ebsat\u201d dhe \u201cdrejtimin\u201d e saj!<\/p>\n<p>Imagjinoni q\u00eb projekti \u00ebsht\u00eb q\u00eb Erion Veliajn ta kemi p\u00ebrs\u00ebri n\u00eb zyr\u00eb!<\/p>\n<p>Bashk\u00eb me t\u00eb edhe drejtor\u00ebt e liruar t\u00eb 5D!<\/p>\n<p>Ky \u00ebsht\u00eb rrethi vicioz dhe mafioz i Ram\u00ebs dhe shok\u00ebve t\u00eb tij burgaxhinj t\u00eb cil\u00ebt Revolucioni Pacifist i flamingove jo vet\u00ebm q\u00eb nuk i largoi nga pushteti por i forcoi aq shum\u00eb sa q\u00eb po lirojn\u00eb edhe shok\u00ebt bashk\u00ebpun\u00ebtor\u00eb nga burgu! G<\/p>\n","protected":false},"excerpt":{"rendered":"<p>Avokati i njohur, Genc Gjokutaj ka reaguar me nj\u00eb postim n\u00eb faqen e tij n\u00eb Facebook pas letr\u00ebs s\u00eb Erjon Veliajt q\u00eb shkarkonte Ristanin nga drejtimi i Bashkis\u00eb Tiran\u00eb. Gjokutaj shkruan se, kjo ngjarje tipike mafioze provon kat\u00ebrcip\u00ebrisht dhe paralajm\u00ebron lirimin e gjith\u00eb t\u00eb arrestuarve p\u00ebr korrupsion t\u00eb cil\u00ebve Rama ju ka borxh 4 mandatet &hellip;<\/p>\n","protected":false},"author":4,"featured_media":152240,"comment_status":"closed","ping_status":"closed","sticky":false,"template":"","format":"standard","meta":{"footnotes":""},"categories":[37],"tags":[],"class_list":["post-152315","post","type-post","status-publish","format-standard","has-post-thumbnail","","category-politike"],"_links":{"self":[{"href":"https:\/\/rdnews.al\/index.php\/wp-json\/wp\/v2\/posts\/152315","targetHints":{"allow":["GET"]}}],"collection":[{"href":"https:\/\/rdnews.al\/index.php\/wp-json\/wp\/v2\/posts"}],"about":[{"href":"https:\/\/rdnews.al\/index.php\/wp-json\/wp\/v2\/types\/post"}],"author":[{"embeddable":true,"href":"https:\/\/rdnews.al\/index.php\/wp-json\/wp\/v2\/users\/4"}],"replies":[{"embeddable":true,"href":"https:\/\/rdnews.al\/index.php\/wp-json\/wp\/v2\/comments?post=152315"}],"version-history":[{"count":1,"href":"https:\/\/rdnews.al\/index.php\/wp-json\/wp\/v2\/posts\/152315\/revisions"}],"predecessor-version":[{"id":152316,"href":"https:\/\/rdnews.al\/index.php\/wp-json\/wp\/v2\/posts\/152315\/revisions\/152316"}],"wp:featuredmedia":[{"embeddable":true,"href":"https:\/\/rdnews.al\/index.php\/wp-json\/wp\/v2\/media\/152240"}],"wp:attachment":[{"href":"https:\/\/rdnews.al\/index.php\/wp-json\/wp\/v2\/media?parent=152315"}],"wp:term":[{"taxonomy":"category","embeddable":true,"href":"https:\/\/rdnews.al\/index.php\/wp-json\/wp\/v2\/categories?post=152315"},{"taxonomy":"post_tag","embeddable":true,"href":"https:\/\/rdnews.al\/index.php\/wp-json\/wp\/v2\/tags?post=152315"}],"curies":[{"name":"wp","href":"https:\/\/api.w.org\/{rel}","templated":true}]}}