{"id":152317,"date":"2026-09-01T11:52:23","date_gmt":"2026-09-01T11:52:23","guid":{"rendered":"https:\/\/rdnews.al\/?p=152317"},"modified":"2026-09-01T11:52:39","modified_gmt":"2026-09-01T11:52:39","slug":"bardhi-qeveria-po-perpiqet-te-mashtroje-brukselin-me-nje-vkm-mjedisor-ligjin-per-zonat-e-mbrojtura-nuk-e-prek","status":"publish","type":"post","link":"https:\/\/rdnews.al\/index.php\/2026\/09\/01\/bardhi-qeveria-po-perpiqet-te-mashtroje-brukselin-me-nje-vkm-mjedisor-ligjin-per-zonat-e-mbrojtura-nuk-e-prek\/","title":{"rendered":"Bardhi: Qeveria po p\u00ebrpiqet t\u00eb mashtroj\u00eb Brukselin me nj\u00eb VKM mjedisor, ligjin p\u00ebr zonat e mbrojtura nuk e prek"},"content":{"rendered":"<p><strong>Nga Gazment BARDHI<\/strong><\/p>\n<p>Qeveria po p\u00ebrpiqet t\u00eb mashtroj\u00eb Brukselin me nj\u00eb VKM mjedisor, nd\u00ebrsa ndryshimet fam\u00ebkeqe n\u00eb ligjin 21\/2024, q\u00eb hapi zonat e mbrojtura p\u00ebr nd\u00ebrtime, nuk i prek.<br \/>\nQeveria po p\u00ebrpiqet t\u00eb mashtroj\u00eb Brukselin me nj\u00eb VKM mjedisor, nd\u00ebrsa ndryshimet fam\u00ebkeqe n\u00eb ligjin 21\/2024, q\u00eb hapi zonat e mbrojtura p\u00ebr nd\u00ebrtime, nuk i prek.<br \/>\nProjekt VKM-ja, e nxjerr\u00eb s\u00eb fundmi p\u00ebr konsultim, p\u00ebrcakton vet\u00ebm se si duhet t\u00eb b\u00ebhet vler\u00ebsimi mjedisor kur nj\u00eb projekt nd\u00ebrtimi mund t\u00eb ndikoj\u00eb nj\u00eb zon\u00eb q\u00eb g\u00ebzon mbrojtje. Ky mund t\u00eb jet\u00eb nj\u00eb filt\u00ebr shtes\u00eb, por nuk mund t\u2019i shitet Bashkimit Europian si adresim i shqet\u00ebsimit, nd\u00ebrkoh\u00eb q\u00eb ligji q\u00eb krijoi problemin mbetet i paprekur.<br \/>\nN\u00eb rezolut\u00ebn e Parlamentit Europian thuhet shprehimisht se \u201cParlamenti Europian shpreh shqet\u00ebsim serioz p\u00ebr ndryshimet n\u00eb Ligjin p\u00ebr Zonat e Mbrojtura, t\u00eb cilat lejojn\u00eb projekte t\u00eb m\u00ebdha infrastrukturore dhe turistike n\u00eb zona ekologjikisht t\u00eb ndjeshme dhe k\u00ebrkon q\u00eb k\u00ebto ndryshime ligjore t\u00eb zhb\u00ebhen\u201d.<br \/>\nPartia Demokratike e ka depozituar n\u00eb Kuvend nism\u00ebn p\u00ebr shfuqizimin e ndryshimeve t\u00eb vitit 2024 n\u00eb ligjin p\u00ebr zonat e mbrojtura. Kjo \u00ebsht\u00eb edhe nj\u00eb nga k\u00ebrkesat e qytetar\u00ebve q\u00eb kan\u00eb protestuar p\u00ebr mbrojtjen e k\u00ebtyre territoreve, por q\u00eb vazhdon t\u00eb injorohet nga kryeministri i betonit dhe i parave t\u00eb pista.<br \/>\nQeveria ka dy rrug\u00eb:<br \/>\nOse t\u00eb d\u00ebgjoj\u00eb shqiptar\u00ebt dhe Brukselin, duke rikthyer ligjin p\u00ebr zonat e mbrojtura n\u00eb standardet q\u00eb k\u00ebrkon an\u00ebtar\u00ebsimi i Shqip\u00ebris\u00eb n\u00eb Bashkimin Europian.<br \/>\nOse rruga tjet\u00ebr \u00ebsht\u00eb ta \u00e7oj\u00eb ligjin n\u00eb referendum dhe t\u2019i l\u00ebr\u00eb shqiptar\u00ebt t\u00eb vendosin.<br \/>\nT\u00eb mos ket\u00eb frik\u00eb nga vota.<br \/>\nKryeministra gjejm\u00eb plot. Shqip\u00ebri kemi vet\u00ebm nj\u00eb.<\/p>\n<p><img decoding=\"async\" src=\"https:\/\/scontent.ftia9-1.fna.fbcdn.net\/v\/t39.30808-6\/790662919_1506483751498449_9136628799483493441_n.jpg?stp=dst-jpg_tt6&amp;cstp=mx1600x1066&amp;ctp=s1600x1066&amp;_nc_cat=104&amp;ccb=1-7&amp;_nc_sid=833d8c&amp;_nc_ohc=Fp9i6V8ZbeAQ7kNvwGFkFQN&amp;_nc_oc=AdqR-1lACWLqOeROKr8tEwMCOGpouHAQ130j7Q_-yGC9lkSLjGAoQbKxv9IiOQ2hqKk&amp;_nc_zt=23&amp;_nc_ht=scontent.ftia9-1.fna&amp;_nc_gid=4o8NGIEoNgsdtSwCWNLIDA&amp;_nc_ss=7f2a8&amp;oh=00_AQJIw_tCR3c6RvrY7m5vUABuYKr641KH7_61jBHhvpbugA&amp;oe=6A9C7F77\" alt=\"Mund t\u00eb jet\u00eb nj\u00eb imazh i nj\u00eb ose m\u00eb shum\u00eb persona dhe teksti q\u00eb thot\u00eb &quot;RAMA JEPE DORHEQJEN! Isa Myzyra&quot;\" \/><\/p>\n<p><img decoding=\"async\" src=\"https:\/\/scontent.ftia9-1.fna.fbcdn.net\/v\/t39.30808-6\/791074271_1506483754831782_1641608245775110249_n.jpg?stp=dst-jpg_tt6&amp;cstp=mx1600x1066&amp;ctp=s1600x1066&amp;_nc_cat=111&amp;ccb=1-7&amp;_nc_sid=833d8c&amp;_nc_ohc=xVX3ONVTEb8Q7kNvwGGwhbg&amp;_nc_oc=AdrMc3dpPPiC4EjJG1ubkvDImZZAa55JPJnYld3uJb8tac3nvSDDmueLATLjjWlGwsY&amp;_nc_zt=23&amp;_nc_ht=scontent.ftia9-1.fna&amp;_nc_gid=izEBs2VXGCYg_alUEkG86A&amp;_nc_ss=7f2a8&amp;oh=00_AQIe--wYY7WYTLRyFBZNvvrxkDP2ezAQpfkocgMvjLFxlw&amp;oe=6A9C9256\" alt=\"Mund t\u00eb jet\u00eb nj\u00eb imazh i \u200enj\u00eb ose m\u00eb shum\u00eb persona, flamingo, turm\u00eb, rrug\u00eb dhe \u200eteksti q\u00eb thot\u00eb &quot;\u200e\u0643 \u0633 \u00a9 Isa Myzyraj\u200e&quot;\u200e\u200e\" \/><\/p>\n","protected":false},"excerpt":{"rendered":"<p>Nga Gazment BARDHI Qeveria po p\u00ebrpiqet t\u00eb mashtroj\u00eb Brukselin me nj\u00eb VKM mjedisor, nd\u00ebrsa ndryshimet fam\u00ebkeqe n\u00eb ligjin 21\/2024, q\u00eb hapi zonat e mbrojtura p\u00ebr nd\u00ebrtime, nuk i prek. Qeveria po p\u00ebrpiqet t\u00eb mashtroj\u00eb Brukselin me nj\u00eb VKM mjedisor, nd\u00ebrsa ndryshimet fam\u00ebkeqe n\u00eb ligjin 21\/2024, q\u00eb hapi zonat e mbrojtura p\u00ebr nd\u00ebrtime, nuk i prek. &hellip;<\/p>\n","protected":false},"author":4,"featured_media":152318,"comment_status":"closed","ping_status":"closed","sticky":false,"template":"","format":"standard","meta":{"footnotes":""},"categories":[37],"tags":[],"class_list":["post-152317","post","type-post","status-publish","format-standard","has-post-thumbnail","","category-politike"],"_links":{"self":[{"href":"https:\/\/rdnews.al\/index.php\/wp-json\/wp\/v2\/posts\/152317","targetHints":{"allow":["GET"]}}],"collection":[{"href":"https:\/\/rdnews.al\/index.php\/wp-json\/wp\/v2\/posts"}],"about":[{"href":"https:\/\/rdnews.al\/index.php\/wp-json\/wp\/v2\/types\/post"}],"author":[{"embeddable":true,"href":"https:\/\/rdnews.al\/index.php\/wp-json\/wp\/v2\/users\/4"}],"replies":[{"embeddable":true,"href":"https:\/\/rdnews.al\/index.php\/wp-json\/wp\/v2\/comments?post=152317"}],"version-history":[{"count":2,"href":"https:\/\/rdnews.al\/index.php\/wp-json\/wp\/v2\/posts\/152317\/revisions"}],"predecessor-version":[{"id":152320,"href":"https:\/\/rdnews.al\/index.php\/wp-json\/wp\/v2\/posts\/152317\/revisions\/152320"}],"wp:featuredmedia":[{"embeddable":true,"href":"https:\/\/rdnews.al\/index.php\/wp-json\/wp\/v2\/media\/152318"}],"wp:attachment":[{"href":"https:\/\/rdnews.al\/index.php\/wp-json\/wp\/v2\/media?parent=152317"}],"wp:term":[{"taxonomy":"category","embeddable":true,"href":"https:\/\/rdnews.al\/index.php\/wp-json\/wp\/v2\/categories?post=152317"},{"taxonomy":"post_tag","embeddable":true,"href":"https:\/\/rdnews.al\/index.php\/wp-json\/wp\/v2\/tags?post=152317"}],"curies":[{"name":"wp","href":"https:\/\/api.w.org\/{rel}","templated":true}]}}