{"id":152324,"date":"2026-09-01T16:51:17","date_gmt":"2026-09-01T16:51:17","guid":{"rendered":"https:\/\/rdnews.al\/?p=152324"},"modified":"2026-09-01T16:51:17","modified_gmt":"2026-09-01T16:51:17","slug":"alimehmeti-tirana-ne-krize-totale-bashkia-e-paralizuar-nga-rama-veliaj","status":"publish","type":"post","link":"https:\/\/rdnews.al\/index.php\/2026\/09\/01\/alimehmeti-tirana-ne-krize-totale-bashkia-e-paralizuar-nga-rama-veliaj\/","title":{"rendered":"Alimehmeti: Tirana n\u00eb kriz\u00eb totale, Bashkia e paralizuar nga Rama-Veliaj"},"content":{"rendered":"<p>An\u00ebtari i PD n\u00eb K\u00ebshillin Bashkiak, Ilir Alimehmeti ka folur p\u00ebr zhvillimet e fundit, p\u00ebr shkarkimin e Anuela Ristanit dhe marrjen peng t\u00eb Bashkis\u00eb s\u00eb Tiran\u00ebs nga kryebashkiaku i arrestuar Erion Veliaj.<\/p>\n<p>Sipas Alimehmeti p\u00ebr interesat personale t\u00eb Veliajt dhe t\u00eb Ram\u00ebs, sot Bashkia e Tiran\u00ebs \u00ebsht\u00eb n\u00eb ng\u00ebr\u00e7, n\u00eb nj\u00eb kriz\u00eb t\u00eb madhe dhe n\u00eb zerim total.<\/p>\n<p>\u201cKjo \u00ebsht\u00eb nj\u00eb situat\u00eb q\u00eb nuk duhet t\u00eb kishte ndodhur q\u00eb n\u00eb origjin\u00eb p\u00ebr interesa politike, abuzese, ekonomike t\u00eb dy personave q\u00eb jan\u00eb Edi Rama dhe Erion Veliaj \u00ebsht\u00eb futur n\u00eb andrall\u00eb e gjith\u00eb situata.<\/p>\n<p>Q\u00eb do t\u00eb thot\u00eb p\u00ebr shkak se ka abuzuar nj\u00ebri me Tiran\u00ebn, me fondet e Tiran\u00ebs por q\u00eb nga krahu tjet\u00ebr ka ndihmuar politiksht dhe Ram\u00ebn por q\u00eb dhe m\u00eb fonde me sa kujtoj un\u00eb ato incenerator\u00ebt me VKM b\u00ebhen e ngrejn\u00eb kok\u00ebn lart, p\u00ebr ato q\u00eb \u00ebsht\u00eb n\u00eb burg sot Veliajn nuk jan\u00eb \u00e7\u00ebshtje q\u00eb shkojn\u00eb tek Edi Rama.<\/p>\n<p>P\u00ebr k\u00ebto allishverish\u00ebt e k\u00ebtyre dy personave sot ne kemi kriz\u00ebn e madhe t\u00eb cil\u00ebn nuk e parashikon dot as legjilsacioni se \u00e7far\u00eb ndodh me nj\u00eb kryetar bashkie n\u00eb burg.<\/p>\n<p>Bashkia Tiran\u00eb sot p\u00ebr interesa t\u00eb dy personave \u00ebsht\u00eb futur n\u00eb ng\u00ebr\u00e7 dhe gjith\u00eb ne.<\/p>\n<p>Bashkia \u00ebsht\u00eb komplet n\u00eb zerim. Po t\u00eb shohim shpenzimet aka kryer vet\u00ebm 15 % p\u00ebr 7 muaj. Nd\u00ebrkoh\u00eb q\u00eb ne paguajm\u00eb taksa\u201d,\u00a0deklaroi Alimehmeti n\u00eb Syri tv.<\/p>\n","protected":false},"excerpt":{"rendered":"<p>An\u00ebtari i PD n\u00eb K\u00ebshillin Bashkiak, Ilir Alimehmeti ka folur p\u00ebr zhvillimet e fundit, p\u00ebr shkarkimin e Anuela Ristanit dhe marrjen peng t\u00eb Bashkis\u00eb s\u00eb Tiran\u00ebs nga kryebashkiaku i arrestuar Erion Veliaj. Sipas Alimehmeti p\u00ebr interesat personale t\u00eb Veliajt dhe t\u00eb Ram\u00ebs, sot Bashkia e Tiran\u00ebs \u00ebsht\u00eb n\u00eb ng\u00ebr\u00e7, n\u00eb nj\u00eb kriz\u00eb t\u00eb madhe dhe &hellip;<\/p>\n","protected":false},"author":4,"featured_media":83456,"comment_status":"closed","ping_status":"closed","sticky":false,"template":"","format":"standard","meta":{"footnotes":""},"categories":[37],"tags":[],"class_list":["post-152324","post","type-post","status-publish","format-standard","has-post-thumbnail","","category-politike"],"_links":{"self":[{"href":"https:\/\/rdnews.al\/index.php\/wp-json\/wp\/v2\/posts\/152324","targetHints":{"allow":["GET"]}}],"collection":[{"href":"https:\/\/rdnews.al\/index.php\/wp-json\/wp\/v2\/posts"}],"about":[{"href":"https:\/\/rdnews.al\/index.php\/wp-json\/wp\/v2\/types\/post"}],"author":[{"embeddable":true,"href":"https:\/\/rdnews.al\/index.php\/wp-json\/wp\/v2\/users\/4"}],"replies":[{"embeddable":true,"href":"https:\/\/rdnews.al\/index.php\/wp-json\/wp\/v2\/comments?post=152324"}],"version-history":[{"count":1,"href":"https:\/\/rdnews.al\/index.php\/wp-json\/wp\/v2\/posts\/152324\/revisions"}],"predecessor-version":[{"id":152325,"href":"https:\/\/rdnews.al\/index.php\/wp-json\/wp\/v2\/posts\/152324\/revisions\/152325"}],"wp:featuredmedia":[{"embeddable":true,"href":"https:\/\/rdnews.al\/index.php\/wp-json\/wp\/v2\/media\/83456"}],"wp:attachment":[{"href":"https:\/\/rdnews.al\/index.php\/wp-json\/wp\/v2\/media?parent=152324"}],"wp:term":[{"taxonomy":"category","embeddable":true,"href":"https:\/\/rdnews.al\/index.php\/wp-json\/wp\/v2\/categories?post=152324"},{"taxonomy":"post_tag","embeddable":true,"href":"https:\/\/rdnews.al\/index.php\/wp-json\/wp\/v2\/tags?post=152324"}],"curies":[{"name":"wp","href":"https:\/\/api.w.org\/{rel}","templated":true}]}}