{"id":152328,"date":"2026-09-01T16:59:09","date_gmt":"2026-09-01T16:59:09","guid":{"rendered":"https:\/\/rdnews.al\/?p=152328"},"modified":"2026-09-01T16:59:09","modified_gmt":"2026-09-01T16:59:09","slug":"lubonja-arrestimi-ngre-pikepyetje-padrino-eshte-rama-agasi-thjesht-koordinator","status":"publish","type":"post","link":"https:\/\/rdnews.al\/index.php\/2026\/09\/01\/lubonja-arrestimi-ngre-pikepyetje-padrino-eshte-rama-agasi-thjesht-koordinator\/","title":{"rendered":"Lubonja: Arrestimi ngre pik\u00ebpyetje! Padrino \u00ebsht\u00eb Rama, Agasi thjesht koordinator!"},"content":{"rendered":"<p>Analisti Fatos Lubonja ka komentuar arrestimin e Agasit, duke shprehur dyshime mbi koh\u00ebn dhe rrethanat n\u00eb t\u00eb cilat u krye aksioni policor.<\/p>\n<p>Sipas tij, arrestimi ngre pik\u00ebpyetje mbi m\u00ebnyr\u00ebn se si funksionon shteti ligjor n\u00eb Shqip\u00ebri dhe n\u00ebse pas k\u00ebtij zhvillimi fshihen p\u00ebrplasje apo ndryshime brenda strukturave t\u00eb policis\u00eb.<\/p>\n<p>\u201cArrestimin e Agasit e pash\u00eb me m\u00ebdyshje. N\u00eb kuptimin q\u00eb ngre pyetjet: po pse ishte n\u00eb arrati gjer tani, pse u arrestua tani? Nuk e kishin lokalizuar dot apo ka ndryshuar di\u00e7ka? \u00c7far\u00eb ka ndryshuar?\u201d,\u00a0u shpreh Lubonja n\u00eb News 24.<\/p>\n<p>Analisti solli n\u00eb v\u00ebmendje edhe pretendimet se pas ndryshimeve n\u00eb drejtimin e policis\u00eb mund t\u00eb ket\u00eb pasur nj\u00eb pastrim t\u00eb strukturave nga persona t\u00eb lidhur me Agasin.<\/p>\n<p>\u201cDisa thon\u00eb se ka ardhur drejtues i ri policie q\u00eb ka pastruar policin\u00eb nga njer\u00ebzit e Agasit. Sh\u00ebrben edhe si nj\u00eb lloj qet\u00ebsuesi p\u00ebr opinionin publik, nd\u00ebrsa nuk b\u00ebhet ndonj\u00eb gj\u00eb e madhe. A \u00ebsht\u00eb b\u00ebr\u00eb me marr\u00ebveshje apo jo, apo ka sherr brenda fraksioneve aty? Jemi n\u00eb nj\u00eb vend ku nuk besojm\u00eb te shteti ligjor\u201d,\u00a0deklaroi ai.<\/p>\n<p>Lubonja u ndal m\u00eb tej te roli q\u00eb, sipas tij, Agasi kishte n\u00eb nj\u00eb skem\u00eb m\u00eb t\u00eb gjer\u00eb, duke e cil\u00ebsuar at\u00eb si nj\u00eb koordinator mes krimit t\u00eb organizuar dhe strukturave t\u00eb pushtetit, nd\u00ebrsa, sipas tij, padrion \u00ebsht\u00eb vet\u00eb Edi Rama.<\/p>\n<p>\u201cAgasi nuk \u00ebsht\u00eb vet\u00ebm aty, \u00ebsht\u00eb futur n\u00eb at\u00eb loj\u00eb dhe ai nuk mund t\u00eb b\u00ebhej ai q\u00eb u b\u00eb pa sistemin q\u00eb ka ngritur Rama, sepse konsiderohet koordinatori mes krimit t\u00eb organizuar dhe Ram\u00ebs. Ky koordinator \u00ebsht\u00eb. Po padrino \u00ebsht\u00eb Rama\u201d,\u00a0tha Lubonja.<\/p>\n<p>Analisti ngriti gjithashtu pik\u00ebpyetje mbi m\u00ebnyr\u00ebn se si Agasi ka p\u00ebrfituar tender\u00eb dhe mbi pretendime t\u00eb tjera q\u00eb jan\u00eb b\u00ebr\u00eb publike, duke k\u00ebrkuar q\u00eb institucionet e drejt\u00ebsis\u00eb t\u00eb sqarojn\u00eb n\u00ebse ekzistojn\u00eb prova konkrete.<\/p>\n<p>\u201cDel ndonj\u00eb prov\u00eb p\u00ebr k\u00ebt\u00eb? Si i ka marr\u00eb Agasi k\u00ebto tendera, a jan\u00eb t\u00eb v\u00ebrteta ato shishet e ver\u00ebs nga 33 mij\u00eb euro?\u201d,\u00a0u shpreh ai.<\/p>\n<p>N\u00eb vijim, Lubonja kritikoi edhe m\u00ebnyr\u00ebn se si \u00ebsht\u00eb zbatuar reforma n\u00eb drejt\u00ebsi, duke e lidhur situat\u00ebn me dyshimet p\u00ebr korrupsion, lejet e nd\u00ebrtimit dhe pastrimin e parave.<\/p>\n<p>Sipas tij, institucionet e drejt\u00ebsis\u00eb duhet t\u00eb japin p\u00ebrgjigje edhe p\u00ebr \u00e7\u00ebshtje t\u00eb tjera t\u00eb shum\u00ebdiskutuara, p\u00ebrfshir\u00eb \u201cDosjen Aruba\u201d dhe pretendimet p\u00ebr p\u00ebrfshirjen e personave pran\u00eb qeveris\u00eb.<\/p>\n<p>\u201cAty \u00ebsht\u00eb pastrimi i parave, aty \u00ebsht\u00eb dosja Aruba, flitet se ka njer\u00ebz t\u00eb qeveris\u00eb. SPAK do na e thot\u00eb ndonj\u00ebher\u00eb a kishte njer\u00ebz t\u00eb qeveris\u00eb aty apo jo?\u201d,\u00a0p\u00ebrfundoi Fatos Lubonja.<\/p>\n","protected":false},"excerpt":{"rendered":"<p>Analisti Fatos Lubonja ka komentuar arrestimin e Agasit, duke shprehur dyshime mbi koh\u00ebn dhe rrethanat n\u00eb t\u00eb cilat u krye aksioni policor. Sipas tij, arrestimi ngre pik\u00ebpyetje mbi m\u00ebnyr\u00ebn se si funksionon shteti ligjor n\u00eb Shqip\u00ebri dhe n\u00ebse pas k\u00ebtij zhvillimi fshihen p\u00ebrplasje apo ndryshime brenda strukturave t\u00eb policis\u00eb. \u201cArrestimin e Agasit e pash\u00eb me &hellip;<\/p>\n","protected":false},"author":4,"featured_media":114817,"comment_status":"closed","ping_status":"closed","sticky":false,"template":"","format":"standard","meta":{"footnotes":""},"categories":[37],"tags":[],"class_list":["post-152328","post","type-post","status-publish","format-standard","has-post-thumbnail","","category-politike"],"_links":{"self":[{"href":"https:\/\/rdnews.al\/index.php\/wp-json\/wp\/v2\/posts\/152328","targetHints":{"allow":["GET"]}}],"collection":[{"href":"https:\/\/rdnews.al\/index.php\/wp-json\/wp\/v2\/posts"}],"about":[{"href":"https:\/\/rdnews.al\/index.php\/wp-json\/wp\/v2\/types\/post"}],"author":[{"embeddable":true,"href":"https:\/\/rdnews.al\/index.php\/wp-json\/wp\/v2\/users\/4"}],"replies":[{"embeddable":true,"href":"https:\/\/rdnews.al\/index.php\/wp-json\/wp\/v2\/comments?post=152328"}],"version-history":[{"count":1,"href":"https:\/\/rdnews.al\/index.php\/wp-json\/wp\/v2\/posts\/152328\/revisions"}],"predecessor-version":[{"id":152329,"href":"https:\/\/rdnews.al\/index.php\/wp-json\/wp\/v2\/posts\/152328\/revisions\/152329"}],"wp:featuredmedia":[{"embeddable":true,"href":"https:\/\/rdnews.al\/index.php\/wp-json\/wp\/v2\/media\/114817"}],"wp:attachment":[{"href":"https:\/\/rdnews.al\/index.php\/wp-json\/wp\/v2\/media?parent=152328"}],"wp:term":[{"taxonomy":"category","embeddable":true,"href":"https:\/\/rdnews.al\/index.php\/wp-json\/wp\/v2\/categories?post=152328"},{"taxonomy":"post_tag","embeddable":true,"href":"https:\/\/rdnews.al\/index.php\/wp-json\/wp\/v2\/tags?post=152328"}],"curies":[{"name":"wp","href":"https:\/\/api.w.org\/{rel}","templated":true}]}}